{"id":1852,"date":"2021-11-17T06:51:00","date_gmt":"2021-11-17T06:51:00","guid":{"rendered":"http:\/\/defensoriaparana.com.ar\/?p=1852"},"modified":"2022-06-03T06:53:17","modified_gmt":"2022-06-03T06:53:17","slug":"las-defensoras-del-pueblo-participaron-del-lanzamiento-de-un-estudio-fundamental-para-la-ley-de-talles","status":"publish","type":"post","link":"https:\/\/defensoriaparana.com.ar\/index.php\/2021\/11\/17\/las-defensoras-del-pueblo-participaron-del-lanzamiento-de-un-estudio-fundamental-para-la-ley-de-talles\/","title":{"rendered":"Las Defensoras del Pueblo participaron del lanzamiento de un estudio fundamental para la Ley de Talles"},"content":{"rendered":"\n<p><\/p>\n\n\n\n<p>Las Defensoras del Pueblo de la Ciudad de Paran\u00e1, Marcia L\u00f3pez y Cecilia Pautaso (Adjunta), participaron de la presentaci\u00f3n del Primer Estudio Antropom\u00e9trico Argentino, realizado este mi\u00e9rcoles en el Centro Cultural y de Convenciones La Vieja Usina. El relevamiento ser\u00e1 la base para la definici\u00f3n del Sistema \u00danico Normalizado de Identificaci\u00f3n de Talles de Indumentaria (SUNITI), establecido por la Ley Nacional N\u00ba 27.521, que es de aplicaci\u00f3n obligatoria en todo el pa\u00eds en cuanto a la fabricaci\u00f3n, confecci\u00f3n, comercializaci\u00f3n o importaci\u00f3n de indumentaria.<\/p>\n\n\n\n<p>Las Defensoras destacaron la importancia de la actividad en vista de los derechos ciudadanos contemplados por la tem\u00e1tica. En ese sentido mencionaron \u201cla necesidad de que est\u00e9 garantizado el derecho a la accesibilidad, ante situaciones complejas, de exclusi\u00f3n, que sufren muchas personas a la hora de conseguir indumentaria o calzado debido a que no se encuentran determinados talles\u201d. Seguidamente, invitaron a participar de esta instancia, que se realizar\u00e1 hasta el 1 de diciembre y abarca a mayores y ni\u00f1os a partir de los 12 a\u00f1os. \u201cEs importante que se generen este tipo de estudios, a trav\u00e9s del Instituto Nacional de Tecnolog\u00eda Industrial (INTI), para dejar de producir exclusiones\u201d.<\/p>\n\n\n\n<p>De qu\u00e9 se trata<br>La actividad, encarada en forma conjunta entre la Vicegobernaci\u00f3n, el INTI, el Ministerio de Producci\u00f3n de Entre R\u00edos y el Ministerio de Desarrollo Productivo de la Naci\u00f3n, tiene como objetivo relevar durante 15 d\u00edas las medidas corporales de la poblaci\u00f3n a partir de la participaci\u00f3n de personas desde los 12 a\u00f1os en adelante. Seg\u00fan se inform\u00f3 oficialmente, el relevamiento se realiza a trav\u00e9s de un esc\u00e1ner 3D que genera una imagen virtual del cuerpo completo en un lapso de entre 10 y 15 segundos.<\/p>\n\n\n\n<p>La concreci\u00f3n del Estudio Antropom\u00e9trico Argentino, base del Sistema \u00danico Normalizado de Identificaci\u00f3n de Talles de Indumentaria (SUNITI), est\u00e1 a cargo del INTI, organismo que debe realizar esa investigaci\u00f3n cada diez a\u00f1os. Tras la reglamentaci\u00f3n de la Ley N\u00b0 27.521, el INTI reabri\u00f3 la convocatoria a la poblaci\u00f3n para completar el relevamiento de medidas corporales que dar\u00e1 sustento a la Ley de Talles.<\/p>\n\n\n\n<p>Respecto a los criterios de ejecuci\u00f3n del trabajo, el comunicado oficial da cuenta que el estudio se planific\u00f3 por muestreo representativo para los estratos de la poblaci\u00f3n definidos por sexo\/g\u00e9nero, grupo etario y regi\u00f3n del pa\u00eds. Los resultados constituir\u00e1n la Primera Base de Datos Nacional de Medidas Antropom\u00e9tricas y permitir\u00e1 contar con Tablas de Medidas Corporales de los habitantes. De esta forma se podr\u00e1 alcanzar una mejor comprensi\u00f3n acerca de los tama\u00f1os y formas corporales humanas argentinas, consigna la publicaci\u00f3n.<\/p>\n\n\n\n<p>C\u00f3mo se puede participar y d\u00f3nde ir<br>El Estudio Antropom\u00e9trico Argentino estar\u00e1 desarroll\u00e1ndose en La Vieja Usina, lugar ubicado en calle Gregoria Matorras de San Mart\u00edn 861 de Paran\u00e1, de lunes a viernes de 9 a 13 y de 15 a 18, y los s\u00e1bados de 17 a 20.<br>Para participar \u2013seg\u00fan se inform\u00f3-, las personas interesadas pueden acercarse sin turno previo en los d\u00edas y horarios de atenci\u00f3n, o bien sacar turno desde la web del INTI o a trav\u00e9s de la app Mi Argentina.<\/p>\n\n\n\n<p>En el acto estuvieron presentes la vicegobernadora de Entre R\u00edos, Laura Stratta; el presidente del Instituto Nacional de Tecnolog\u00eda Industrial (INTI), Rub\u00e9n Geneyro; integrantes de los ministerios de Salud y de Gobierno, del Observatorio de G\u00e9nero del Senado y otras autoridades nacionales, provinciales, municipales, legislativas, acad\u00e9micas y de organizaciones de la sociedad civil. La presentaci\u00f3n fue seguida por una importante concurrencia de medios de prensa.<\/p>\n","protected":false},"excerpt":{"rendered":"<p>Las Defensoras del Pueblo de la Ciudad de Paran\u00e1, Marcia L\u00f3pez y Cecilia Pautaso (Adjunta), participaron de la presentaci\u00f3n del Primer Estudio Antropom\u00e9trico Argentino, realizado este mi\u00e9rcoles en el Centro Cultural y de Convenciones La Vieja Usina. El relevamiento ser\u00e1 la base para la definici\u00f3n del Sistema \u00danico Normalizado de Identificaci\u00f3n de Talles de Indumentaria [&hellip;]<\/p>\n","protected":false},"author":1,"featured_media":1855,"comment_status":"open","ping_status":"open","sticky":false,"template":"","format":"standard","meta":{"om_disable_all_campaigns":false,"_monsterinsights_skip_tracking":false,"_monsterinsights_sitenote_active":false,"_monsterinsights_sitenote_note":"","_monsterinsights_sitenote_category":0},"categories":[1],"tags":[],"_links":{"self":[{"href":"https:\/\/defensoriaparana.com.ar\/index.php\/wp-json\/wp\/v2\/posts\/1852"}],"collection":[{"href":"https:\/\/defensoriaparana.com.ar\/index.php\/wp-json\/wp\/v2\/posts"}],"about":[{"href":"https:\/\/defensoriaparana.com.ar\/index.php\/wp-json\/wp\/v2\/types\/post"}],"author":[{"embeddable":true,"href":"https:\/\/defensoriaparana.com.ar\/index.php\/wp-json\/wp\/v2\/users\/1"}],"replies":[{"embeddable":true,"href":"https:\/\/defensoriaparana.com.ar\/index.php\/wp-json\/wp\/v2\/comments?post=1852"}],"version-history":[{"count":1,"href":"https:\/\/defensoriaparana.com.ar\/index.php\/wp-json\/wp\/v2\/posts\/1852\/revisions"}],"predecessor-version":[{"id":1856,"href":"https:\/\/defensoriaparana.com.ar\/index.php\/wp-json\/wp\/v2\/posts\/1852\/revisions\/1856"}],"wp:featuredmedia":[{"embeddable":true,"href":"https:\/\/defensoriaparana.com.ar\/index.php\/wp-json\/wp\/v2\/media\/1855"}],"wp:attachment":[{"href":"https:\/\/defensoriaparana.com.ar\/index.php\/wp-json\/wp\/v2\/media?parent=1852"}],"wp:term":[{"taxonomy":"category","embeddable":true,"href":"https:\/\/defensoriaparana.com.ar\/index.php\/wp-json\/wp\/v2\/categories?post=1852"},{"taxonomy":"post_tag","embeddable":true,"href":"https:\/\/defensoriaparana.com.ar\/index.php\/wp-json\/wp\/v2\/tags?post=1852"}],"curies":[{"name":"wp","href":"https:\/\/api.w.org\/{rel}","templated":true}]}}