{"id":2063,"date":"2022-07-09T13:36:54","date_gmt":"2022-07-09T13:36:54","guid":{"rendered":"http:\/\/defensoriaparana.com.ar\/?page_id=2063"},"modified":"2023-05-16T00:12:29","modified_gmt":"2023-05-16T00:12:29","slug":"recomendaciones-de-2021","status":"publish","type":"post","link":"https:\/\/defensoriaparana.com.ar\/index.php\/2022\/07\/09\/recomendaciones-de-2021\/","title":{"rendered":"(2021) Propiciar la participaci\u00f3n ciudadana para el desarrollo de los proyectos de obra y pol\u00edticas p\u00fablicas"},"content":{"rendered":"\t\t<div data-elementor-type=\"wp-page\" data-elementor-id=\"2063\" class=\"elementor elementor-2063\">\n\t\t\t\t\t\t\t\t\t<section class=\"elementor-section elementor-top-section elementor-element elementor-element-e64d382 elementor-section-boxed elementor-section-height-default elementor-section-height-default wpr-particle-no wpr-jarallax-no wpr-parallax-no wpr-sticky-section-no\" data-id=\"e64d382\" data-element_type=\"section\">\n\t\t\t\t\t\t<div class=\"elementor-container elementor-column-gap-default\">\n\t\t\t\t\t<div class=\"elementor-column elementor-col-100 elementor-top-column elementor-element elementor-element-135f7db\" data-id=\"135f7db\" data-element_type=\"column\">\n\t\t\t<div class=\"elementor-widget-wrap elementor-element-populated\">\n\t\t\t\t\t\t\t\t<div class=\"elementor-element elementor-element-d6143e4 elementor-widget elementor-widget-text-editor\" data-id=\"d6143e4\" data-element_type=\"widget\" data-widget_type=\"text-editor.default\">\n\t\t\t\t<div class=\"elementor-widget-container\">\n\t\t\t<style>\/*! elementor - v3.6.5 - 27-04-2022 *\/\n.elementor-widget-text-editor.elementor-drop-cap-view-stacked .elementor-drop-cap{background-color:#818a91;color:#fff}.elementor-widget-text-editor.elementor-drop-cap-view-framed .elementor-drop-cap{color:#818a91;border:3px solid;background-color:transparent}.elementor-widget-text-editor:not(.elementor-drop-cap-view-default) .elementor-drop-cap{margin-top:8px}.elementor-widget-text-editor:not(.elementor-drop-cap-view-default) .elementor-drop-cap-letter{width:1em;height:1em}.elementor-widget-text-editor .elementor-drop-cap{float:left;text-align:center;line-height:1;font-size:50px}.elementor-widget-text-editor .elementor-drop-cap-letter{display:inline-block}<\/style>\t\t\t\t<p><!-- wp:image {\"id\":1855} --><\/p>\n<h2>Propiciar la participaci\u00f3n ciudadana para el desarrollo de los proyectos de obra y pol\u00edticas p\u00fablicas<\/h2>\n<p>La Defensor\u00eda emite\u00a0peri\u00f3dicamente\u00a0Recomendaciones sobre diversos temas.<\/p>\n<p>RECOMENDACIONES DE 2021.<\/p>\n<h4><strong>N\u00ba\u00a01<\/strong><\/h4>\n<p><b><strong>Resoluci\u00f3n del 10\/05\/2021 con RECOMENDACI\u00d3N N\u00ba 1\/2021 al Sr. Presidente Municipal de la Ciudad de Paran\u00e1.<\/strong><\/b><\/p>\n<p><u>Recomendaci\u00f3n en relaci\u00f3n a la necesidad de propiciar la participaci\u00f3n ciudadana para el desarrollo de los proyectos de obra y pol\u00edticas p\u00fablicas.<\/u><\/p>\n<p>\u00a0PARAN\u00c1, 10 de Mayo de 2021<\/p>\n<p><strong>\u00a0<\/strong><strong>Sr. Presidente Municipal<\/strong><\/p>\n<p><strong>de la Ciudad de Paran\u00e1<\/strong><\/p>\n<p><strong>Cdor. Ad\u00e1n Humberto BAHL<\/strong><\/p>\n<p>\u00a0<strong><u>RESOLUCI\u00d3N CON RECOMENDACI\u00d3N N\u00ba 1<\/u><\/strong><\/p>\n<p>\u00a0<strong>VISTO<\/strong>:<\/p>\n<p>\u00a0\u00a0\u00a0\u00a0\u00a0\u00a0\u00a0\u00a0 \u00a0\u00a0 Los reclamos presentados ante esta Defensor\u00eda del Pueblo por ciudadanos frentistas de calle Racedo y por otros que integran un grupo de ciudadanos autoconvocados que se manifiestan en rechazo a la obra de ensanche de calle Racedo, y por lo cual \u00a0el Foro Ecologista interpuso un amparo judicial.<\/p>\n<p>\u00a0\u00a0\u00a0\u00a0\u00a0\u00a0\u00a0\u00a0 Que el conflicto que genero esta obra fue de gran relevancia para la sociedad paranaense, en especial a partir de la escalada violenta del mismo que tuvo lugar el d\u00eda 22 de marzo del corriente y por la cual se iniciaron intervenciones policiales y judiciales.<\/p>\n<p>\u00a0\u00a0\u00a0\u00a0\u00a0\u00a0\u00a0\u00a0 Que a partir de ello, desde la Unidad Fiscal de Investigaci\u00f3n y Litigaci\u00f3n se deriv\u00f3 el abordaje de la situaci\u00f3n al Centro de Mediaci\u00f3n, perteneciente a \u00e9sta Defensor\u00eda, por lo que se predispuso un espacio de dialogo a fin de propiciar escucha mutua y respetuosa, habilitando la participaci\u00f3n de todas las voces y generando un intercambio que ampl\u00ede las perspectivas y aporte mayor informaci\u00f3n en la b\u00fasqueda alternativas y con una mirada a futuro.<\/p>\n<p><strong>Y CONSIDERANDO:<\/strong><\/p>\n<p>\u00a0\u00a0\u00a0\u00a0\u00a0\u00a0\u00a0\u00a0 Que el ambiente no puede ser considerado \u00fanicamente como el medio bio-f\u00edsico donde una sociedad desarrolla sus actividades, sino que compone un entramado\u00a0 indisociable con su poblaci\u00f3n donde se ponen en juego modos de vida, pr\u00e1cticas, valores, sentidos compartidos, en suma la totalidad de la vida social y cultural de una poblaci\u00f3n.<\/p>\n<p>\u00a0\u00a0\u00a0\u00a0\u00a0\u00a0\u00a0\u00a0 Que todas las poblaciones tienen derecho a ser consultadas sobre las modificaciones de su entorno, y que es obligaci\u00f3n de los Estados fomentar los distintos mecanismos de participaci\u00f3n ciudadana y respetar las decisiones que de \u00e9stos surjan.<\/p>\n<p>\u00a0\u00a0\u00a0\u00a0\u00a0\u00a0\u00a0\u00a0 Que la participaci\u00f3n ciudadana en materia ambiental implica que los ciudadanos sean informados y puedan participar en la toma de decisiones sobre los asuntos que afectan su calidad de vida y la calidad ambiental. Esto significa fortalecer el sistema democr\u00e1tico representativo y participativo, garantizar los derechos pol\u00edticos y humanos, y legitimar las decisiones gubernamentales consolidando la gobernanza, es decir logrando que gobierno y sociedad act\u00faen en conjunto.<\/p>\n<p>\u00a0\u00a0\u00a0\u00a0\u00a0\u00a0\u00a0\u00a0 Que todo proyecto p\u00fablico o privado orientado a modificar un territorio con su accionar, debe estar sometido a una evaluaci\u00f3n de impacto ambiental y que \u00e9sta debe tener en cuenta las consideraciones, saberes y opiniones de la poblaci\u00f3n afectada como un elemento m\u00e1s del an\u00e1lisis.<\/p>\n<p>\u00a0\u00a0\u00a0\u00a0\u00a0\u00a0\u00a0\u00a0 Que debe ser prioridad de toda gesti\u00f3n ambiental el pensamiento local situado y la participaci\u00f3n ciudadana y que esto est\u00e1 contemplado en el esp\u00edritu de la Ley General de Ambiente N\u00ba 25675.<\/p>\n<p>\u00a0\u00a0\u00a0\u00a0\u00a0\u00a0\u00a0\u00a0 Que la participaci\u00f3n ciudadana se erige como una consecuencia del principio democr\u00e1tico y es parte fundamental de los Objetivos de Desarrollo Sostenible planteados por la Organizaci\u00f3n de Naciones Unidas, ratificado por la Argentina.<\/p>\n<p>\u00a0\u00a0\u00a0\u00a0\u00a0\u00a0\u00a0\u00a0 Que el derecho a la participaci\u00f3n ciudadana en los procesos de toma de decisiones que afecten derechos y la educaci\u00f3n ambiental est\u00e1 contemplado tanto en Tratados Internacionales como en las propias Constituciones Nacional (art. 41), Provincial (art.84) y en la Ley General de Ambiente (arts. 19 y sgtes)<\/p>\n<p>\u00a0\u00a0\u00a0\u00a0\u00a0\u00a0\u00a0\u00a0 Que las problem\u00e1ticas de car\u00e1cter ambiental se encuentran en un momento de expansi\u00f3n a nivel nacional e internacional,<\/p>\n<p>\u00a0\u00a0\u00a0\u00a0\u00a0\u00a0\u00a0\u00a0 \u00a0Que el acuerdo de Escaz\u00fa, recientemente entrado en vigencia en nuestro pa\u00eds garantiza la plena y efectiva implementaci\u00f3n de los derechos de Acceso a la informaci\u00f3n, la participaci\u00f3n ciudadana y el acceso a la justicia en temas ambientales, lo cual contribuye al ejercicio de derechos humanos fundamentales como el derecho a la vida, a la integridad y la salud. Este acuerdo es una v\u00eda id\u00f3nea para reforzar la democracia y la participaci\u00f3n ciudadana de una manera interseccional en todas las comunidades.<\/p>\n<p>\u00a0 \u00a0 \u00a0 \u00a0\u00a0 Por todo ello;<\/p>\n<p>\u00a0 \u00a0<strong>LA DEFENSORA DEL PUEBLO DE LA CIUDAD DE PARAN\u00c1<\/strong><\/p>\n<p><strong>\u00a0\u00a0\u00a0\u00a0\u00a0\u00a0\u00a0\u00a0 RESUELVE:<\/strong><\/p>\n<p>\u00a0\u00a0\u00a0\u00a0\u00a0\u00a0\u00a0\u00a0 1.- RECOMENDAR AL PRESIDENTE MUNICIPAL DE LA CIUDAD DE PARAN\u00c1 una mayor incorporaci\u00f3n de las instancias formales y no formales de participaci\u00f3n ciudadana en las mesas de planificaci\u00f3n de pol\u00edticas p\u00fablicas y de ordenamiento urbano<\/p>\n<p>\u00a0\u00a0\u00a0\u00a0\u00a0\u00a0\u00a0\u00a0 2.- RECOMENDAR AL PRESIDENTE MUNICIPAL DE LA CIUDAD DE PARAN\u00c1 desarrollar una mesa de construcci\u00f3n social del derecho ambiental local para el dise\u00f1o de un proyecto de Ordenanza sobre los procesos de estudios sociales y pol\u00edticos de impacto ambiental, su evaluaci\u00f3n, obligatoriedad y participaci\u00f3n ciudadana.<\/p>\n<p>\u00a0\u00a0\u00a0\u00a0\u00a0\u00a0\u00a0\u00a0\u00a0\u00a0\u00a0 3- RECOMENDAR AL PRESIDENTE MUNICIPAL DE LA CIUDAD DE PARANA la conformaci\u00f3n de una mesa permanente de di\u00e1logo con las organizaciones ambientales y socio-ambientales con el fin de establecer consenso, previo a cualquier modificaci\u00f3n territorial y para garantizar el derecho efectivo a la informaci\u00f3n de los proyectos a ejecutar.<\/p>\n<p>\u00a0\u00a0\u00a0\u00a0\u00a0\u00a0\u00a0\u00a0\u00a0\u00a0\u00a0 4 RECOMENDAR AL PRESIDENTE MUNICIPAL DE LA CIUDAD DE PARANA incorporar la educaci\u00f3n ambiental como pol\u00edtica de Estado y la formaci\u00f3n de los funcionarios municipales en la materia, de conformidad a la reciente legislaci\u00f3n sancionada sobre educaci\u00f3n ambiental en el \u00e1mbito de la administraci\u00f3n p\u00fablica.<\/p>\n<p>\u00a0\u00a0\u00a0\u00a0\u00a0\u00a0\u00a0\u00a0 5.- Rem\u00edtase al Sr. Presidente Municipal y Presidentes de Bloque del Honorable Concejo Deliberante de la Ciudad de Paran\u00e1.<\/p>\n<p>\u00a0\u00a0\u00a0\u00a0\u00a0\u00a0\u00a0\u00a0 6.- Comun\u00edquese a los ciudadanos afectados que hayan hecho sus reclamos en esta Defensor\u00eda del Pueblo.<\/p>\n<p>\u00a0\u00a0\u00a0\u00a0\u00a0\u00a0\u00a0\u00a0\u00a0 7.- Publ\u00edquese y arch\u00edvese<\/p>\n<p><!-- \/wp:paragraph --><\/p>\t\t\t\t\t\t<\/div>\n\t\t\t\t<\/div>\n\t\t\t\t\t<\/div>\n\t\t<\/div>\n\t\t\t\t\t\t\t<\/div>\n\t\t<\/section>\n\t\t\t\t\t\t\t<\/div>\n\t\t","protected":false},"excerpt":{"rendered":"","protected":false},"author":1,"featured_media":0,"comment_status":"closed","ping_status":"closed","sticky":false,"template":"elementor_canvas","format":"standard","meta":{"om_disable_all_campaigns":false,"_monsterinsights_skip_tracking":false,"_monsterinsights_sitenote_active":false,"_monsterinsights_sitenote_note":"","_monsterinsights_sitenote_category":0},"categories":[15],"tags":[],"_links":{"self":[{"href":"https:\/\/defensoriaparana.com.ar\/index.php\/wp-json\/wp\/v2\/posts\/2063"}],"collection":[{"href":"https:\/\/defensoriaparana.com.ar\/index.php\/wp-json\/wp\/v2\/posts"}],"about":[{"href":"https:\/\/defensoriaparana.com.ar\/index.php\/wp-json\/wp\/v2\/types\/post"}],"author":[{"embeddable":true,"href":"https:\/\/defensoriaparana.com.ar\/index.php\/wp-json\/wp\/v2\/users\/1"}],"replies":[{"embeddable":true,"href":"https:\/\/defensoriaparana.com.ar\/index.php\/wp-json\/wp\/v2\/comments?post=2063"}],"version-history":[{"count":8,"href":"https:\/\/defensoriaparana.com.ar\/index.php\/wp-json\/wp\/v2\/posts\/2063\/revisions"}],"predecessor-version":[{"id":3979,"href":"https:\/\/defensoriaparana.com.ar\/index.php\/wp-json\/wp\/v2\/posts\/2063\/revisions\/3979"}],"wp:attachment":[{"href":"https:\/\/defensoriaparana.com.ar\/index.php\/wp-json\/wp\/v2\/media?parent=2063"}],"wp:term":[{"taxonomy":"category","embeddable":true,"href":"https:\/\/defensoriaparana.com.ar\/index.php\/wp-json\/wp\/v2\/categories?post=2063"},{"taxonomy":"post_tag","embeddable":true,"href":"https:\/\/defensoriaparana.com.ar\/index.php\/wp-json\/wp\/v2\/tags?post=2063"}],"curies":[{"name":"wp","href":"https:\/\/api.w.org\/{rel}","templated":true}]}}