{"id":2069,"date":"2022-07-09T13:40:01","date_gmt":"2022-07-09T13:40:01","guid":{"rendered":"http:\/\/defensoriaparana.com.ar\/?page_id=2069"},"modified":"2023-05-16T00:12:26","modified_gmt":"2023-05-16T00:12:26","slug":"prevencion-de-abuso-en-ninos","status":"publish","type":"post","link":"https:\/\/defensoriaparana.com.ar\/index.php\/2022\/07\/09\/prevencion-de-abuso-en-ninos\/","title":{"rendered":"(2009) Derecho de los ni\u00f1os, ni\u00f1as y adolescentes"},"content":{"rendered":"\t\t<div data-elementor-type=\"wp-page\" data-elementor-id=\"2069\" class=\"elementor elementor-2069\">\n\t\t\t\t\t\t\t\t\t<section class=\"elementor-section elementor-top-section elementor-element elementor-element-03760f9 elementor-section-boxed elementor-section-height-default elementor-section-height-default wpr-particle-no wpr-jarallax-no wpr-parallax-no wpr-sticky-section-no\" data-id=\"03760f9\" data-element_type=\"section\">\n\t\t\t\t\t\t<div class=\"elementor-container elementor-column-gap-default\">\n\t\t\t\t\t<div class=\"elementor-column elementor-col-100 elementor-top-column elementor-element elementor-element-64687f9\" data-id=\"64687f9\" data-element_type=\"column\">\n\t\t\t<div class=\"elementor-widget-wrap elementor-element-populated\">\n\t\t\t\t\t\t\t\t<div class=\"elementor-element elementor-element-7791a02 elementor-widget elementor-widget-text-editor\" data-id=\"7791a02\" data-element_type=\"widget\" data-widget_type=\"text-editor.default\">\n\t\t\t\t<div class=\"elementor-widget-container\">\n\t\t\t<style>\/*! elementor - v3.6.5 - 27-04-2022 *\/\n.elementor-widget-text-editor.elementor-drop-cap-view-stacked .elementor-drop-cap{background-color:#818a91;color:#fff}.elementor-widget-text-editor.elementor-drop-cap-view-framed .elementor-drop-cap{color:#818a91;border:3px solid;background-color:transparent}.elementor-widget-text-editor:not(.elementor-drop-cap-view-default) .elementor-drop-cap{margin-top:8px}.elementor-widget-text-editor:not(.elementor-drop-cap-view-default) .elementor-drop-cap-letter{width:1em;height:1em}.elementor-widget-text-editor .elementor-drop-cap{float:left;text-align:center;line-height:1;font-size:50px}.elementor-widget-text-editor .elementor-drop-cap-letter{display:inline-block}<\/style>\t\t\t\t<p><!-- wp:image {\"id\":1855} --><\/p>\n<h2>Derecho de los ni\u00f1os, ni\u00f1as y adolescentes<\/h2>\n<p><strong>RECOMENDACION N\u00ba 06\/ 09 DE LA DEFENSORIA DEL PUEBLO<\/strong><\/p>\n<p><strong>VISTO:<\/strong><\/p>\n<p>\u00a0 La presentaci\u00f3n realizada por la organizaci\u00f3n Red de Alerta (Asociaci\u00f3n contra la Trata de Personas y el Abuso Sexual y Comercial de ni\u00f1as, ni\u00f1os y adolescentes de la Ciudad de Paran\u00e1 y;<\/p>\n<p><strong>\u00a0<\/strong><\/p>\n<p><strong>CONSIDERANDO:<\/strong><\/p>\n<p>\u00a0\u00a0\u00a0\u00a0\u00a0\u00a0\u00a0\u00a0\u00a0\u00a0\u00a0\u00a0\u00a0\u00a0\u00a0 Que, la Defensor\u00eda del Pueblo de la Municipalidad de Paran\u00e1 colabora con la asociaci\u00f3n en la recepci\u00f3n de denuncias vinculadas al tema;<\/p>\n<p>\u00a0\u00a0\u00a0\u00a0\u00a0\u00a0\u00a0\u00a0\u00a0\u00a0\u00a0 \u00a0\u00a0\u00a0\u00a0 Que, dentro de las acciones emprendidas por la Red es central la difusi\u00f3n de los Derechos del Ni\u00f1o, Ni\u00f1a y Adolescente;<\/p>\n<p>\u00a0\u00a0\u00a0\u00a0\u00a0\u00a0\u00a0\u00a0\u00a0\u00a0\u00a0 \u00a0\u00a0\u00a0\u00a0 Que, han iniciado en el a\u00f1o 2009 la campa\u00f1a\u00a0 \u201cA.S.I. NO (Abuso Sexual Infantil NO)\u201d con el objetivo de generar conciencia, en el \u00e1mbito de la ciudadan\u00eda, acerca de la importancia de la prevenci\u00f3n de las conductas abusivas;<\/p>\n<p>\u00a0\u00a0\u00a0\u00a0\u00a0\u00a0\u00a0\u00a0\u00a0\u00a0\u00a0\u00a0\u00a0\u00a0\u00a0\u00a0 Que, el maltrato y el abuso sexual infantil que no est\u00e1n presentes en programas de Informaci\u00f3n y Educaci\u00f3n Sexual, ni en el \u00e1mbito escolar;<\/p>\n<p>\u00a0\u00a0\u00a0\u00a0\u00a0\u00a0\u00a0\u00a0\u00a0\u00a0\u00a0 \u00a0\u00a0\u00a0\u00a0 Que, la Convenci\u00f3n sobre los Derechos del Ni\u00f1o -incorporada a la Constituci\u00f3n Nacional y, oportunamente ratificada- considera a todos los ni\u00f1os, ni\u00f1as y adolescentes Sujetos de Derecho;<\/p>\n<p>\u00a0 Que, en su art\u00edculo 19 establece que \u201clos Estados partes adoptar\u00e1n todas las medidas legislativas, administrativas, sociales y educativas apropiadas para proteger a los ni\u00f1os, contra toda forma de perjuicio o abuso, f\u00edsico o mental, descuido o trato negligente, malos tratos o explotaci\u00f3n, incluido el abuso sexual\u201d<\/p>\n<p>Que, en el a\u00f1o 2007 se sanciona la Ley Nac.26316, en la cual se establece D\u00eda Nacional Para la Prevenci\u00f3n Del Abuso Contra Los Ni\u00f1os, Ni\u00f1as y Adolescentes;<\/p>\n<p>Que, en su art\u00edculo 1\u00ba- dice \u201cInstit\u00fayase el d\u00eda 19 de Noviembre de cada a\u00f1o como D\u00eda Nacional para la Prevenci\u00f3n del Abuso contra los Ni\u00f1os, Ni\u00f1as y Adolescentes\u201d;<\/p>\n<p>Que, en el \u00e1mbito de la ciudad es importante el reconocimiento de la necesidad de dar difusi\u00f3n a los Derechos y concientizar a la ciudadan\u00eda para la prevenci\u00f3n del abuso y maltrato Infantil;<\/p>\n<p>Que m\u00e1s all\u00e1 de la adhesi\u00f3n al calendario nacional, sea el principio de una acci\u00f3n sostenida en el tiempo;<\/p>\n<p>Que, es responsabilidad p\u00fablica trabajar en la detecci\u00f3n de conductas abusivas para la protecci\u00f3n de los ni\u00f1os y j\u00f3venes, y propender al conocimiento de las mismas por parte de los adultos que conforman el c\u00edrculo cercano;<\/p>\n<p><strong>Por todo lo expuesto,<\/strong><\/p>\n<p><strong>La Defensora<\/strong><strong>\u00a0del Pueblo Adjunta, A\/C de la<\/strong><\/p>\n<p><strong>Defensor\u00eda del Pueblo de la Municipalidad de Paran\u00e1<\/strong><\/p>\n<p><strong>\u00a0<\/strong><\/p>\n<p><strong>RECOMIENDA:<\/strong><\/p>\n<p><strong>Al Presidente Municipal<\/strong><\/p>\n<p><strong>\u00a0<\/strong><\/p>\n<p>1\u00ba- Adherir, en el \u00e1mbito de la Ciudad de Paran\u00e1, a la Ley Nacional 26.316\/2007, que ha instituido el 19 de Noviembre de cada a\u00f1o como\u00a0<strong>\u201cD\u00eda para la prevenci\u00f3n del Abuso en Ni\u00f1as, Ni\u00f1os y Adolescentes\u201d<\/strong><\/p>\n<p><strong>\u00a0<\/strong><\/p>\n<p>2\u00ba \u2013 Propiciar acciones de concientizaci\u00f3n y difusi\u00f3n para la prevenci\u00f3n del Abuso sexual, a trav\u00e9s de actividades de divulgaci\u00f3n y promoci\u00f3n del Derecho de los Ni\u00f1os, Ni\u00f1as y Adolescentes a una vida sin abusos ni violencia.<\/p>\n<p>3\u00ba- Comunicar\u00a0 el contenido de la presente Recomendaci\u00f3n al DEM, al HCD y a la Subsecretar\u00eda de Educaci\u00f3n, registrar y, oportunamente, archivar.<\/p>\n<p><!-- \/wp:paragraph --><\/p>\t\t\t\t\t\t<\/div>\n\t\t\t\t<\/div>\n\t\t\t\t\t<\/div>\n\t\t<\/div>\n\t\t\t\t\t\t\t<\/div>\n\t\t<\/section>\n\t\t\t\t\t\t\t<\/div>\n\t\t","protected":false},"excerpt":{"rendered":"","protected":false},"author":1,"featured_media":0,"comment_status":"closed","ping_status":"closed","sticky":false,"template":"elementor_canvas","format":"standard","meta":{"om_disable_all_campaigns":false,"_monsterinsights_skip_tracking":false,"_monsterinsights_sitenote_active":false,"_monsterinsights_sitenote_note":"","_monsterinsights_sitenote_category":0},"categories":[27],"tags":[],"_links":{"self":[{"href":"https:\/\/defensoriaparana.com.ar\/index.php\/wp-json\/wp\/v2\/posts\/2069"}],"collection":[{"href":"https:\/\/defensoriaparana.com.ar\/index.php\/wp-json\/wp\/v2\/posts"}],"about":[{"href":"https:\/\/defensoriaparana.com.ar\/index.php\/wp-json\/wp\/v2\/types\/post"}],"author":[{"embeddable":true,"href":"https:\/\/defensoriaparana.com.ar\/index.php\/wp-json\/wp\/v2\/users\/1"}],"replies":[{"embeddable":true,"href":"https:\/\/defensoriaparana.com.ar\/index.php\/wp-json\/wp\/v2\/comments?post=2069"}],"version-history":[{"count":11,"href":"https:\/\/defensoriaparana.com.ar\/index.php\/wp-json\/wp\/v2\/posts\/2069\/revisions"}],"predecessor-version":[{"id":3992,"href":"https:\/\/defensoriaparana.com.ar\/index.php\/wp-json\/wp\/v2\/posts\/2069\/revisions\/3992"}],"wp:attachment":[{"href":"https:\/\/defensoriaparana.com.ar\/index.php\/wp-json\/wp\/v2\/media?parent=2069"}],"wp:term":[{"taxonomy":"category","embeddable":true,"href":"https:\/\/defensoriaparana.com.ar\/index.php\/wp-json\/wp\/v2\/categories?post=2069"},{"taxonomy":"post_tag","embeddable":true,"href":"https:\/\/defensoriaparana.com.ar\/index.php\/wp-json\/wp\/v2\/tags?post=2069"}],"curies":[{"name":"wp","href":"https:\/\/api.w.org\/{rel}","templated":true}]}}