{"id":2097,"date":"2022-07-09T13:56:36","date_gmt":"2022-07-09T13:56:36","guid":{"rendered":"http:\/\/defensoriaparana.com.ar\/?page_id=2097"},"modified":"2023-05-16T00:12:14","modified_gmt":"2023-05-16T00:12:14","slug":"oferta-jardines-maternales","status":"publish","type":"post","link":"https:\/\/defensoriaparana.com.ar\/index.php\/2022\/07\/09\/oferta-jardines-maternales\/","title":{"rendered":"(2009) Oferta jardines maternales"},"content":{"rendered":"\t\t<div data-elementor-type=\"wp-page\" data-elementor-id=\"2097\" class=\"elementor elementor-2097\">\n\t\t\t\t\t\t\t\t\t<section class=\"elementor-section elementor-top-section elementor-element elementor-element-75c795c elementor-section-boxed elementor-section-height-default elementor-section-height-default wpr-particle-no wpr-jarallax-no wpr-parallax-no wpr-sticky-section-no\" data-id=\"75c795c\" data-element_type=\"section\">\n\t\t\t\t\t\t<div class=\"elementor-container elementor-column-gap-default\">\n\t\t\t\t\t<div class=\"elementor-column elementor-col-100 elementor-top-column elementor-element elementor-element-2a5708e\" data-id=\"2a5708e\" data-element_type=\"column\">\n\t\t\t<div class=\"elementor-widget-wrap elementor-element-populated\">\n\t\t\t\t\t\t\t\t<div class=\"elementor-element elementor-element-b6d24bd elementor-widget elementor-widget-text-editor\" data-id=\"b6d24bd\" data-element_type=\"widget\" data-widget_type=\"text-editor.default\">\n\t\t\t\t<div class=\"elementor-widget-container\">\n\t\t\t<style>\/*! elementor - v3.6.5 - 27-04-2022 *\/\n.elementor-widget-text-editor.elementor-drop-cap-view-stacked .elementor-drop-cap{background-color:#818a91;color:#fff}.elementor-widget-text-editor.elementor-drop-cap-view-framed .elementor-drop-cap{color:#818a91;border:3px solid;background-color:transparent}.elementor-widget-text-editor:not(.elementor-drop-cap-view-default) .elementor-drop-cap{margin-top:8px}.elementor-widget-text-editor:not(.elementor-drop-cap-view-default) .elementor-drop-cap-letter{width:1em;height:1em}.elementor-widget-text-editor .elementor-drop-cap{float:left;text-align:center;line-height:1;font-size:50px}.elementor-widget-text-editor .elementor-drop-cap-letter{display:inline-block}<\/style>\t\t\t\t<p><!-- wp:image {\"id\":1855} --><\/p>\n<h2><strong>Oferta jardines maternales municipales<\/strong><\/h2>\n<p><strong>ADP N\u00ba 1301\/09<\/strong>\u00a0\u00a0\u00a0\u00a0\u00a0\u00a0\u00a0\u00a0\u00a0\u00a0\u00a0\u00a0\u00a0\u00a0\u00a0\u00a0\u00a0\u00a0\u00a0\u00a0\u00a0\u00a0\u00a0\u00a0\u00a0\u00a0\u00a0\u00a0\u00a0\u00a0\u00a0\u00a0\u00a0\u00a0 \u00a0\u00a0\u00a0\u00a0\u00a0 \u00a0\u00a0\u00a0\u00a0\u00a0\u00a0\u00a0\u00a0\u00a0\u00a0\u00a0\u00a0\u00a0\u00a0\u00a0\u00a0\u00a0 \u00a0\u00a0Paran\u00e1, 30 de Noviembre de 2009<\/p>\n<p><strong>RECOMENDACION N\u00ba 08\/ 09 DE LA DEFENSORIA DEL PUEBLO<\/strong><\/p>\n<p><strong>VISTO:<\/strong><\/p>\n<p>\u00a0\u00a0\u00a0\u00a0\u00a0\u00a0\u00a0\u00a0\u00a0\u00a0\u00a0 La concurrencia de familias a la Defensor\u00eda -que tienen vulnerados sus derechos-, generalmente para pedir su incorporaci\u00f3n al Programa Familias, o solicitar asesoramiento para la obtenci\u00f3n del Documento de Identidad;<\/p>\n<p><strong>\u00a0<\/strong><\/p>\n<p><strong>Y CONSIDERANDO:<\/strong><\/p>\n<p><strong>\u00a0<\/strong><\/p>\n<p>Que, las estad\u00edsticas, en cuanto a condiciones de salud y que conforman cifras de mortalidad infantil, nos indican que el 33.3% del total del poblaci\u00f3n infantil con riesgo de vida pertenece al departamento Paran\u00e1;<\/p>\n<p>Que, as\u00ed mismo, esta tendencia y el an\u00e1lisis m\u00e1s amplio de las necesidades b\u00e1sicas insatisfechas se ha acentuado con el tiempo y, a pesar de ciertas coberturas sociales (Plan Nacer, Plan Familias, \u2026), las cifras de exclusi\u00f3n siguen en aumento;<\/p>\n<p>Que, estamos ahora frente a la cobertura para los Ni\u00f1os\/as y J\u00f3venes a trav\u00e9s de la Asignaci\u00f3n Universal por Hijo;<\/p>\n<p>Que, a la luz de la experiencia y resultados de los planes sociales es importante considerar y propiciar la inclusi\u00f3n de los ni\u00f1os y ni\u00f1as en instituciones educativas y culturales, que habiliten para el futuro;<\/p>\n<p>Que, dicha inclusi\u00f3n posibilita la incorporaci\u00f3n de actitudes recursos v\u00ednculos, y\u00a0 preparaci\u00f3n para el ingreso al sistema educativa formal, y propicia la ampliaci\u00f3n de lazos sociales con otros ni\u00f1os\/as y las familias;<\/p>\n<p>Que, una cantidad de poblaci\u00f3n infantil no est\u00e1 concurriendo a instituciones educativas y o de recreaci\u00f3n;<\/p>\n<p>Que, para aquellos que manifiestan su voluntad de inscripci\u00f3n, \u00e9sta se ve limitada por la falta de plazas;<\/p>\n<p>Que, de acuerdo a datos elaborados por el Centro Salud Domagk -entre otros- de los ni\u00f1os que se atienden y de los cuales se ha realizado el seguimiento, un total de 250 bajo la cobertura del Plan Nacer, se hallan en situaci\u00f3n de vulnerabilidad social;<\/p>\n<p>Que, hay una cantidad de ni\u00f1os\u00a0 aspirantes que no logran ingresar por carencia de lugares en los jardines maternales Municipales;<\/p>\n<p>Que, como ejemplo 50 ni\u00f1os no han podido ingresar en el corriente a\u00f1o, al Jard\u00edn Maternal Patito Sirir\u00ed;<\/p>\n<p>Que, adem\u00e1s, el Jard\u00edn Maternal es lugar privilegiado para recibir alimentaci\u00f3n completa y nutritiva de acuerdo a su etapa evolutiva, como la posibilidad de adquirir h\u00e1bitos alimenticios, ampliando el horizonte familiar y cultural;<\/p>\n<p>Que, la \u00fanica oferta P\u00fablica en la mayor\u00eda de los barrios, de este tipo de Instituci\u00f3n, es la de la Municipalidad;<\/p>\n<p>Que, acompa\u00f1ar la pol\u00edtica de ingreso ciudadano con pol\u00edticas de inclusi\u00f3n cultural, es responsabilidad pol\u00edtica y que es el estado quien tiene la obligaci\u00f3n de su implementaci\u00f3n;<\/p>\n<p>Que, en el a\u00f1o 2004 mediante recomendaci\u00f3n N\u00ba 15\/04 se aconsej\u00f3 al Ejecutivo Municipal la habilitaci\u00f3n de otro turno en los Jardines Maternales, a fin de incorporar a los ni\u00f1os de cero a cuatro a\u00f1o en las respectivas zonas de la ciudad y que, en la actualidad s\u00f3lo uno de m\u00e1s de 30 lo est\u00e1 realizando;<\/p>\n<p><strong>\u00a0<\/strong><\/p>\n<p><strong>\u00a0<\/strong><\/p>\n<p><strong>\u00a0<\/strong><\/p>\n<p><strong>Por todo lo expuesto,<\/strong><\/p>\n<p><strong>La Defensora<\/strong><strong>\u00a0del Pueblo Adjunta, A\/C de la<\/strong><\/p>\n<p><strong>Defensor\u00eda del Pueblo de la Municipalidad de Paran\u00e1<\/strong><\/p>\n<p><strong>\u00a0<\/strong><\/p>\n<p><strong>RECOMIENDA:<\/strong><\/p>\n<p><strong>Al Presidente Municipal<\/strong><\/p>\n<p><strong>\u00a0<\/strong><\/p>\n<p>1\u00ba-\u00a0 Ampliar la oferta de los Jardines Maternales Municipales y, paralelamente, establecer un programa que permita la cobertura total de los ni\u00f1os\/as de la franja etaria cero a cuatro a\u00f1os, teniendo en cuenta el crecimiento de la poblaci\u00f3n, de tal manera que constituya una pol\u00edtica que se sostenga en el tiempo;<\/p>\n<p><strong>\u00a0<\/strong><\/p>\n<p>2\u00ba \u2013 Se considere la necesidad de incorporaci\u00f3n de personal preparado y especializado para la labor pedag\u00f3gica y cultural que deben llevar adelante;<\/p>\n<p>3\u00ba \u2013 Se instruya a la Subsecretar\u00eda de Educaci\u00f3n en lo relativo a la puesta en marcha de esta iniciativa, fijando modalidad y plazos para su cumplimiento;<\/p>\n<p>4\u00ba- Comunicar el contenido de la presente Recomendaci\u00f3n al DEM, registrar y, oportunamente, archivar.<\/p>\n<p>Nota: se adjunta la Recomendaci\u00f3n referida -N\u00ba 15\/04-, para ser considerada en forma complementaria.<\/p>\n<p><!-- \/wp:paragraph --><\/p>\t\t\t\t\t\t<\/div>\n\t\t\t\t<\/div>\n\t\t\t\t\t<\/div>\n\t\t<\/div>\n\t\t\t\t\t\t\t<\/div>\n\t\t<\/section>\n\t\t\t\t\t\t\t<\/div>\n\t\t","protected":false},"excerpt":{"rendered":"","protected":false},"author":1,"featured_media":0,"comment_status":"closed","ping_status":"closed","sticky":false,"template":"elementor_canvas","format":"standard","meta":{"om_disable_all_campaigns":false,"_monsterinsights_skip_tracking":false,"_monsterinsights_sitenote_active":false,"_monsterinsights_sitenote_note":"","_monsterinsights_sitenote_category":0},"categories":[27],"tags":[],"_links":{"self":[{"href":"https:\/\/defensoriaparana.com.ar\/index.php\/wp-json\/wp\/v2\/posts\/2097"}],"collection":[{"href":"https:\/\/defensoriaparana.com.ar\/index.php\/wp-json\/wp\/v2\/posts"}],"about":[{"href":"https:\/\/defensoriaparana.com.ar\/index.php\/wp-json\/wp\/v2\/types\/post"}],"author":[{"embeddable":true,"href":"https:\/\/defensoriaparana.com.ar\/index.php\/wp-json\/wp\/v2\/users\/1"}],"replies":[{"embeddable":true,"href":"https:\/\/defensoriaparana.com.ar\/index.php\/wp-json\/wp\/v2\/comments?post=2097"}],"version-history":[{"count":8,"href":"https:\/\/defensoriaparana.com.ar\/index.php\/wp-json\/wp\/v2\/posts\/2097\/revisions"}],"predecessor-version":[{"id":3984,"href":"https:\/\/defensoriaparana.com.ar\/index.php\/wp-json\/wp\/v2\/posts\/2097\/revisions\/3984"}],"wp:attachment":[{"href":"https:\/\/defensoriaparana.com.ar\/index.php\/wp-json\/wp\/v2\/media?parent=2097"}],"wp:term":[{"taxonomy":"category","embeddable":true,"href":"https:\/\/defensoriaparana.com.ar\/index.php\/wp-json\/wp\/v2\/categories?post=2097"},{"taxonomy":"post_tag","embeddable":true,"href":"https:\/\/defensoriaparana.com.ar\/index.php\/wp-json\/wp\/v2\/tags?post=2097"}],"curies":[{"name":"wp","href":"https:\/\/api.w.org\/{rel}","templated":true}]}}