{"id":2102,"date":"2022-07-09T13:57:23","date_gmt":"2022-07-09T13:57:23","guid":{"rendered":"http:\/\/defensoriaparana.com.ar\/?page_id=2102"},"modified":"2023-05-16T00:11:58","modified_gmt":"2023-05-16T00:11:58","slug":"discapacidadvalidez-del-certificado-nacional-en-el-transporte-publico","status":"publish","type":"post","link":"https:\/\/defensoriaparana.com.ar\/index.php\/2022\/07\/09\/discapacidadvalidez-del-certificado-nacional-en-el-transporte-publico\/","title":{"rendered":"(2011) Servicio de colectivo: validez del certificado nacional de discapacidad"},"content":{"rendered":"\t\t<div data-elementor-type=\"wp-page\" data-elementor-id=\"2102\" class=\"elementor elementor-2102\">\n\t\t\t\t\t\t\t\t\t<section class=\"elementor-section elementor-top-section elementor-element elementor-element-cd86d96 elementor-section-boxed elementor-section-height-default elementor-section-height-default wpr-particle-no wpr-jarallax-no wpr-parallax-no wpr-sticky-section-no\" data-id=\"cd86d96\" data-element_type=\"section\">\n\t\t\t\t\t\t<div class=\"elementor-container elementor-column-gap-default\">\n\t\t\t\t\t<div class=\"elementor-column elementor-col-100 elementor-top-column elementor-element elementor-element-faf7d08\" data-id=\"faf7d08\" data-element_type=\"column\">\n\t\t\t<div class=\"elementor-widget-wrap elementor-element-populated\">\n\t\t\t\t\t\t\t\t<div class=\"elementor-element elementor-element-ea1075b elementor-widget elementor-widget-text-editor\" data-id=\"ea1075b\" data-element_type=\"widget\" data-widget_type=\"text-editor.default\">\n\t\t\t\t<div class=\"elementor-widget-container\">\n\t\t\t<style>\/*! elementor - v3.6.5 - 27-04-2022 *\/\n.elementor-widget-text-editor.elementor-drop-cap-view-stacked .elementor-drop-cap{background-color:#818a91;color:#fff}.elementor-widget-text-editor.elementor-drop-cap-view-framed .elementor-drop-cap{color:#818a91;border:3px solid;background-color:transparent}.elementor-widget-text-editor:not(.elementor-drop-cap-view-default) .elementor-drop-cap{margin-top:8px}.elementor-widget-text-editor:not(.elementor-drop-cap-view-default) .elementor-drop-cap-letter{width:1em;height:1em}.elementor-widget-text-editor .elementor-drop-cap{float:left;text-align:center;line-height:1;font-size:50px}.elementor-widget-text-editor .elementor-drop-cap-letter{display:inline-block}<\/style>\t\t\t\t<p><!-- wp:image {\"id\":1855} --><\/p>\n<h2>Servicio de colectivo: validez del certificado nacional de discapacidad<\/h2>\n<p>Resoluci\u00f3n del 29\/08\/2011 con RECOMENDACI\u00d3N N\u00ba 5\/11 al Sr. Presidente Municipal de la Ciudad de Paran\u00e1. \u201cReconocimiento del Certificado Nacional de Discapacidad en el Transporte Urbano de Pasajeros\u201d.<\/p>\n<p>PARANA, 29 de agosto de 2011.<\/p>\n<p>Sr. Presidente Municipal<\/p>\n<p>\u00a0<\/p>\n<p>de la Ciudad de Paran\u00e1<\/p>\n<p>\u00a0<\/p>\n<p>Dr. Jos\u00e9 Carlos HALLE<\/p>\n<p>\u00a0<\/p>\n<p>VISTO:<\/p>\n<p>\u00a0\u00a0\u00a0\u00a0\u00a0\u00a0\u00a0\u00a0\u00a0\u00a0\u00a0 Los reclamos recibidos de ciudadanos a los que no se les ha reconocido el Certificado Nacional de Discapacidad para trasladarse en el Transporte Urbano de Pasajeros y la presentaci\u00f3n realizada por la Delegada Nacional del\u00a0 INADI en Entre R\u00edos, quien manifiesta su preocupaci\u00f3n, debido a las constantes denuncias que ha recibido por parte de los ciudadanos con discapacidad, motivadas en que se les exige una credencial municipal para acceder a dicho transporte urbano, y<\/p>\n<p>\u00a0<\/p>\n<p>\u00a0<\/p>\n<p>CONSIDERANDO:<\/p>\n<p>\u00a0<\/p>\n<p>\u00a0\u00a0\u00a0\u00a0\u00a0\u00a0\u00a0\u00a0\u00a0\u00a0\u00a0 Que dicha formalidad act\u00faa como un real impedimento para que las personas con discapacidad puedan acceder al mencionado Servicio P\u00fablico;<\/p>\n<p>\u00a0\u00a0\u00a0\u00a0\u00a0\u00a0\u00a0\u00a0\u00a0\u00a0\u00a0 Que mediante la sanci\u00f3n la Ley Nacional N\u00ba 26.378 se aprob\u00f3 la Convenci\u00f3n sobre los Derechos de las Personas con Discapacidad y su protocolo facultativo,<\/p>\n<p>\u00a0\u00a0\u00a0\u00a0\u00a0\u00a0\u00a0\u00a0\u00a0\u00a0\u00a0 Que la norma mencionada dispone en su art. 20 que \u201cLos estados partes adoptar\u00e1n medidas efectivas para asegurar que las personas con discapacidad gocen de movilidad personal con la mayor independencia posible, entre ellas: facilitar la movilidad personal de las personas con discapacidad en la forma y en el momento que deseen\u2026\u201d\u00a0<\/p>\n<p>\u00a0<\/p>\n<p>\u00a0\u00a0\u00a0\u00a0\u00a0\u00a0\u00a0\u00a0\u00a0\u00a0\u00a0 Que la Constituci\u00f3n de la Provincia de Entre R\u00edos consagra en su art\u00edculo 21: \u201cEl estado asegura a las personas con discapacidad y en su caso a sus familias, la gratuidad y accesibilidad al transporte p\u00fablico\u201d.\u00a0\u00a0\u00a0<\/p>\n<p>\u00a0\u00a0\u00a0\u00a0\u00a0\u00a0\u00a0\u00a0\u00a0\u00a0\u00a0 Que el hecho de no reconocer el Certificado Nacional de Discapacidad, opera en la realidad como una negaci\u00f3n de los derechos consagrados en las normas aludidas, las cuales poseen jerarqu\u00eda constitucional y tienen plena vigencia.<\/p>\n<p>\u00a0\u00a0\u00a0\u00a0\u00a0\u00a0\u00a0\u00a0\u00a0\u00a0\u00a0 Que el certificado Nacional de Discapacidad es un\u00a0 Instrumento P\u00fablico Oficial, que hace plena f\u00e9 de la situaci\u00f3n de discapacidad de su portador ( art. 3\u00ba, ley N\u00ba 22.431)<\/p>\n<p>\u00a0\u00a0\u00a0\u00a0\u00a0\u00a0\u00a0\u00a0\u00a0\u00a0\u00a0 Que mediante convenio celebrado entre el Gobierno de la Provincia de Entre R\u00edos y el Servicio Nacional de Rehabilitaci\u00f3n, se ha procedido a acreditar la discapacidad, mediante la emisi\u00f3n del Certificado Nacional de Discapacidad y\/o Certificado \u00danico de Discapacidad, por parte de la Junta M\u00e9dica Central Evaluadora de Personas, organismo dependiente del Instituto Provincial de Discapacidad.<\/p>\n<p>\u00a0\u00a0\u00a0\u00a0\u00a0\u00a0\u00a0\u00a0\u00a0\u00a0\u00a0 Que, si bien coexisten formatos diversos de un \u00fanico Certificado Nacional de Discapacidad, es indubitable el valor probatorio de todos ellos.<\/p>\n<p>\u00a0\u00a0\u00a0\u00a0\u00a0\u00a0\u00a0\u00a0\u00a0\u00a0\u00a0 Que revisten igual valor instrumental las pertinentes copias autenticadas por el Instituto provincial de Discapacidad<\/p>\n<p>\u00a0\u00a0\u00a0\u00a0\u00a0\u00a0\u00a0\u00a0\u00a0\u00a0\u00a0 Que por tal raz\u00f3n, se debe reconocer a estos instrumentos p\u00fablicos el mismo efecto que el dispuesto por el art. 3\u00ba de la ley n\u00ba 22.431.<\/p>\n<p>\u00a0\u00a0\u00a0\u00a0\u00a0\u00a0\u00a0\u00a0\u00a0\u00a0\u00a0 Que es indispensable adecuar la normativa vigente en el \u00e1mbito municipal para darle coherencia y unicidad con el sistema legal imperante, a fin de eliminar toda traba burocr\u00e1tica impeditiva del ejercicio de los Derechos humanos de las personas del sector.<\/p>\n<p>Por todo ello,<\/p>\n<p>El DEFENSOR DEL PUEBLO DE LA CIUDAD DE PARANA<\/p>\n<p>RESUELVE:<\/p>\n<p>\u00a0\u00a0\u00a0\u00a0\u00a0\u00a0\u00a0\u00a0\u00a0\u00a0\u00a0 1.- RECOMENDAR AL PRESIDENTE MUNICIPAL Integrar la normativa vigente en la ciudad de Paran\u00e1, con las aplicadas en los \u00e1mbitos nacional y provincial, de manera que se alcance la unificaci\u00f3n de la credencial exigible a las personas con discapacidad, para acceder al transporte urbano de pasajeros.<\/p>\n<p>Disponer que se considere al Certificado Nacional de Discapacidad, y\/o Certificado \u00danico de Discapacidad, en sus diversas formas, y a sus copias autenticadas,\u00a0 como la \u00fanica credencial v\u00e1lida para acceder gratuitamente al Servicio P\u00fablico de Transporte Urbano de Pasajeros.<\/p>\n<p>Instruir expresamente a las empresas prestadoras de dicho Servicio P\u00fablico, a que se acepte el Certificado Nacional de Discapacidad y\/o Certificado \u00danico de Discapacidad en todas sus formas, como as\u00ed tambi\u00e9n a sus copias autenticadas, para acceder al mencionado servicio, y no se exija la\u00a0 credencial expedida por la Municipalidad de Paran\u00e1.<\/p>\n<p>Disponer transitoriamente que los ciudadanos que ya poseen la credencial expedida por la municipalidad de Paran\u00e1, puedan continuar utiliz\u00e1ndola para suplir al Certificado Nacional de Discapacidad y\/o Certificado \u00danico de Discapacidad, hasta el vencimiento de las mismas.<\/p>\n<p>Disponer el registro de la presente Recomendaci\u00f3n, su publicaci\u00f3n y el correspondiente y oportuno archivo de las actuaciones.\u00a0<\/p>\n<p><!-- \/wp:paragraph --><\/p>\t\t\t\t\t\t<\/div>\n\t\t\t\t<\/div>\n\t\t\t\t\t<\/div>\n\t\t<\/div>\n\t\t\t\t\t\t\t<\/div>\n\t\t<\/section>\n\t\t\t\t\t\t\t<\/div>\n\t\t","protected":false},"excerpt":{"rendered":"","protected":false},"author":1,"featured_media":0,"comment_status":"closed","ping_status":"closed","sticky":false,"template":"elementor_canvas","format":"standard","meta":{"om_disable_all_campaigns":false,"_monsterinsights_skip_tracking":false,"_monsterinsights_sitenote_active":false,"_monsterinsights_sitenote_note":"","_monsterinsights_sitenote_category":0},"categories":[19],"tags":[],"_links":{"self":[{"href":"https:\/\/defensoriaparana.com.ar\/index.php\/wp-json\/wp\/v2\/posts\/2102"}],"collection":[{"href":"https:\/\/defensoriaparana.com.ar\/index.php\/wp-json\/wp\/v2\/posts"}],"about":[{"href":"https:\/\/defensoriaparana.com.ar\/index.php\/wp-json\/wp\/v2\/types\/post"}],"author":[{"embeddable":true,"href":"https:\/\/defensoriaparana.com.ar\/index.php\/wp-json\/wp\/v2\/users\/1"}],"replies":[{"embeddable":true,"href":"https:\/\/defensoriaparana.com.ar\/index.php\/wp-json\/wp\/v2\/comments?post=2102"}],"version-history":[{"count":12,"href":"https:\/\/defensoriaparana.com.ar\/index.php\/wp-json\/wp\/v2\/posts\/2102\/revisions"}],"predecessor-version":[{"id":4015,"href":"https:\/\/defensoriaparana.com.ar\/index.php\/wp-json\/wp\/v2\/posts\/2102\/revisions\/4015"}],"wp:attachment":[{"href":"https:\/\/defensoriaparana.com.ar\/index.php\/wp-json\/wp\/v2\/media?parent=2102"}],"wp:term":[{"taxonomy":"category","embeddable":true,"href":"https:\/\/defensoriaparana.com.ar\/index.php\/wp-json\/wp\/v2\/categories?post=2102"},{"taxonomy":"post_tag","embeddable":true,"href":"https:\/\/defensoriaparana.com.ar\/index.php\/wp-json\/wp\/v2\/tags?post=2102"}],"curies":[{"name":"wp","href":"https:\/\/api.w.org\/{rel}","templated":true}]}}