{"id":2183,"date":"2021-11-10T15:09:07","date_gmt":"2021-11-10T15:09:07","guid":{"rendered":"http:\/\/defensoriaparana.com.ar\/?p=2183"},"modified":"2022-07-12T01:35:41","modified_gmt":"2022-07-12T01:35:41","slug":"las-defensoras-del-pueblo-de-parana-participan-en-el-congreso-internacional-sobre-democracia","status":"publish","type":"post","link":"https:\/\/defensoriaparana.com.ar\/index.php\/2021\/11\/10\/las-defensoras-del-pueblo-de-parana-participan-en-el-congreso-internacional-sobre-democracia\/","title":{"rendered":"Las Defensoras del Pueblo de Paran\u00e1 participan en el Congreso Internacional sobre Democracia"},"content":{"rendered":"<p>Las Defensoras del Pueblo de la Ciudad de Paran\u00e1 Marcia\u00a0 L\u00f3pez y Cecilia Pautaso (Adjunta) participan del XIV Congreso Nacional y VII Internacional sobre Democracia, prestigioso encuentro que se desarrolla en Rosario.<\/p>\n<p>Por primera vez, el congreso contempl\u00f3 la presencia de representantes de Defensor\u00edas del Pueblo de pa\u00eds y del exterior, quienes respondieron al tema convocante de esta edici\u00f3n: \u201cLa Democracia en tiempos de desconfianza e incertidumbre global. Acci\u00f3n colectiva y politizaci\u00f3n de las desigualdades en la escena p\u00fablica\u201d.<\/p>\n<div id=\"attachment_8927\" class=\"wp-caption alignnone\">\n<p><img loading=\"lazy\" class=\" wp-image-8927\" src=\"http:\/\/www.defensoriaparana.gov.ar\/wp-content\/uploads\/Defensoras-rosario.jpg\" sizes=\"(max-width: 696px) 100vw, 696px\" srcset=\"https:\/\/www.defensoriaparana.gov.ar\/wp-content\/uploads\/Defensoras-rosario.jpg 1024w, https:\/\/www.defensoriaparana.gov.ar\/wp-content\/uploads\/Defensoras-rosario-300x173.jpg 300w, https:\/\/www.defensoriaparana.gov.ar\/wp-content\/uploads\/Defensoras-rosario-768x443.jpg 768w, https:\/\/www.defensoriaparana.gov.ar\/wp-content\/uploads\/Defensoras-rosario-170x98.jpg 170w, https:\/\/www.defensoriaparana.gov.ar\/wp-content\/uploads\/Defensoras-rosario-284x164.jpg 284w\" alt=\"\" width=\"696\" height=\"401\" \/><\/p>\n<p class=\"wp-caption-text\">Las Defensoras del Pueblo de Paran\u00e1, en la mesa de trabajo de este mi\u00e9rcoles.<\/p>\n<\/div>\n<p>La organizaci\u00f3n de la actividad est\u00e1 a cargo de la Facultad de Ciencia Pol\u00edtica y Relaciones Internacionales de la Universidad Nacional de Rosario (UNR) y se desarrolla desde el lunes 8 hasta el jueves 11.<\/p>\n<p>Las Defensoras de Paran\u00e1 participan este mi\u00e9rcoles de la mesa \u201cDefensores del Pueblo de la Rep\u00fablica Argentina. El Ombudsman ante los nuevos desaf\u00edos democr\u00e1ticos de la pospandemia\u201d.<\/p>\n<div id=\"attachment_8930\" class=\"wp-caption alignnone\">\n<p><img loading=\"lazy\" class=\" wp-image-8930\" src=\"http:\/\/www.defensoriaparana.gov.ar\/wp-content\/uploads\/Defensoras-Rosario-3.jpg\" sizes=\"(max-width: 543px) 100vw, 543px\" srcset=\"https:\/\/www.defensoriaparana.gov.ar\/wp-content\/uploads\/Defensoras-Rosario-3.jpg 1024w, https:\/\/www.defensoriaparana.gov.ar\/wp-content\/uploads\/Defensoras-Rosario-3-300x196.jpg 300w, https:\/\/www.defensoriaparana.gov.ar\/wp-content\/uploads\/Defensoras-Rosario-3-768x501.jpg 768w, https:\/\/www.defensoriaparana.gov.ar\/wp-content\/uploads\/Defensoras-Rosario-3-170x111.jpg 170w, https:\/\/www.defensoriaparana.gov.ar\/wp-content\/uploads\/Defensoras-Rosario-3-284x185.jpg 284w\" alt=\"\" width=\"543\" height=\"354\" \/><\/p>\n<p class=\"wp-caption-text\">\u201cDefensores del Pueblo de la Rep\u00fablica Argentina. El Ombudsman ante los nuevos desaf\u00edos democr\u00e1ticos de la pospandemia\u201d fue uno de los temas de an\u00e1lisis.<\/p>\n<\/div>\n<p>Esta mesa se propone un lugar de encuentro para el debate e intercambio de la agenda democr\u00e1tica en la denominada nueva normalidad. Tratar\u00e1 como ejes los derechos humanos y representaci\u00f3n, transformaci\u00f3n digital y disrupci\u00f3n tecnol\u00f3gica, cambio clim\u00e1tico y la ciudadan\u00eda en la participaci\u00f3n del control de la administraci\u00f3n p\u00fablica. Entre los integrantes de la mesa est\u00e1n Lionel Su\u00e1rez, Defensor del Pueblo de Santiago del Estero y presidente de la Asociaci\u00f3n de Defensores del Pueblo de la Rep\u00fablica Argentina (Adpra); los Defensores del Pueblo de la Provincia de Santa Fe a cargo, Gabriel Savino y Jorge Henn; Carlos Constenla, presidente Em\u00e9rito del Instituto Latinoamericano del Ombudsman (ILO) y Augusto Jordan Rodas Andrade, procurador de los Derechos Humanos de la Rep\u00fablica de Guatemala, presidente de la Federaci\u00f3n Iberoamericana del Ombudsman (FIO).<\/p>\n<div id=\"attachment_8932\" class=\"wp-caption alignnone\">\n<p><img loading=\"lazy\" class=\" wp-image-8932\" src=\"http:\/\/www.defensoriaparana.gov.ar\/wp-content\/uploads\/rosario-2.jpg\" sizes=\"(max-width: 588px) 100vw, 588px\" srcset=\"https:\/\/www.defensoriaparana.gov.ar\/wp-content\/uploads\/rosario-2.jpg 1599w, https:\/\/www.defensoriaparana.gov.ar\/wp-content\/uploads\/rosario-2-300x167.jpg 300w, https:\/\/www.defensoriaparana.gov.ar\/wp-content\/uploads\/rosario-2-768x428.jpg 768w, https:\/\/www.defensoriaparana.gov.ar\/wp-content\/uploads\/rosario-2-1024x571.jpg 1024w, https:\/\/www.defensoriaparana.gov.ar\/wp-content\/uploads\/rosario-2-170x95.jpg 170w, https:\/\/www.defensoriaparana.gov.ar\/wp-content\/uploads\/rosario-2-284x158.jpg 284w\" alt=\"\" width=\"588\" height=\"328\" \/><\/p>\n<p class=\"wp-caption-text\">Las Defensoras de Paran\u00e1 en distintas instancias de trabajo.<\/p>\n<\/div>\n<p>En d\u00edas anteriores hubo mesas sobre las experiencias de auditor\u00eda y control de pol\u00edticas p\u00fablicas vinculadas con derechos humanos.\u00a0 Concretamente, se trat\u00f3 de manera puntual el importante rol que han asumido las Defensor\u00edas del Pueblo en el control y la auditor\u00eda de pol\u00edticas p\u00fablicas que procuren el cumplimiento de los derechos fundamentales de las personas. Al respecto, se presentaron experiencias destacadas de Monitoreo y Evaluaci\u00f3n en la Defensor\u00eda del Pueblo de la provincia de Santa Fe.<\/p>\n<p>Tambi\u00e9n, se abord\u00f3 la experiencia del Ombudslab, el laboratorio de las Defensor\u00edas del Pueblo. En este espacio, basado en evidencia, se analiz\u00f3 el impacto de intervenciones concretas para proponer alternativas de gesti\u00f3n o garant\u00eda de derechos, para luego evaluar su impacto y establecer la pr\u00e1ctica.<\/p>\n<div id=\"attachment_8931\" class=\"wp-caption alignnone\">\n<p><img loading=\"lazy\" class=\" wp-image-8931\" src=\"http:\/\/www.defensoriaparana.gov.ar\/wp-content\/uploads\/Defensores-todos.jpg\" sizes=\"(max-width: 602px) 100vw, 602px\" srcset=\"https:\/\/www.defensoriaparana.gov.ar\/wp-content\/uploads\/Defensores-todos.jpg 1024w, https:\/\/www.defensoriaparana.gov.ar\/wp-content\/uploads\/Defensores-todos-300x193.jpg 300w, https:\/\/www.defensoriaparana.gov.ar\/wp-content\/uploads\/Defensores-todos-768x495.jpg 768w, https:\/\/www.defensoriaparana.gov.ar\/wp-content\/uploads\/Defensores-todos-170x110.jpg 170w, https:\/\/www.defensoriaparana.gov.ar\/wp-content\/uploads\/Defensores-todos-284x183.jpg 284w\" alt=\"\" width=\"602\" height=\"388\" \/><\/p>\n<p class=\"wp-caption-text\">Representantes de Defensor\u00edas del Pueblo, reunidos en Rosario.<\/p>\n<\/div>\n","protected":false},"excerpt":{"rendered":"<p>Las Defensoras del Pueblo de la Ciudad de Paran\u00e1 Marcia\u00a0 L\u00f3pez y Cecilia Pautaso (Adjunta) participan del XIV Congreso Nacional y VII Internacional sobre Democracia, prestigioso encuentro que se desarrolla en Rosario. Por primera vez, el congreso contempl\u00f3 la presencia de representantes de Defensor\u00edas del Pueblo de pa\u00eds y del exterior, quienes respondieron al tema [&hellip;]<\/p>\n","protected":false},"author":1,"featured_media":2195,"comment_status":"open","ping_status":"open","sticky":false,"template":"","format":"standard","meta":{"om_disable_all_campaigns":false,"_monsterinsights_skip_tracking":false,"_monsterinsights_sitenote_active":false,"_monsterinsights_sitenote_note":"","_monsterinsights_sitenote_category":0},"categories":[1],"tags":[],"_links":{"self":[{"href":"https:\/\/defensoriaparana.com.ar\/index.php\/wp-json\/wp\/v2\/posts\/2183"}],"collection":[{"href":"https:\/\/defensoriaparana.com.ar\/index.php\/wp-json\/wp\/v2\/posts"}],"about":[{"href":"https:\/\/defensoriaparana.com.ar\/index.php\/wp-json\/wp\/v2\/types\/post"}],"author":[{"embeddable":true,"href":"https:\/\/defensoriaparana.com.ar\/index.php\/wp-json\/wp\/v2\/users\/1"}],"replies":[{"embeddable":true,"href":"https:\/\/defensoriaparana.com.ar\/index.php\/wp-json\/wp\/v2\/comments?post=2183"}],"version-history":[{"count":2,"href":"https:\/\/defensoriaparana.com.ar\/index.php\/wp-json\/wp\/v2\/posts\/2183\/revisions"}],"predecessor-version":[{"id":2196,"href":"https:\/\/defensoriaparana.com.ar\/index.php\/wp-json\/wp\/v2\/posts\/2183\/revisions\/2196"}],"wp:featuredmedia":[{"embeddable":true,"href":"https:\/\/defensoriaparana.com.ar\/index.php\/wp-json\/wp\/v2\/media\/2195"}],"wp:attachment":[{"href":"https:\/\/defensoriaparana.com.ar\/index.php\/wp-json\/wp\/v2\/media?parent=2183"}],"wp:term":[{"taxonomy":"category","embeddable":true,"href":"https:\/\/defensoriaparana.com.ar\/index.php\/wp-json\/wp\/v2\/categories?post=2183"},{"taxonomy":"post_tag","embeddable":true,"href":"https:\/\/defensoriaparana.com.ar\/index.php\/wp-json\/wp\/v2\/tags?post=2183"}],"curies":[{"name":"wp","href":"https:\/\/api.w.org\/{rel}","templated":true}]}}