{"id":2184,"date":"2021-11-09T15:09:08","date_gmt":"2021-11-09T15:09:08","guid":{"rendered":"http:\/\/defensoriaparana.com.ar\/?p=2184"},"modified":"2022-07-09T15:17:03","modified_gmt":"2022-07-09T15:17:03","slug":"se-realiza-el-ultimo-taller-del-ciclo-2021-de-dialogos-en-la-comunidad","status":"publish","type":"post","link":"https:\/\/defensoriaparana.com.ar\/index.php\/2021\/11\/09\/se-realiza-el-ultimo-taller-del-ciclo-2021-de-dialogos-en-la-comunidad\/","title":{"rendered":"Se realiza el \u00faltimo taller del ciclo 2021 de Di\u00e1logos en la Comunidad"},"content":{"rendered":"<p>El pr\u00f3ximo s\u00e1bado se desarrollar\u00e1 de modo presencial el \u00faltimo taller de este a\u00f1o del Ciclo Di\u00e1logos en la Comunidad, organizado por el Centro de Mediaci\u00f3n de la Defensor\u00eda del Pueblo de la Ciudad de Paran\u00e1.<\/p>\n<p><em>Entramando historias. Encuentro de palabras y emociones en ronda<\/em>\u00a0es la propuesta que estar\u00e1 a cargo de la Biblioteca Popular Caminantes, una organizaci\u00f3n que empez\u00f3 a gestarse en 2001 en el barrio Los Gobernadores de Paran\u00e1, integrada por un grupo de personas convencidas de que la lectura es un motor social y un bien cultural por excelencia.<\/p>\n<p>Con esa impronta, la invitaci\u00f3n al taller es a \u201cvincularnos a trav\u00e9s del cuidado de las palabras y la revisi\u00f3n de las narrativas\u201d, y a recorrer \u201clas historias que nos contamos y que nos cuentan, y c\u00f3mo a partir de ah\u00ed construimos nuestras realidades\u201d, se resume desde la organizaci\u00f3n.<\/p>\n<p>La participaci\u00f3n del espacio es gratuita y abierta a la ciudadan\u00eda. Ser\u00e1 de 9.30 a 12.30, en el Museo de Ciencias Naturales y Antropol\u00f3gicas Prof. Antonio Serrano, ubicado en calle Gardel 62.<\/p>\n<p><img loading=\"lazy\" class=\"alignnone wp-image-8921\" src=\"http:\/\/www.defensoriaparana.gov.ar\/wp-content\/uploads\/afiche-taller.jpg\" sizes=\"(max-width: 326px) 100vw, 326px\" srcset=\"https:\/\/www.defensoriaparana.gov.ar\/wp-content\/uploads\/afiche-taller.jpg 904w, https:\/\/www.defensoriaparana.gov.ar\/wp-content\/uploads\/afiche-taller-212x300.jpg 212w, https:\/\/www.defensoriaparana.gov.ar\/wp-content\/uploads\/afiche-taller-768x1087.jpg 768w, https:\/\/www.defensoriaparana.gov.ar\/wp-content\/uploads\/afiche-taller-723x1024.jpg 723w, https:\/\/www.defensoriaparana.gov.ar\/wp-content\/uploads\/afiche-taller-170x241.jpg 170w, https:\/\/www.defensoriaparana.gov.ar\/wp-content\/uploads\/afiche-taller-284x402.jpg 284w\" alt=\"\" width=\"326\" height=\"462\" \/><\/p>\n<p>Las personas interesadas en asistir podr\u00e1n inscribirse escribiendo al mail\u00a0<a href=\"mailto:dialogoscomunidad@gmail.com\" target=\"_blank\" rel=\"noopener\">dialogoscomunidad@gmail.com<\/a>\u00a0 o al 343 5163712 (<em>whatsapp<\/em>). Los cupos son limitados.<\/p>\n<p>El ciclo empez\u00f3 en 2015 y lleva siete a\u00f1os ininterrumpidos de ediciones anuales con innovaciones enriquecedoras en tem\u00e1ticas y experiencias, obteniendo en el tiempo una variada y sostenida respuesta de parte de la comunidad a trav\u00e9s de la participaci\u00f3n en cada una de las propuestas. El objetivo del ciclo consiste en generar espacios de encuentro, desde el enfoque de distintas disciplinas -con temas diversos y novedosos- para el intercambio de reflexiones y el aporte de recursos en relaci\u00f3n a la convivencia y el cuidado de los v\u00ednculos, apuntando a la prevenci\u00f3n de la violencia en las relaciones cotidianas.<\/p>\n<p><b>Volver al cara a cara<\/b><\/p>\n<p>Este a\u00f1o el ciclo comprendi\u00f3 cuatro talleres que en consonancia con la paulatina vuelta a la normalidad en el marco de la pandemia, combin\u00f3 la modalidad online con la presencial. As\u00ed, se organizaron dos encuentros con la primera y los otros dos con la segunda.<\/p>\n<p>El primer taller presencial se realiz\u00f3 el 23 de octubre, con la propuesta de\u00a0<i>Jugar adentro y afuera. Un tiempo para explorar lo individual \u2013 colectivo de la vida.<\/i>\u00a0La invitaci\u00f3n tuvo una notable adhesi\u00f3n de personas de distintas disciplinas y oficios, que participaron con entusiasmo y activamente de la iniciativa, la primera de esta etapa programada en formato presencial. Justamente, el encuentro cara a cara fue \u201cmuy movilizante\u201d, seg\u00fan se defini\u00f3,\u00a0 ya que para la mayor\u00eda de los asistentes fue el primero de esta manera, al igual que para las actividades de capacitaci\u00f3n con convocatoria abierta de la Defensor\u00eda del Pueblo.<\/p>\n<div id=\"attachment_8923\" class=\"wp-caption alignnone\">\n<p><img loading=\"lazy\" class=\" wp-image-8923\" src=\"http:\/\/www.defensoriaparana.gov.ar\/wp-content\/uploads\/taller-6-1.jpg\" sizes=\"(max-width: 562px) 100vw, 562px\" srcset=\"https:\/\/www.defensoriaparana.gov.ar\/wp-content\/uploads\/taller-6-1.jpg 1728w, https:\/\/www.defensoriaparana.gov.ar\/wp-content\/uploads\/taller-6-1-300x225.jpg 300w, https:\/\/www.defensoriaparana.gov.ar\/wp-content\/uploads\/taller-6-1-768x576.jpg 768w, https:\/\/www.defensoriaparana.gov.ar\/wp-content\/uploads\/taller-6-1-1024x768.jpg 1024w, https:\/\/www.defensoriaparana.gov.ar\/wp-content\/uploads\/taller-6-1-170x128.jpg 170w, https:\/\/www.defensoriaparana.gov.ar\/wp-content\/uploads\/taller-6-1-284x213.jpg 284w\" alt=\"\" width=\"562\" height=\"422\" \/><\/p>\n<p class=\"wp-caption-text\">Momentos de encuentro y emoci\u00f3n en el primer taller presencial.<\/p>\n<\/div>\n<p><img loading=\"lazy\" class=\"alignnone wp-image-8924\" src=\"http:\/\/www.defensoriaparana.gov.ar\/wp-content\/uploads\/taller-7-1.jpg\" sizes=\"(max-width: 561px) 100vw, 561px\" srcset=\"https:\/\/www.defensoriaparana.gov.ar\/wp-content\/uploads\/taller-7-1.jpg 1728w, https:\/\/www.defensoriaparana.gov.ar\/wp-content\/uploads\/taller-7-1-300x225.jpg 300w, https:\/\/www.defensoriaparana.gov.ar\/wp-content\/uploads\/taller-7-1-768x576.jpg 768w, https:\/\/www.defensoriaparana.gov.ar\/wp-content\/uploads\/taller-7-1-1024x768.jpg 1024w, https:\/\/www.defensoriaparana.gov.ar\/wp-content\/uploads\/taller-7-1-170x128.jpg 170w, https:\/\/www.defensoriaparana.gov.ar\/wp-content\/uploads\/taller-7-1-284x213.jpg 284w\" alt=\"\" width=\"561\" height=\"421\" \/><\/p>\n<p>El taller estuvo a cargo de Pamela Villarraza, facilitadora de juegos cooperativos, espacio de expresi\u00f3n y arte, e Irina Chausovsky, mediadora, facilitadora del di\u00e1logo y Coordinadora del Centro de Mediaci\u00f3n de la Defensor\u00eda del Pueblo de Paran\u00e1.<\/p>\n<p>En cuanto al taller en s\u00ed, incluy\u00f3 el juego de adentro y afuera de lo f\u00edsico y tambi\u00e9n en lo personal. Se hicieron actividades que consistieron en recorridos por el museo, entre otras, y se moviliz\u00f3 mucho la reflexi\u00f3n sobre las situaciones vividas a partir de la pandemia. \u201cFue muy emocionante y movilizante\u201d, defini\u00f3 Irina Chausovsky, al referirse a la primera experiencia del retorno a la presencialidad.<\/p>\n<p><b>Propuestas online y suma de participantes\u00a0\u00a0<\/b><\/p>\n<p>Los dos talleres online tuvieron tambi\u00e9n una notable convocatoria, destac\u00e1ndose la particularidad de que pudieron participar personas no solo de Paran\u00e1 y localidades de Entre R\u00edos, sino tambi\u00e9n de otras provincias e incluso de otros pa\u00edses. Y como una de las conclusiones de los resultados de estas reuniones virtuales, se destac\u00f3 la modalidad como una alternativa v\u00e1lida y fruct\u00edfera para los encuentros de capacitaci\u00f3n.<\/p>\n<p>Esa fue una de las aseveraciones que surgi\u00f3 en la apertura del segundo de los talleres virtuales, desarrollado el 28 de octubre con el tema\u00a0<i>Negociar derribando obst\u00e1culos. Di\u00e1logo constructivo para el logro de objetivos<\/i>. Las docentes fueron Patricia Ar\u00e9chaga y Andrea Finkelstein, de reconocida trayectoria en la tem\u00e1tica y autoras de un libro que lleva el t\u00edtulo del taller.<\/p>\n<p>La idea fue \u201chablar de negociaci\u00f3n, es decir de cuando la gente tiene que negociar sus problemas, los temas peque\u00f1os y los temas grandes, esos que te sacan el sue\u00f1o\u201d, dijo una de las docentes al abrir el encuentro. Es que \u201cla vida en sociedad nos enfrenta a tener que salir a negociar situaciones que hacen al desarrollo personal y profesional como personas\u201d, explicaron en la introducci\u00f3n al tema. Por ello, \u00a0la intenci\u00f3n del taller fue brindar herramientas a la comunidad de c\u00f3mo resolver problemas, derribando obst\u00e1culos que muchas veces est\u00e1n dentro de cada uno con los prejuicios de base respecto de la otra persona y de la situaci\u00f3n. De eso se trat\u00f3 la instancia que cont\u00f3 con un importante nivel de participaci\u00f3n.<\/p>\n<div id=\"attachment_8922\" class=\"wp-caption alignnone\">\n<p><img loading=\"lazy\" class=\" wp-image-8922\" src=\"http:\/\/www.defensoriaparana.gov.ar\/wp-content\/uploads\/taller-1-3.jpg\" sizes=\"(max-width: 651px) 100vw, 651px\" srcset=\"https:\/\/www.defensoriaparana.gov.ar\/wp-content\/uploads\/taller-1-3.jpg 1280w, https:\/\/www.defensoriaparana.gov.ar\/wp-content\/uploads\/taller-1-3-300x152.jpg 300w, https:\/\/www.defensoriaparana.gov.ar\/wp-content\/uploads\/taller-1-3-768x389.jpg 768w, https:\/\/www.defensoriaparana.gov.ar\/wp-content\/uploads\/taller-1-3-1024x518.jpg 1024w, https:\/\/www.defensoriaparana.gov.ar\/wp-content\/uploads\/taller-1-3-170x86.jpg 170w, https:\/\/www.defensoriaparana.gov.ar\/wp-content\/uploads\/taller-1-3-284x144.jpg 284w\" alt=\"\" width=\"651\" height=\"329\" \/><\/p>\n<p class=\"wp-caption-text\">Un momento del taller en el que se analizan los obst\u00e1culos.<\/p>\n<\/div>\n<p>El taller con el que se abri\u00f3 el ciclo fue tambi\u00e9n online y abord\u00f3 un tema de gran actualidad:\u00a0<i>\u00bfC\u00f3mo conversar con quienes no estamos de acuerdo? Dec\u00e1logo anti-polarizaci\u00f3n<\/i>. Estuvo a cargo de dos expertos internacionales en la transformaci\u00f3n y resoluci\u00f3n de conflictos, los docentes Gast\u00f3n A\u00edn y Bautista Logioco, y concit\u00f3 una numerosa\u00a0 participaci\u00f3n de personas de distintos puntos y pa\u00edses como Bolivia, Per\u00fa, Paraguay y Espa\u00f1a, entre otros. El tema propuesto tuvo la particularidad de ser muy vigente y tangible para la mayor\u00eda.<\/p>\n<div id=\"attachment_8874\" class=\"wp-caption alignnone\">\n<p><img loading=\"lazy\" class=\" wp-image-8874\" src=\"http:\/\/www.defensoriaparana.gov.ar\/wp-content\/uploads\/taller-10.jpg\" sizes=\"(max-width: 662px) 100vw, 662px\" srcset=\"https:\/\/www.defensoriaparana.gov.ar\/wp-content\/uploads\/taller-10.jpg 915w, https:\/\/www.defensoriaparana.gov.ar\/wp-content\/uploads\/taller-10-300x181.jpg 300w, https:\/\/www.defensoriaparana.gov.ar\/wp-content\/uploads\/taller-10-768x462.jpg 768w, https:\/\/www.defensoriaparana.gov.ar\/wp-content\/uploads\/taller-10-170x102.jpg 170w, https:\/\/www.defensoriaparana.gov.ar\/wp-content\/uploads\/taller-10-284x171.jpg 284w\" alt=\"\" width=\"662\" height=\"399\" \/><\/p>\n<p class=\"wp-caption-text\">Los participantes en el taller que abri\u00f3 el Ciclo Di\u00e1logos en la Comunidad.<\/p>\n<\/div>\n<p>Ambos talleres online se encuentran en\u00a0<a href=\"https:\/\/www.youtube.com\/watch?v=fsu2--SbzAo\" target=\"_blank\" rel=\"noopener\" data-saferedirecturl=\"https:\/\/www.google.com\/url?q=https:\/\/www.youtube.com\/watch?v%3Dfsu2--SbzAo&amp;source=gmail&amp;ust=1636134472648000&amp;usg=AFQjCNG95qy57TSpUtO2BMHCHx5k5U0v1A\">https:\/\/www.youtube.com\/watch?<wbr \/>v=fsu2\u2013SbzAo<\/a>\u00a0y\u00a0<a href=\"https:\/\/www.youtube.com\/watch?v=TikDi2m0yVU\" target=\"_blank\" rel=\"noopener\" data-saferedirecturl=\"https:\/\/www.google.com\/url?q=https:\/\/www.youtube.com\/watch?v%3DTikDi2m0yVU&amp;source=gmail&amp;ust=1636134472648000&amp;usg=AFQjCNHIpjpj99hOaSY_Dv-HYzh4RU1-tg\">https:\/\/www.youtube.com\/watch?<wbr \/>v=TikDi2m0yVU<\/a><\/p>\n","protected":false},"excerpt":{"rendered":"<p>El pr\u00f3ximo s\u00e1bado se desarrollar\u00e1 de modo presencial el \u00faltimo taller de este a\u00f1o del Ciclo Di\u00e1logos en la Comunidad, organizado por el Centro de Mediaci\u00f3n de la Defensor\u00eda del Pueblo de la Ciudad de Paran\u00e1. Entramando historias. Encuentro de palabras y emociones en ronda\u00a0es la propuesta que estar\u00e1 a cargo de la Biblioteca Popular [&hellip;]<\/p>\n","protected":false},"author":1,"featured_media":2197,"comment_status":"open","ping_status":"open","sticky":false,"template":"","format":"standard","meta":{"om_disable_all_campaigns":false,"_monsterinsights_skip_tracking":false,"_monsterinsights_sitenote_active":false,"_monsterinsights_sitenote_note":"","_monsterinsights_sitenote_category":0},"categories":[1],"tags":[],"_links":{"self":[{"href":"https:\/\/defensoriaparana.com.ar\/index.php\/wp-json\/wp\/v2\/posts\/2184"}],"collection":[{"href":"https:\/\/defensoriaparana.com.ar\/index.php\/wp-json\/wp\/v2\/posts"}],"about":[{"href":"https:\/\/defensoriaparana.com.ar\/index.php\/wp-json\/wp\/v2\/types\/post"}],"author":[{"embeddable":true,"href":"https:\/\/defensoriaparana.com.ar\/index.php\/wp-json\/wp\/v2\/users\/1"}],"replies":[{"embeddable":true,"href":"https:\/\/defensoriaparana.com.ar\/index.php\/wp-json\/wp\/v2\/comments?post=2184"}],"version-history":[{"count":2,"href":"https:\/\/defensoriaparana.com.ar\/index.php\/wp-json\/wp\/v2\/posts\/2184\/revisions"}],"predecessor-version":[{"id":2198,"href":"https:\/\/defensoriaparana.com.ar\/index.php\/wp-json\/wp\/v2\/posts\/2184\/revisions\/2198"}],"wp:featuredmedia":[{"embeddable":true,"href":"https:\/\/defensoriaparana.com.ar\/index.php\/wp-json\/wp\/v2\/media\/2197"}],"wp:attachment":[{"href":"https:\/\/defensoriaparana.com.ar\/index.php\/wp-json\/wp\/v2\/media?parent=2184"}],"wp:term":[{"taxonomy":"category","embeddable":true,"href":"https:\/\/defensoriaparana.com.ar\/index.php\/wp-json\/wp\/v2\/categories?post=2184"},{"taxonomy":"post_tag","embeddable":true,"href":"https:\/\/defensoriaparana.com.ar\/index.php\/wp-json\/wp\/v2\/tags?post=2184"}],"curies":[{"name":"wp","href":"https:\/\/api.w.org\/{rel}","templated":true}]}}