{"id":2186,"date":"2021-11-01T15:09:10","date_gmt":"2021-11-01T15:09:10","guid":{"rendered":"http:\/\/defensoriaparana.com.ar\/?p=2186"},"modified":"2022-07-09T15:14:54","modified_gmt":"2022-07-09T15:14:54","slug":"celebracion-y-homenaje-a-las-personas-que-ejercen-el-oficio-de-la-mediacion-comunitaria","status":"publish","type":"post","link":"https:\/\/defensoriaparana.com.ar\/index.php\/2021\/11\/01\/celebracion-y-homenaje-a-las-personas-que-ejercen-el-oficio-de-la-mediacion-comunitaria\/","title":{"rendered":"Celebraci\u00f3n y homenaje a las personas que ejercen el oficio de la mediaci\u00f3n comunitaria"},"content":{"rendered":"<p>La Defensor\u00eda del Pueblo de Paran\u00e1 saluda a mediadoras y mediadores comunitarios en su d\u00eda y destaca su valiosa labor y aporte a la construcci\u00f3n de una mejor convivencia en nuestra ciudad.<\/p>\n<p>En esta fecha, establecida en 2013 mediante la ordenanza municipal N\u00ba 9117, la instituci\u00f3n celebra y especialmente agradece a los m\u00e1s de 120 integrantes del Registro de Mediadores Comunitarios que trabajan, en el \u00e1mbito de la Defensor\u00eda, en la resoluci\u00f3n de conflictos de manera profesional, voluntaria y ad honorem.<\/p>\n<p>El fuerte compromiso social y sentido de solidaridad es una marcada caracter\u00edstica de quienes intervienen en los m\u00e1s de 500 casos que recibe el Centro de Mediaci\u00f3n de la Defensor\u00eda del Pueblo cada a\u00f1o.<\/p>\n<p>Conflictos por humedad, medianer\u00eda, ruidos molestos, convivencia, ladridos de mascotas o inconvenientes derivados de obras en construcci\u00f3n son algunos de los variados temas que afectan la vida cotidiana de vecinos, socavando las relaciones a nivel interpersonal o comunitario, y que son motivo de intervenci\u00f3n de la instituci\u00f3n a trav\u00e9s de los encuentros y conversaciones que propician los mediadores comunitarios.<\/p>\n<p>La fecha para homenajear a quienes ejercen este noble oficio fue establecida en conmemoraci\u00f3n del 1 de noviembre de 2003, d\u00eda en que se inici\u00f3 el\u00a0funcionamiento del Centro de Mediaci\u00f3n Comunitaria\u00a0de la Defensor\u00eda del Pueblo de Paran\u00e1.<\/p>\n<p>El reconocimiento, fijado por ordenanza en base a una propuesta de la Defensor\u00eda del Pueblo, busca visibilizar y reconocer el trabajo sin pausa, a lo largo de dieciocho a\u00f1os, de mediadores y mediadoras, lo que ha permitido \u2013y posibilita- a la instituci\u00f3n ofrecer un servicio sin costo a la ciudadan\u00eda, fundado en el di\u00e1logo, la escucha, el respeto de las diferencias y el acuerdo consensuado.<\/p>\n<p>En el marco de la vocaci\u00f3n y el compromiso empe\u00f1ados, los integrantes del Registro\u00a0participan de distintas instancias de capacitaci\u00f3n durante el a\u00f1o, brindadas por la Defensor\u00eda del Pueblo con el fin de mantener una permanente actualizaci\u00f3n te\u00f3rica y pr\u00e1ctica en mediaci\u00f3n, como una forma de garantizar la calidad del servicio puesto a disposici\u00f3n de los paranaenses.<\/p>\n<div id=\"attachment_8913\" class=\"wp-caption alignnone\"><img loading=\"lazy\" class=\"size-full wp-image-8913\" src=\"http:\/\/www.defensoriaparana.gov.ar\/wp-content\/uploads\/mediadores-2.jpg\" sizes=\"(max-width: 1280px) 100vw, 1280px\" srcset=\"https:\/\/www.defensoriaparana.gov.ar\/wp-content\/uploads\/mediadores-2.jpg 1280w, https:\/\/www.defensoriaparana.gov.ar\/wp-content\/uploads\/mediadores-2-300x225.jpg 300w, https:\/\/www.defensoriaparana.gov.ar\/wp-content\/uploads\/mediadores-2-768x576.jpg 768w, https:\/\/www.defensoriaparana.gov.ar\/wp-content\/uploads\/mediadores-2-1024x768.jpg 1024w, https:\/\/www.defensoriaparana.gov.ar\/wp-content\/uploads\/mediadores-2-170x128.jpg 170w, https:\/\/www.defensoriaparana.gov.ar\/wp-content\/uploads\/mediadores-2-284x213.jpg 284w\" alt=\"\" width=\"1280\" height=\"960\" \/><\/p>\n<p class=\"wp-caption-text\">\nIntegrantes del Registro, al finalizar una de las instancias de capacitaci\u00f3n realizadas en a\u00f1os anteriores.<\/p>\n<\/div>\n","protected":false},"excerpt":{"rendered":"<p>La Defensor\u00eda del Pueblo de Paran\u00e1 saluda a mediadoras y mediadores comunitarios en su d\u00eda y destaca su valiosa labor y aporte a la construcci\u00f3n de una mejor convivencia en nuestra ciudad. En esta fecha, establecida en 2013 mediante la ordenanza municipal N\u00ba 9117, la instituci\u00f3n celebra y especialmente agradece a los m\u00e1s de 120 [&hellip;]<\/p>\n","protected":false},"author":1,"featured_media":0,"comment_status":"open","ping_status":"open","sticky":false,"template":"","format":"standard","meta":{"om_disable_all_campaigns":false,"_monsterinsights_skip_tracking":false,"_monsterinsights_sitenote_active":false,"_monsterinsights_sitenote_note":"","_monsterinsights_sitenote_category":0},"categories":[1],"tags":[],"_links":{"self":[{"href":"https:\/\/defensoriaparana.com.ar\/index.php\/wp-json\/wp\/v2\/posts\/2186"}],"collection":[{"href":"https:\/\/defensoriaparana.com.ar\/index.php\/wp-json\/wp\/v2\/posts"}],"about":[{"href":"https:\/\/defensoriaparana.com.ar\/index.php\/wp-json\/wp\/v2\/types\/post"}],"author":[{"embeddable":true,"href":"https:\/\/defensoriaparana.com.ar\/index.php\/wp-json\/wp\/v2\/users\/1"}],"replies":[{"embeddable":true,"href":"https:\/\/defensoriaparana.com.ar\/index.php\/wp-json\/wp\/v2\/comments?post=2186"}],"version-history":[{"count":1,"href":"https:\/\/defensoriaparana.com.ar\/index.php\/wp-json\/wp\/v2\/posts\/2186\/revisions"}],"predecessor-version":[{"id":2192,"href":"https:\/\/defensoriaparana.com.ar\/index.php\/wp-json\/wp\/v2\/posts\/2186\/revisions\/2192"}],"wp:attachment":[{"href":"https:\/\/defensoriaparana.com.ar\/index.php\/wp-json\/wp\/v2\/media?parent=2186"}],"wp:term":[{"taxonomy":"category","embeddable":true,"href":"https:\/\/defensoriaparana.com.ar\/index.php\/wp-json\/wp\/v2\/categories?post=2186"},{"taxonomy":"post_tag","embeddable":true,"href":"https:\/\/defensoriaparana.com.ar\/index.php\/wp-json\/wp\/v2\/tags?post=2186"}],"curies":[{"name":"wp","href":"https:\/\/api.w.org\/{rel}","templated":true}]}}