{"id":2187,"date":"2021-10-28T15:09:11","date_gmt":"2021-10-28T15:09:11","guid":{"rendered":"http:\/\/defensoriaparana.com.ar\/?p=2187"},"modified":"2022-07-09T15:15:49","modified_gmt":"2022-07-09T15:15:49","slug":"la-defensoria-del-pueblo-estuvo-en-el-barrio-el-morro","status":"publish","type":"post","link":"https:\/\/defensoriaparana.com.ar\/index.php\/2021\/10\/28\/la-defensoria-del-pueblo-estuvo-en-el-barrio-el-morro\/","title":{"rendered":"La Defensor\u00eda del Pueblo estuvo en el barrio El Morro"},"content":{"rendered":"<p>La oficina m\u00f3vil de la Defensor\u00eda del Pueblo de la Ciudad de Paran\u00e1 atendi\u00f3 consultas este jueves en el barrio El Morro. Pese al intenso calor, se acerc\u00f3 una cantidad notable de personas hasta calle Mart\u00edn Saavedra, en su intersecci\u00f3n con Moussy, donde la sombra reparadora de \u00e1rboles frondosos posibilit\u00f3 la atenci\u00f3n y la espera.<br \/>\nEn el lugar, recostados al predio del polideportivo del barrio y fuera del alcance del sol, se armaron tambi\u00e9n las oficinas de \u00e1reas municipales, provinciales y nacionales, con las que la Defensor\u00eda viene participando de jornadas de atenci\u00f3n a la comunidad en distintos barrios.<\/p>\n<div id=\"attachment_8903\" class=\"wp-caption alignnone\"><img loading=\"lazy\" class=\" wp-image-8903\" src=\"http:\/\/www.defensoriaparana.gov.ar\/wp-content\/uploads\/morro-central.jpg\" sizes=\"(max-width: 468px) 100vw, 468px\" srcset=\"https:\/\/www.defensoriaparana.gov.ar\/wp-content\/uploads\/morro-central.jpg 1600w, https:\/\/www.defensoriaparana.gov.ar\/wp-content\/uploads\/morro-central-300x225.jpg 300w, https:\/\/www.defensoriaparana.gov.ar\/wp-content\/uploads\/morro-central-768x576.jpg 768w, https:\/\/www.defensoriaparana.gov.ar\/wp-content\/uploads\/morro-central-1024x768.jpg 1024w, https:\/\/www.defensoriaparana.gov.ar\/wp-content\/uploads\/morro-central-170x128.jpg 170w, https:\/\/www.defensoriaparana.gov.ar\/wp-content\/uploads\/morro-central-284x213.jpg 284w\" alt=\"\" width=\"468\" height=\"351\" \/><\/p>\n<p class=\"wp-caption-text\">Personas de la zona se acercaron a realizar su consulta a la Defensor\u00eda.<\/p>\n<\/div>\n<p>Las Defensoras del Pueblo Marcia L\u00f3pez y Cecilia Pautaso (Adjunta) estuvieron a cargo de la atenci\u00f3n, junto a integrantes de la instituci\u00f3n, en distintos momentos de la ma\u00f1ana. As\u00ed, respondieron consultas, brindaron asesoramiento y facilitaron tr\u00e1mites, entre los que se destacan los relacionados al acceso al DNI. Al respecto, cabe recordar que la instituci\u00f3n entrega una eximici\u00f3n del pago de sellados a aquellas personas carentes de recursos.<\/p>\n<div id=\"attachment_8907\" class=\"wp-caption alignnone\"><img loading=\"lazy\" class=\" wp-image-8907\" src=\"http:\/\/www.defensoriaparana.gov.ar\/wp-content\/uploads\/CP.jpg\" sizes=\"(max-width: 461px) 100vw, 461px\" srcset=\"https:\/\/www.defensoriaparana.gov.ar\/wp-content\/uploads\/CP.jpg 1600w, https:\/\/www.defensoriaparana.gov.ar\/wp-content\/uploads\/CP-300x225.jpg 300w, https:\/\/www.defensoriaparana.gov.ar\/wp-content\/uploads\/CP-768x576.jpg 768w, https:\/\/www.defensoriaparana.gov.ar\/wp-content\/uploads\/CP-1024x768.jpg 1024w, https:\/\/www.defensoriaparana.gov.ar\/wp-content\/uploads\/CP-170x128.jpg 170w, https:\/\/www.defensoriaparana.gov.ar\/wp-content\/uploads\/CP-284x213.jpg 284w\" alt=\"\" width=\"461\" height=\"346\" \/><\/p>\n<p class=\"wp-caption-text\">Cada semana, la Defensor\u00eda sale a los barrios con el fin de acercar la instituci\u00f3n y sus servicios.<\/p>\n<\/div>\n<div id=\"attachment_8906\" class=\"wp-caption alignnone\"><img loading=\"lazy\" class=\" wp-image-8906\" src=\"http:\/\/www.defensoriaparana.gov.ar\/wp-content\/uploads\/Morro-2.jpg\" sizes=\"(max-width: 248px) 100vw, 248px\" srcset=\"https:\/\/www.defensoriaparana.gov.ar\/wp-content\/uploads\/Morro-2.jpg 1200w, https:\/\/www.defensoriaparana.gov.ar\/wp-content\/uploads\/Morro-2-225x300.jpg 225w, https:\/\/www.defensoriaparana.gov.ar\/wp-content\/uploads\/Morro-2-768x1024.jpg 768w, https:\/\/www.defensoriaparana.gov.ar\/wp-content\/uploads\/Morro-2-170x227.jpg 170w, https:\/\/www.defensoriaparana.gov.ar\/wp-content\/uploads\/Morro-2-284x379.jpg 284w\" alt=\"\" width=\"248\" height=\"330\" \/><\/p>\n<p class=\"wp-caption-text\">En las jornadas, funcionan oficinas municipales, provinciales y nacionales.<\/p>\n<\/div>\n<p>De las jornadas de atenci\u00f3n participan Anses, Pami, Inadi, Registro Civil sede San Agust\u00edn, de los ministerios de Desarrollo Social y de Trabajo, Empleo y Seguridad Social de la Naci\u00f3n, de Desarrollo Social de la Municipalidad, de la tarjeta Sube y del Centro de Acceso a la Justicia (CAJ), entre otras.<\/p>\n<p>&nbsp;<\/p>\n<div id=\"attachment_8909\" class=\"wp-caption alignnone\"><img loading=\"lazy\" class=\" wp-image-8909\" src=\"http:\/\/www.defensoriaparana.gov.ar\/wp-content\/uploads\/morrooo.jpg\" sizes=\"(max-width: 501px) 100vw, 501px\" srcset=\"https:\/\/www.defensoriaparana.gov.ar\/wp-content\/uploads\/morrooo.jpg 1600w, https:\/\/www.defensoriaparana.gov.ar\/wp-content\/uploads\/morrooo-300x225.jpg 300w, https:\/\/www.defensoriaparana.gov.ar\/wp-content\/uploads\/morrooo-768x576.jpg 768w, https:\/\/www.defensoriaparana.gov.ar\/wp-content\/uploads\/morrooo-1024x768.jpg 1024w, https:\/\/www.defensoriaparana.gov.ar\/wp-content\/uploads\/morrooo-170x128.jpg 170w, https:\/\/www.defensoriaparana.gov.ar\/wp-content\/uploads\/morrooo-284x213.jpg 284w\" alt=\"\" width=\"501\" height=\"376\" \/><\/p>\n<p class=\"wp-caption-text\">Otras im\u00e1genes de la jornada del jueves 28.<\/p>\n<\/div>\n<p><img loading=\"lazy\" class=\"alignnone wp-image-8910\" src=\"http:\/\/www.defensoriaparana.gov.ar\/wp-content\/uploads\/morrooooo-1.jpg\" sizes=\"(max-width: 378px) 100vw, 378px\" srcset=\"https:\/\/www.defensoriaparana.gov.ar\/wp-content\/uploads\/morrooooo-1.jpg 1090w, https:\/\/www.defensoriaparana.gov.ar\/wp-content\/uploads\/morrooooo-1-280x300.jpg 280w, https:\/\/www.defensoriaparana.gov.ar\/wp-content\/uploads\/morrooooo-1-768x822.jpg 768w, https:\/\/www.defensoriaparana.gov.ar\/wp-content\/uploads\/morrooooo-1-956x1024.jpg 956w, https:\/\/www.defensoriaparana.gov.ar\/wp-content\/uploads\/morrooooo-1-170x182.jpg 170w, https:\/\/www.defensoriaparana.gov.ar\/wp-content\/uploads\/morrooooo-1-284x304.jpg 284w\" alt=\"\" width=\"378\" height=\"405\" \/><\/p>\n","protected":false},"excerpt":{"rendered":"<p>La oficina m\u00f3vil de la Defensor\u00eda del Pueblo de la Ciudad de Paran\u00e1 atendi\u00f3 consultas este jueves en el barrio El Morro. Pese al intenso calor, se acerc\u00f3 una cantidad notable de personas hasta calle Mart\u00edn Saavedra, en su intersecci\u00f3n con Moussy, donde la sombra reparadora de \u00e1rboles frondosos posibilit\u00f3 la atenci\u00f3n y la espera. [&hellip;]<\/p>\n","protected":false},"author":1,"featured_media":0,"comment_status":"open","ping_status":"open","sticky":false,"template":"","format":"standard","meta":{"om_disable_all_campaigns":false,"_monsterinsights_skip_tracking":false,"_monsterinsights_sitenote_active":false,"_monsterinsights_sitenote_note":"","_monsterinsights_sitenote_category":0},"categories":[1],"tags":[],"_links":{"self":[{"href":"https:\/\/defensoriaparana.com.ar\/index.php\/wp-json\/wp\/v2\/posts\/2187"}],"collection":[{"href":"https:\/\/defensoriaparana.com.ar\/index.php\/wp-json\/wp\/v2\/posts"}],"about":[{"href":"https:\/\/defensoriaparana.com.ar\/index.php\/wp-json\/wp\/v2\/types\/post"}],"author":[{"embeddable":true,"href":"https:\/\/defensoriaparana.com.ar\/index.php\/wp-json\/wp\/v2\/users\/1"}],"replies":[{"embeddable":true,"href":"https:\/\/defensoriaparana.com.ar\/index.php\/wp-json\/wp\/v2\/comments?post=2187"}],"version-history":[{"count":1,"href":"https:\/\/defensoriaparana.com.ar\/index.php\/wp-json\/wp\/v2\/posts\/2187\/revisions"}],"predecessor-version":[{"id":2193,"href":"https:\/\/defensoriaparana.com.ar\/index.php\/wp-json\/wp\/v2\/posts\/2187\/revisions\/2193"}],"wp:attachment":[{"href":"https:\/\/defensoriaparana.com.ar\/index.php\/wp-json\/wp\/v2\/media?parent=2187"}],"wp:term":[{"taxonomy":"category","embeddable":true,"href":"https:\/\/defensoriaparana.com.ar\/index.php\/wp-json\/wp\/v2\/categories?post=2187"},{"taxonomy":"post_tag","embeddable":true,"href":"https:\/\/defensoriaparana.com.ar\/index.php\/wp-json\/wp\/v2\/tags?post=2187"}],"curies":[{"name":"wp","href":"https:\/\/api.w.org\/{rel}","templated":true}]}}