{"id":2273,"date":"2021-10-26T01:36:27","date_gmt":"2021-10-26T01:36:27","guid":{"rendered":"http:\/\/defensoriaparana.com.ar\/?p=2273"},"modified":"2022-07-12T01:37:29","modified_gmt":"2022-07-12T01:37:29","slug":"la-defensoria-del-pueblo-invita-a-un-taller-abierto-y-gratuito-sobre-negociacion-y-dialogo","status":"publish","type":"post","link":"https:\/\/defensoriaparana.com.ar\/index.php\/2021\/10\/26\/la-defensoria-del-pueblo-invita-a-un-taller-abierto-y-gratuito-sobre-negociacion-y-dialogo\/","title":{"rendered":"La Defensor\u00eda del Pueblo invita a un taller abierto y gratuito sobre negociaci\u00f3n y di\u00e1logo"},"content":{"rendered":"<p>Este jueves se realizar\u00e1 un nuevo taller abierto y sin costo en el marco del Ciclo Di\u00e1logos en la Comunidad, organizado por el Centro de Mediaci\u00f3n de la Defensor\u00eda del Pueblo de la Ciudad de Paran\u00e1.<\/p>\n<p>La modalidad es online y las inscripciones son a trav\u00e9s del mail\u00a0<a href=\"mailto:dialogoscomunidad@gmail.com\">dialogoscomunidad@gmail.com<\/a>\u00a0o por\u00a0whatsapp al 343 5163712.<\/p>\n<p><em>Negociar derribando obst\u00e1culos. Di\u00e1logo constructivo para el logro de objetivos<\/em>\u00a0ser\u00e1 el tema del encuentro, cuyo desarrollo estar\u00e1 a cargo de Patricia Ar\u00e9chaga y Andrea Finkelstein, dos especialistas de reconocida trayectoria en la tem\u00e1tica, quienes el a\u00f1o pasado publicaron un libro cuyo t\u00edtulo es el del taller. El espacio del jueves tendr\u00e1 como eje un proceso de revisi\u00f3n y observaci\u00f3n sobre los obst\u00e1culos m\u00e1s frecuentes a la hora de tratar un asunto para llegar a un acuerdo o soluci\u00f3n. En ese camino, se considerar\u00e1n especialmente las conductas, los supuestos y los sentimientos de afecto que se ponen en juego en la interacci\u00f3n con otra persona.<\/p>\n<p>El comienzo est\u00e1 previsto para las 16, mediante la plataforma Zoom y del canal de Youtube Centro de Mediaci\u00f3n Defensor\u00eda del Pueblo de Paran\u00e1.<\/p>\n<p>El taller es el tercero de un total de cuatro previstos para el Ciclo 2021. Los interesados en participar pueden elegir qu\u00e9 encuentro cursar, ya que las tem\u00e1ticas abordadas son independientes una de otras.<\/p>\n<p>Con el fin de promover el di\u00e1logo y la escucha como base de una mejor convivencia, el Ciclo Di\u00e1logos en la Comunidad transita el s\u00e9ptimo a\u00f1o ininterrumpido de talleres que la Defensor\u00eda brinda a la ciudadan\u00eda. Durante el tiempo transcurrido, la propuesta ha tenido una notable y variada convocatoria, con participantes no s\u00f3lo de la ciudad y localidades de Entre R\u00edos, sino tambi\u00e9n de otras provincias y pa\u00edses.<\/p>\n<p><img loading=\"lazy\" class=\"alignnone  wp-image-8895\" src=\"http:\/\/www.defensoriaparana.gov.ar\/wp-content\/uploads\/Taller-3.jpg\" sizes=\"(max-width: 340px) 100vw, 340px\" srcset=\"https:\/\/www.defensoriaparana.gov.ar\/wp-content\/uploads\/Taller-3.jpg 904w, https:\/\/www.defensoriaparana.gov.ar\/wp-content\/uploads\/Taller-3-212x300.jpg 212w, https:\/\/www.defensoriaparana.gov.ar\/wp-content\/uploads\/Taller-3-768x1087.jpg 768w, https:\/\/www.defensoriaparana.gov.ar\/wp-content\/uploads\/Taller-3-723x1024.jpg 723w, https:\/\/www.defensoriaparana.gov.ar\/wp-content\/uploads\/Taller-3-170x241.jpg 170w, https:\/\/www.defensoriaparana.gov.ar\/wp-content\/uploads\/Taller-3-284x402.jpg 284w\" alt=\"\" width=\"340\" height=\"482\" \/><\/p>\n<p><strong>El pr\u00f3ximo taller \u00a0<\/strong><\/p>\n<p>Este a\u00f1o el ciclo Di\u00e1logos combin\u00f3 la modalidad virtual con la presencial. Dos talleres se pensaron online y los otros dos, en reuniones en un lugar, que en esta oportunidad es el Museo de Ciencias Naturales y Antropol\u00f3gicas Prof. Antonio Serrano, ubicado en calle Gardel 62.\u00a0 Ah\u00ed, est\u00e1 previsto el \u00faltimo taller el pr\u00f3ximo 6 de noviembre, de 9.30 a 12.30.\u00a0<em>Entramando historias. Encuentro de palabras y emociones en ronda\u00a0<\/em>es la propuesta que estar\u00e1 a cargo de la Biblioteca Popular Caminantes, ong paranaense formada por un grupo interdisciplinario que considera a \u201cla lectura como un motor social y un bien cultural por excelencia\u201d. Los cupos son limitados.<\/p>\n<p>La Defensor\u00eda del Pueblo reitera la invitaci\u00f3n a la ciudadan\u00eda a participar de estas instancias que buscan incentivar las buenas pr\u00e1cticas en las relaciones interpersonales con el fin de construir una vida mejor, en comunidad.<\/p>\n","protected":false},"excerpt":{"rendered":"<p>Este jueves se realizar\u00e1 un nuevo taller abierto y sin costo en el marco del Ciclo Di\u00e1logos en la Comunidad, organizado por el Centro de Mediaci\u00f3n de la Defensor\u00eda del Pueblo de la Ciudad de Paran\u00e1. La modalidad es online y las inscripciones son a trav\u00e9s del mail\u00a0dialogoscomunidad@gmail.com\u00a0o por\u00a0whatsapp al 343 5163712. Negociar derribando obst\u00e1culos. [&hellip;]<\/p>\n","protected":false},"author":1,"featured_media":0,"comment_status":"open","ping_status":"open","sticky":false,"template":"","format":"standard","meta":{"om_disable_all_campaigns":false,"_monsterinsights_skip_tracking":false,"_monsterinsights_sitenote_active":false,"_monsterinsights_sitenote_note":"","_monsterinsights_sitenote_category":0},"categories":[1],"tags":[],"_links":{"self":[{"href":"https:\/\/defensoriaparana.com.ar\/index.php\/wp-json\/wp\/v2\/posts\/2273"}],"collection":[{"href":"https:\/\/defensoriaparana.com.ar\/index.php\/wp-json\/wp\/v2\/posts"}],"about":[{"href":"https:\/\/defensoriaparana.com.ar\/index.php\/wp-json\/wp\/v2\/types\/post"}],"author":[{"embeddable":true,"href":"https:\/\/defensoriaparana.com.ar\/index.php\/wp-json\/wp\/v2\/users\/1"}],"replies":[{"embeddable":true,"href":"https:\/\/defensoriaparana.com.ar\/index.php\/wp-json\/wp\/v2\/comments?post=2273"}],"version-history":[{"count":1,"href":"https:\/\/defensoriaparana.com.ar\/index.php\/wp-json\/wp\/v2\/posts\/2273\/revisions"}],"predecessor-version":[{"id":2275,"href":"https:\/\/defensoriaparana.com.ar\/index.php\/wp-json\/wp\/v2\/posts\/2273\/revisions\/2275"}],"wp:attachment":[{"href":"https:\/\/defensoriaparana.com.ar\/index.php\/wp-json\/wp\/v2\/media?parent=2273"}],"wp:term":[{"taxonomy":"category","embeddable":true,"href":"https:\/\/defensoriaparana.com.ar\/index.php\/wp-json\/wp\/v2\/categories?post=2273"},{"taxonomy":"post_tag","embeddable":true,"href":"https:\/\/defensoriaparana.com.ar\/index.php\/wp-json\/wp\/v2\/tags?post=2273"}],"curies":[{"name":"wp","href":"https:\/\/api.w.org\/{rel}","templated":true}]}}