{"id":2274,"date":"2021-10-22T01:36:28","date_gmt":"2021-10-22T01:36:28","guid":{"rendered":"http:\/\/defensoriaparana.com.ar\/?p=2274"},"modified":"2022-07-12T01:37:42","modified_gmt":"2022-07-12T01:37:42","slug":"la-defensoria-del-pueblo-de-parana-fue-elegida-para-conformar-la-mesa-directiva-de-la-asociacion-de-instituciones-del-pais","status":"publish","type":"post","link":"https:\/\/defensoriaparana.com.ar\/index.php\/2021\/10\/22\/la-defensoria-del-pueblo-de-parana-fue-elegida-para-conformar-la-mesa-directiva-de-la-asociacion-de-instituciones-del-pais\/","title":{"rendered":"La Defensor\u00eda del Pueblo de Paran\u00e1 fue elegida para conformar la mesa directiva de la asociaci\u00f3n de instituciones del pa\u00eds"},"content":{"rendered":"<p>La Defensor\u00eda del Pueblo de la ciudad de Paran\u00e1, a trav\u00e9s de su titular Marcia L\u00f3pez, fue electa para conformar la mesa directiva de la asociaci\u00f3n nacional que agrupa a las instituciones del pa\u00eds. La elecci\u00f3n se produjo en el marco de la renovaci\u00f3n de autoridades de la Asociaci\u00f3n de Defensor\u00edas del Pueblo de la Rep\u00fablica Argentina (Adpra), que se celebr\u00f3 en las \u00faltimas horas en Buenos Aires, y en la que fue nominado como nuevo presidente el Defensor del Pueblo de la provincia de Santiago del Estero, Lionel Su\u00e1rez.<\/p>\n<div id=\"attachment_8885\" class=\"wp-caption alignnone\"><img loading=\"lazy\" class=\" wp-image-8885\" src=\"http:\/\/www.defensoriaparana.gov.ar\/wp-content\/uploads\/Marcia-1.jpg\" sizes=\"(max-width: 367px) 100vw, 367px\" srcset=\"https:\/\/www.defensoriaparana.gov.ar\/wp-content\/uploads\/Marcia-1.jpg 1200w, https:\/\/www.defensoriaparana.gov.ar\/wp-content\/uploads\/Marcia-1-225x300.jpg 225w, https:\/\/www.defensoriaparana.gov.ar\/wp-content\/uploads\/Marcia-1-768x1024.jpg 768w, https:\/\/www.defensoriaparana.gov.ar\/wp-content\/uploads\/Marcia-1-170x227.jpg 170w, https:\/\/www.defensoriaparana.gov.ar\/wp-content\/uploads\/Marcia-1-284x379.jpg 284w\" alt=\"\" width=\"367\" height=\"489\" \/><\/p>\n<p class=\"wp-caption-text\">La Defensora Marcia L\u00f3pez fue designada para conformar la comisi\u00f3n directiva de Adpra.<\/p>\n<\/div>\n<p>La reuni\u00f3n, en la que participaron las Defensoras de Paran\u00e1, Marcia L\u00f3pez y Cecilia Pautaso (Adjunta), se realiz\u00f3 en la Defensor\u00eda del Pueblo de la Ciudad de Buenos Aires y reuni\u00f3 a representantes de las m\u00e1s de cincuenta instituciones que forman parte de la asociaci\u00f3n nacional.<\/p>\n<div id=\"attachment_8888\" class=\"wp-caption alignnone\"><img loading=\"lazy\" class=\" wp-image-8888\" src=\"http:\/\/www.defensoriaparana.gov.ar\/wp-content\/uploads\/defensores-2.jpg\" sizes=\"(max-width: 582px) 100vw, 582px\" srcset=\"https:\/\/www.defensoriaparana.gov.ar\/wp-content\/uploads\/defensores-2.jpg 1600w, https:\/\/www.defensoriaparana.gov.ar\/wp-content\/uploads\/defensores-2-300x146.jpg 300w, https:\/\/www.defensoriaparana.gov.ar\/wp-content\/uploads\/defensores-2-768x373.jpg 768w, https:\/\/www.defensoriaparana.gov.ar\/wp-content\/uploads\/defensores-2-1024x497.jpg 1024w, https:\/\/www.defensoriaparana.gov.ar\/wp-content\/uploads\/defensores-2-170x83.jpg 170w, https:\/\/www.defensoriaparana.gov.ar\/wp-content\/uploads\/defensores-2-284x138.jpg 284w, https:\/\/www.defensoriaparana.gov.ar\/wp-content\/uploads\/defensores-2-576x280.jpg 576w\" alt=\"\" width=\"582\" height=\"283\" \/><\/p>\n<p class=\"wp-caption-text\">Las Defensoras Marcia L\u00f3pez y Cecilia Pautaso (Adjunta) participaron de la reuni\u00f3n de representantes del pa\u00eds en Buenos Aires.<\/p>\n<\/div>\n<p>La elecci\u00f3n consagr\u00f3 como vicepresidenta primera a Silvia Caprino, Defensora del Pueblo de La Matanza; vicepresidente segundo a Alberto Penayo, Defensor del Pueblo de Posadas; vicepresidente tercero a Ricardo Riva, Defensor del Pueblo de Neuqu\u00e9n, y vicepresidenta cuarta a Marcia L\u00f3pez, Defensora del Pueblo de la Ciudad de Paran\u00e1.<\/p>\n<p>Cabe recordar, que la Defensor\u00eda de Paran\u00e1 viene participando activamente en Adpra, lo que en su historia ha permitido obtener la consideraci\u00f3n del conjunto e importantes espacios dentro de la comisi\u00f3n directiva.<\/p>\n<p>La duraci\u00f3n de los mandatos en la comisi\u00f3n directiva es de dos a\u00f1os y se eligieron adem\u00e1s entre los integrantes de las distintas Defensor\u00edas a once consejeros y a representantes del Instituto de Formaci\u00f3n y de Adpra ante la Federaci\u00f3n Iberoamericana del Ombudsman (FIO).<\/p>\n<p>Adem\u00e1s del proceso eleccionario, la asociaci\u00f3n se expidi\u00f3 sobre la situaci\u00f3n de la Defensor\u00eda del Pueblo de la Naci\u00f3n, cuyo cargo de Defensor titular se encuentra vacante desde 2009 y el del adjunto, desde 2013. Al respecto, Adpra renov\u00f3 su pedido para que se regularice la situaci\u00f3n institucional de la Defensor\u00eda de la Naci\u00f3n, como de otras instituciones del pa\u00eds.<\/p>\n<div id=\"attachment_8887\" class=\"wp-caption alignnone\"><img loading=\"lazy\" class=\" wp-image-8887\" src=\"http:\/\/www.defensoriaparana.gov.ar\/wp-content\/uploads\/defensoras-1.jpg\" sizes=\"(max-width: 330px) 100vw, 330px\" srcset=\"https:\/\/www.defensoriaparana.gov.ar\/wp-content\/uploads\/defensoras-1.jpg 768w, https:\/\/www.defensoriaparana.gov.ar\/wp-content\/uploads\/defensoras-1-225x300.jpg 225w, https:\/\/www.defensoriaparana.gov.ar\/wp-content\/uploads\/defensoras-1-170x227.jpg 170w, https:\/\/www.defensoriaparana.gov.ar\/wp-content\/uploads\/defensoras-1-284x379.jpg 284w\" alt=\"\" width=\"330\" height=\"440\" \/><\/p>\n<p class=\"wp-caption-text\">Las Defensoras de Paran\u00e1 participaron del encuentro realizado en la Defensor\u00eda del Pueblo de la Ciudad de Buenos Aires.<\/p>\n<\/div>\n","protected":false},"excerpt":{"rendered":"<p>La Defensor\u00eda del Pueblo de la ciudad de Paran\u00e1, a trav\u00e9s de su titular Marcia L\u00f3pez, fue electa para conformar la mesa directiva de la asociaci\u00f3n nacional que agrupa a las instituciones del pa\u00eds. La elecci\u00f3n se produjo en el marco de la renovaci\u00f3n de autoridades de la Asociaci\u00f3n de Defensor\u00edas del Pueblo de la [&hellip;]<\/p>\n","protected":false},"author":1,"featured_media":0,"comment_status":"open","ping_status":"open","sticky":false,"template":"","format":"standard","meta":{"om_disable_all_campaigns":false,"_monsterinsights_skip_tracking":false,"_monsterinsights_sitenote_active":false,"_monsterinsights_sitenote_note":"","_monsterinsights_sitenote_category":0},"categories":[1],"tags":[],"_links":{"self":[{"href":"https:\/\/defensoriaparana.com.ar\/index.php\/wp-json\/wp\/v2\/posts\/2274"}],"collection":[{"href":"https:\/\/defensoriaparana.com.ar\/index.php\/wp-json\/wp\/v2\/posts"}],"about":[{"href":"https:\/\/defensoriaparana.com.ar\/index.php\/wp-json\/wp\/v2\/types\/post"}],"author":[{"embeddable":true,"href":"https:\/\/defensoriaparana.com.ar\/index.php\/wp-json\/wp\/v2\/users\/1"}],"replies":[{"embeddable":true,"href":"https:\/\/defensoriaparana.com.ar\/index.php\/wp-json\/wp\/v2\/comments?post=2274"}],"version-history":[{"count":1,"href":"https:\/\/defensoriaparana.com.ar\/index.php\/wp-json\/wp\/v2\/posts\/2274\/revisions"}],"predecessor-version":[{"id":2276,"href":"https:\/\/defensoriaparana.com.ar\/index.php\/wp-json\/wp\/v2\/posts\/2274\/revisions\/2276"}],"wp:attachment":[{"href":"https:\/\/defensoriaparana.com.ar\/index.php\/wp-json\/wp\/v2\/media?parent=2274"}],"wp:term":[{"taxonomy":"category","embeddable":true,"href":"https:\/\/defensoriaparana.com.ar\/index.php\/wp-json\/wp\/v2\/categories?post=2274"},{"taxonomy":"post_tag","embeddable":true,"href":"https:\/\/defensoriaparana.com.ar\/index.php\/wp-json\/wp\/v2\/tags?post=2274"}],"curies":[{"name":"wp","href":"https:\/\/api.w.org\/{rel}","templated":true}]}}