{"id":2277,"date":"2021-10-22T01:37:50","date_gmt":"2021-10-22T01:37:50","guid":{"rendered":"http:\/\/defensoriaparana.com.ar\/?p=2277"},"modified":"2022-07-12T01:38:38","modified_gmt":"2022-07-12T01:38:38","slug":"la-oficina-movil-de-la-defensoria-atendio-consultas-en-el-centro-de-salud-illia","status":"publish","type":"post","link":"https:\/\/defensoriaparana.com.ar\/index.php\/2021\/10\/22\/la-oficina-movil-de-la-defensoria-atendio-consultas-en-el-centro-de-salud-illia\/","title":{"rendered":"La oficina m\u00f3vil de la Defensor\u00eda atendi\u00f3 consultas en el Centro de Salud Illia"},"content":{"rendered":"<p>La oficina m\u00f3vil de la Defensor\u00eda del Pueblo de la Ciudad de Paran\u00e1 estuvo nuevamente en el Centro de Salud Arturo U. Illia, ubicado en calle Provincias Unidas 345. La instituci\u00f3n particip\u00f3 este jueves de una jornada de atenci\u00f3n a la comunidad, en la que tambi\u00e9n funcionaron \u00e1reas municipales, provinciales y nacionales que atienden tem\u00e1ticas sociales.<br \/>\nEn el frente del centro de salud, se instalaron las oficinas hasta donde se acerc\u00f3 una importante cantidad de vecinos de barrios aleda\u00f1os. La Defensora de los Derechos de las Persona Mayores, Ligia Blanco, junto a personal de la instituci\u00f3n, atendi\u00f3 una serie de consultas y solicitudes referidas al acceso al Documento Nacional de Identidad (DNI) y a temas vinculados a la convivencia de vecinos, entre otras.<\/p>\n<div id=\"attachment_8880\" class=\"wp-caption alignnone\"><img loading=\"lazy\" class=\" wp-image-8880\" src=\"http:\/\/www.defensoriaparana.gov.ar\/wp-content\/uploads\/oficina-m%C3%B3vil.jpg\" sizes=\"(max-width: 411px) 100vw, 411px\" srcset=\"https:\/\/www.defensoriaparana.gov.ar\/wp-content\/uploads\/oficina-m\u00f3vil.jpg 1200w, https:\/\/www.defensoriaparana.gov.ar\/wp-content\/uploads\/oficina-m\u00f3vil-225x300.jpg 225w, https:\/\/www.defensoriaparana.gov.ar\/wp-content\/uploads\/oficina-m\u00f3vil-768x1024.jpg 768w, https:\/\/www.defensoriaparana.gov.ar\/wp-content\/uploads\/oficina-m\u00f3vil-170x227.jpg 170w, https:\/\/www.defensoriaparana.gov.ar\/wp-content\/uploads\/oficina-m\u00f3vil-284x379.jpg 284w\" alt=\"\" width=\"411\" height=\"548\" \/><\/p>\n<p class=\"wp-caption-text\">La Defensora Ligia Blanco en la atenci\u00f3n de la oficina m\u00f3vil.<\/p>\n<\/div>\n<div id=\"attachment_8881\" class=\"wp-caption alignnone\"><img loading=\"lazy\" class=\" wp-image-8881\" src=\"http:\/\/www.defensoriaparana.gov.ar\/wp-content\/uploads\/oficina-movil-3.jpg\" sizes=\"(max-width: 402px) 100vw, 402px\" srcset=\"https:\/\/www.defensoriaparana.gov.ar\/wp-content\/uploads\/oficina-movil-3.jpg 1600w, https:\/\/www.defensoriaparana.gov.ar\/wp-content\/uploads\/oficina-movil-3-300x225.jpg 300w, https:\/\/www.defensoriaparana.gov.ar\/wp-content\/uploads\/oficina-movil-3-768x576.jpg 768w, https:\/\/www.defensoriaparana.gov.ar\/wp-content\/uploads\/oficina-movil-3-1024x768.jpg 1024w, https:\/\/www.defensoriaparana.gov.ar\/wp-content\/uploads\/oficina-movil-3-170x128.jpg 170w, https:\/\/www.defensoriaparana.gov.ar\/wp-content\/uploads\/oficina-movil-3-284x213.jpg 284w\" alt=\"\" width=\"402\" height=\"302\" \/><\/p>\n<p class=\"wp-caption-text\">En el frente del centro de salud se instalaron las oficinas de atenci\u00f3n.<\/p>\n<\/div>\n<p>Mediante el funcionamiento de la oficina m\u00f3vil, la instituci\u00f3n viene realizando cada semana salidas a los barrios en el marco del programa \u201cLa Defensor\u00eda al encuentro\u201d de la ciudadan\u00eda, con el objetivo de acercar la instituci\u00f3n y facilitar sus servicios a habitantes de distintas zonas de la ciudad. Se brinda asesoramiento e informaci\u00f3n y se atienden consultas, reclamos, solicitudes de mediaci\u00f3n y cuestiones referidas a derechos de la personas mayores, entre otras.<\/p>\n<div id=\"attachment_8882\" class=\"wp-caption alignnone\"><img loading=\"lazy\" class=\" wp-image-8882\" src=\"http:\/\/www.defensoriaparana.gov.ar\/wp-content\/uploads\/oficina-movil-1.jpg\" sizes=\"(max-width: 403px) 100vw, 403px\" srcset=\"https:\/\/www.defensoriaparana.gov.ar\/wp-content\/uploads\/oficina-movil-1.jpg 1600w, https:\/\/www.defensoriaparana.gov.ar\/wp-content\/uploads\/oficina-movil-1-300x225.jpg 300w, https:\/\/www.defensoriaparana.gov.ar\/wp-content\/uploads\/oficina-movil-1-768x576.jpg 768w, https:\/\/www.defensoriaparana.gov.ar\/wp-content\/uploads\/oficina-movil-1-1024x768.jpg 1024w, https:\/\/www.defensoriaparana.gov.ar\/wp-content\/uploads\/oficina-movil-1-170x128.jpg 170w, https:\/\/www.defensoriaparana.gov.ar\/wp-content\/uploads\/oficina-movil-1-284x213.jpg 284w\" alt=\"\" width=\"403\" height=\"302\" \/><\/p>\n<p class=\"wp-caption-text\">La instituci\u00f3n realiza salidas semanales a los barrios.<\/p>\n<\/div>\n<p>Se recuerda que la Defensor\u00eda del Pueblo puede intervenir en problemas e inquietudes respecto a: servicios p\u00fablicos, tasas municipales, impuestos y tarifas; instituciones de salud; entidades bancarias; transporte p\u00fablico y tr\u00e1nsito; obras p\u00fablicas;\u00a0 violaci\u00f3n de los derechos humanos y situaci\u00f3n de discriminaci\u00f3n; ocupaci\u00f3n de la v\u00eda p\u00fablica; contaminaci\u00f3n ambiental, entre otros casos de vulneraci\u00f3n de derechos. En tanto, el Centro de Mediaci\u00f3n de la instituci\u00f3n atiende conflictos entre vecinos surgidos por divergencias en torno a, por ejemplo, medianeras, filtraciones de humedad, ruidos molestos, inconvenientes ocasionados por mascotas, construcciones. La mediaci\u00f3n se propone como un espacio de encuentro entre los vecinos, acompa\u00f1ados por los mediadores, quienes crean el clima adecuado para que puedan dialogar sobre las cuestiones que les preocupan, en un \u00e1mbito de respeto y comprensi\u00f3n mutua.<\/p>\n","protected":false},"excerpt":{"rendered":"<p>La oficina m\u00f3vil de la Defensor\u00eda del Pueblo de la Ciudad de Paran\u00e1 estuvo nuevamente en el Centro de Salud Arturo U. Illia, ubicado en calle Provincias Unidas 345. La instituci\u00f3n particip\u00f3 este jueves de una jornada de atenci\u00f3n a la comunidad, en la que tambi\u00e9n funcionaron \u00e1reas municipales, provinciales y nacionales que atienden tem\u00e1ticas [&hellip;]<\/p>\n","protected":false},"author":1,"featured_media":0,"comment_status":"open","ping_status":"open","sticky":false,"template":"","format":"standard","meta":{"om_disable_all_campaigns":false,"_monsterinsights_skip_tracking":false,"_monsterinsights_sitenote_active":false,"_monsterinsights_sitenote_note":"","_monsterinsights_sitenote_category":0},"categories":[1],"tags":[],"_links":{"self":[{"href":"https:\/\/defensoriaparana.com.ar\/index.php\/wp-json\/wp\/v2\/posts\/2277"}],"collection":[{"href":"https:\/\/defensoriaparana.com.ar\/index.php\/wp-json\/wp\/v2\/posts"}],"about":[{"href":"https:\/\/defensoriaparana.com.ar\/index.php\/wp-json\/wp\/v2\/types\/post"}],"author":[{"embeddable":true,"href":"https:\/\/defensoriaparana.com.ar\/index.php\/wp-json\/wp\/v2\/users\/1"}],"replies":[{"embeddable":true,"href":"https:\/\/defensoriaparana.com.ar\/index.php\/wp-json\/wp\/v2\/comments?post=2277"}],"version-history":[{"count":1,"href":"https:\/\/defensoriaparana.com.ar\/index.php\/wp-json\/wp\/v2\/posts\/2277\/revisions"}],"predecessor-version":[{"id":2279,"href":"https:\/\/defensoriaparana.com.ar\/index.php\/wp-json\/wp\/v2\/posts\/2277\/revisions\/2279"}],"wp:attachment":[{"href":"https:\/\/defensoriaparana.com.ar\/index.php\/wp-json\/wp\/v2\/media?parent=2277"}],"wp:term":[{"taxonomy":"category","embeddable":true,"href":"https:\/\/defensoriaparana.com.ar\/index.php\/wp-json\/wp\/v2\/categories?post=2277"},{"taxonomy":"post_tag","embeddable":true,"href":"https:\/\/defensoriaparana.com.ar\/index.php\/wp-json\/wp\/v2\/tags?post=2277"}],"curies":[{"name":"wp","href":"https:\/\/api.w.org\/{rel}","templated":true}]}}