{"id":2280,"date":"2021-10-11T01:39:04","date_gmt":"2021-10-11T01:39:04","guid":{"rendered":"http:\/\/defensoriaparana.com.ar\/?p=2280"},"modified":"2022-07-12T01:40:31","modified_gmt":"2022-07-12T01:40:31","slug":"la-defensoria-del-pueblo-renueva-el-compromiso-con-los-vecinos","status":"publish","type":"post","link":"https:\/\/defensoriaparana.com.ar\/index.php\/2021\/10\/11\/la-defensoria-del-pueblo-renueva-el-compromiso-con-los-vecinos\/","title":{"rendered":"La Defensor\u00eda del Pueblo renueva el compromiso con los vecinos"},"content":{"rendered":"<p>El primer a\u00f1o de gesti\u00f3n de las Defensoras del Pueblo Marcia L\u00f3pez y Cecilia Pautaso (Adjunta), los principales temas, el cambio de sede y un sentido homenaje fueron aspectos abordados en una nota publicada por El Diario de Paran\u00e1, el domingo 10 de octubre. A continuaci\u00f3n, la publicaci\u00f3n:<\/p>\n<p>&nbsp;<\/p>\n<div class=\"td_block_wrap tdb_title td_uid_58_6164ade7c5a1d_rand tdb-single-title td-pb-border-top td_block_template_9\" data-td-block-uid=\"td_uid_58_6164ade7c5a1d\">\n<div class=\"tdb-block-inner td-fix-index\">\n<h1 class=\"tdb-title-text\">La Defensor\u00eda del Pueblo renueva el compromiso con los vecinos<\/h1>\n<\/div>\n<\/div>\n<div class=\"td_block_wrap tdb_single_content td_uid_61_6164ade7c6d4c_rand td-pb-border-top td_block_template_9 td-post-content tagdiv-type\" data-td-block-uid=\"td_uid_61_6164ade7c6d4c\">\n<div class=\"tdb-block-inner td-fix-index\">\n<p><strong>Los reclamos por los servicios p\u00fablicos de agua potable y cloaca figuran entre los m\u00e1s recurrentes, de acuerdo a los registros de la Defensor\u00eda del Pueblo de Paran\u00e1. El organismo, que funciona desde hace un tiempo en calle Yrigoyen, es una referencia tanto para los vecinos como para las instituciones de la ciudad.<\/strong><\/p>\n<p>&nbsp;<\/p>\n<p><em><strong>SANTIAGO DALZOTTO<\/strong>\u00a0\/\u00a0<\/em><a href=\"mailto:sdalzotto@eldiario.com.ar\"><em>sdalzotto@eldiario.com.ar<\/em><\/a><\/p>\n<p>La Defensor\u00eda del Pueblo aborda distintas situaciones conflictivas entre vecinos y organismos p\u00fablicos o empresas prestadoras de servicios. El caso es que, en estos d\u00edas est\u00e1 estrenando su sede, ubicada en Yrigoyen 236, entre Alem y Gualeguaych\u00fa, que adem\u00e1s de mayores comodidades ofrece mejores condiciones para la accesibilidad de los vecinos.<\/p>\n<p>En el lugar funciona tambi\u00e9n un Centro de Mediaci\u00f3n, que gracias a la modalidad online sigui\u00f3 trabajando con normalidad durante todo el tiempo en que hubo restricciones para los encuentros presenciales.<\/p>\n<p>Dado que el 1 de octubre el organismo municipal cumpli\u00f3 su primer aniversario de la nueva gesti\u00f3n, EL DIARIO entrevist\u00f3 a la defensoras, titular Marcia L\u00f3pez y adjunta Cecilia Pautaso.<\/p>\n<p>\u201cLo que nos propusimos cuando presentamos nuestro proyecto en el Concejo Deliberante fue el cambio de espacio f\u00edsico en donde estaba funcionando la Defensor\u00eda, porque era inaccesible para algunas personas que ten\u00edan movilidad reducida, debido a las escaleras existentes\u201d, recordaron al ponderar que \u201cel nuevo edificio es asumido como un logro\u201d.<\/p>\n<p>Desde hace un tiempo, adoptando los protocolos correspondientes, la Defensor\u00eda del Pueblo viene atendiendo una importante cantidad de consultas de vecinos en distintos barrios de la ciudad, junto a otras \u00e1reas municipales, provinciales y nacionales. Hacia all\u00ed se dirigi\u00f3 la siguiente consulta. \u201cFue una de las cuestiones que nos planteamos\u00a0 al asumir porque notamos que, por distintas razones, a muchos barrios se les hace muy dif\u00edcil llevar el reclamo hasta la Defensor\u00eda\u201d, indic\u00f3 L\u00f3pez, al agregar que \u201clos barrios nos han dado grandes satisfacciones no s\u00f3lo a trav\u00e9s de la atenci\u00f3n nuestra que hemos ido articulando con diferentes centros de salud de la ciudad, sino tambi\u00e9n en los abordajes territoriales a los que nos hemos sumado\u201d.<\/p>\n<p>Por su parte, Pautaso agreg\u00f3 que \u201cla salida a terreno y el abordaje con otras organizaciones nos gusta mucho porque nos permite no s\u00f3lo que la poblaci\u00f3n conozca las acciones que realiza la Defensor\u00eda del Pueblo, sino intentar resolver alguna problem\u00e1tica muchas veces de larga data. Algunos tienen que ver con la mediaci\u00f3n, con situaciones propias de la vecindad o cuestiones que vienen angustiando a la gente\u201d.<\/p>\n<p><img loading=\"lazy\" class=\"alignnone size-full wp-image-160916\" src=\"https:\/\/www.eldiario.com.ar\/wp-content\/uploads\/2021\/10\/6-F2.jpg\" sizes=\"(max-width: 1280px) 100vw, 1280px\" srcset=\"https:\/\/www.eldiario.com.ar\/wp-content\/uploads\/2021\/10\/6-F2.jpg 1280w, https:\/\/www.eldiario.com.ar\/wp-content\/uploads\/2021\/10\/6-F2-300x200.jpg 300w, https:\/\/www.eldiario.com.ar\/wp-content\/uploads\/2021\/10\/6-F2-768x512.jpg 768w, https:\/\/www.eldiario.com.ar\/wp-content\/uploads\/2021\/10\/6-F2-1024x683.jpg 1024w, https:\/\/www.eldiario.com.ar\/wp-content\/uploads\/2021\/10\/6-F2-696x464.jpg 696w, https:\/\/www.eldiario.com.ar\/wp-content\/uploads\/2021\/10\/6-F2-1068x713.jpg 1068w, https:\/\/www.eldiario.com.ar\/wp-content\/uploads\/2021\/10\/6-F2-630x420.jpg 630w\" alt=\"\" width=\"1280\" height=\"854\" data-pagespeed-url-hash=\"552302383\" \/><em>Las defensoras se mostraron conformes con el trabajo realizado en el \u00faltimo a\u00f1o.<\/em>\u00a0FOTO: Juliana Faggi.<\/p>\n<p><strong>LOS RECLAMOS.<\/strong>\u00a0\u00a0Ante una consulta puntual, tanto L\u00f3pez como Pautaso\u00a0 coincidieron en sus perspectivas sobre las principales demandas. \u201cEn lo que ha sido este a\u00f1o de gesti\u00f3n, el primer puesto en los reclamos fue por servicios p\u00fablicos y dentro de ellos las quejas sobre agua potable y cloaca. En funci\u00f3n de ellos hemos mediado ante el municipio en diferentes instancias de las que participaron funcionarios municipales con vecinos\u201d.<\/p>\n<p>De sus palabras se desprende que en la lista de reclamos recurrentes le siguen el de ruidos molestos, el estado de las calles y la imposibilidad de acceder a turnos, no s\u00f3lo para obtener o actualizar el carnet de conducir, sino tambi\u00e9n por tr\u00e1mites ante el Juzgado de Faltas.<\/p>\n<p>\u201cOtro de los reclamos m\u00e1s contundente ha sido por los derechos econ\u00f3micos, sociales, culturales y en ellos han tenido mayor incidencia los referidos a las obras sociales, sobre todo al IOSPER\u201d, precisaron, antes de agregar que \u201cen muchos casos hacemos derivaci\u00f3n a la Defensor\u00eda de la Naci\u00f3n que se ocupa de las obras sociales nacionales\u201d.<\/p>\n<p>Fue entonces cuando Marcia L\u00f3pez precis\u00f3 que \u201ctuvimos muchos reclamos tambi\u00e9n a entidades bancarias, por la dificultad de acceder a los turnos o reclamos online, algo que se present\u00f3 de manera corriente durante los per\u00edodos m\u00e1s restrictivos de la pandemia\u201d.<\/p>\n<p><strong>En red<\/strong><\/p>\n<p>Recientemente las Defensoras del Pueblo de Paran\u00e1, se reunieron con sus pares de Santa Fe, Gabriel Savino y Jorge Henn. El encuentro se realiz\u00f3 en la sede de la Defensor\u00eda del Pueblo de la Provincia de Santa Fe y fue para conversar sobre las tem\u00e1ticas comunes a ambas instituciones y al mismo tiempo diagramar una agenda conjunta.<\/p>\n<p>\u201cTenemos un v\u00ednculo estrecho con otros defensores a trav\u00e9s de una asociaci\u00f3n nacional que nos re\u00fane. La pandemia ayud\u00f3 a que trabajemos en conjunto y hemos proyectado esos entendimientos a escala regional\u201d, indic\u00f3 Pautaso, al referir que, en ese sentido \u201chemos sido parte de instancias de capacitaci\u00f3n que consideramos valiosas\u201d.<\/p>\n<p>Correspondientemente, L\u00f3pez indic\u00f3 que \u201c\u00faltimamente conformamos lo que es la Regi\u00f3n Centro, uni\u00e9ndonos a los defensores de C\u00f3rdoba y Santa Fe. Al ser un mismo corredor tenemos much\u00edsimos temas en com\u00fan\u201d.<\/p>\n<p><strong>Un espacio m\u00e1s adecuado<\/strong><\/p>\n<p>La nueva sede de la Defensor\u00eda est\u00e1 ubicada en Yrigoyen 236, entre Alem y Gualeguaych\u00fa. El cambio obedece a la imperiosa necesidad de contar con instalaciones apropiadas para el funcionamiento de la instituci\u00f3n y principalmente, con un ingreso apropiado para todas las personas.<\/p>\n<p>Las comodidades con las que cuenta el nuevo lugar en cuesti\u00f3n permiten que funcionen las \u00e1reas de atenci\u00f3n al ciudadano, legales, despacho, oficina de defensa de los derechos de las personas mayores, el Centro de Mediaci\u00f3n, la delegaci\u00f3n de la Defensor\u00eda del Pueblo de la Naci\u00f3n y prensa y comunicaci\u00f3n.<\/p>\n<p>\u201cEstamos con un personal un poco acotado, dada la cantidad de tareas que debemos afrontar, ya que, como se sabe, no existe la Defensor\u00eda provincial\u201d, indicaron. Luego, a\u00f1adieron que \u201csi bien nuestra competencia est\u00e1 circunscripta a la ciudad de Paran\u00e1, la premisa es atender la mayor cantidad de reclamos ciudadanos que se presenten\u201d.<\/p>\n<p><strong><img loading=\"lazy\" class=\"size-full wp-image-160917 alignleft\" src=\"https:\/\/www.eldiario.com.ar\/wp-content\/uploads\/2021\/10\/6-F1-1-e1633865354217.jpg\" alt=\"\" width=\"1024\" height=\"683\" data-pagespeed-url-hash=\"2566234964\" \/><\/strong><em>La nueva sede de la Defensor\u00eda es accesible para una mayor cantidad de ciudadanos.<\/em>\u00a0FOTO: Juliana Faggi.<\/p>\n<p><strong>Homenaje<\/strong><\/p>\n<p>Con la inauguraci\u00f3n de la sede se descubri\u00f3 una placa en homenaje a Horacio Gait\u00e1n, un trabajador hist\u00f3rico de la Defensor\u00eda quien falleci\u00f3 en junio pasado a causa del Covid.\u00a0 En un acto sencillo, se denomin\u00f3 con su nombre al sal\u00f3n principal de reuniones del edificio, como una manera de evocaci\u00f3n permanente, ya que su ausencia es una \u201cp\u00e9rdida irreparable\u201d para el equipo de trabajo y provoca profunda congoja entre quienes fueron sus compa\u00f1eros\u00bb.<\/p>\n<p>Fuente: El Diario<\/p>\n<\/div>\n<\/div>\n","protected":false},"excerpt":{"rendered":"<p>El primer a\u00f1o de gesti\u00f3n de las Defensoras del Pueblo Marcia L\u00f3pez y Cecilia Pautaso (Adjunta), los principales temas, el cambio de sede y un sentido homenaje fueron aspectos abordados en una nota publicada por El Diario de Paran\u00e1, el domingo 10 de octubre. A continuaci\u00f3n, la publicaci\u00f3n: &nbsp; La Defensor\u00eda del Pueblo renueva el [&hellip;]<\/p>\n","protected":false},"author":1,"featured_media":0,"comment_status":"open","ping_status":"open","sticky":false,"template":"","format":"standard","meta":{"om_disable_all_campaigns":false,"_monsterinsights_skip_tracking":false,"_monsterinsights_sitenote_active":false,"_monsterinsights_sitenote_note":"","_monsterinsights_sitenote_category":0},"categories":[1],"tags":[],"_links":{"self":[{"href":"https:\/\/defensoriaparana.com.ar\/index.php\/wp-json\/wp\/v2\/posts\/2280"}],"collection":[{"href":"https:\/\/defensoriaparana.com.ar\/index.php\/wp-json\/wp\/v2\/posts"}],"about":[{"href":"https:\/\/defensoriaparana.com.ar\/index.php\/wp-json\/wp\/v2\/types\/post"}],"author":[{"embeddable":true,"href":"https:\/\/defensoriaparana.com.ar\/index.php\/wp-json\/wp\/v2\/users\/1"}],"replies":[{"embeddable":true,"href":"https:\/\/defensoriaparana.com.ar\/index.php\/wp-json\/wp\/v2\/comments?post=2280"}],"version-history":[{"count":1,"href":"https:\/\/defensoriaparana.com.ar\/index.php\/wp-json\/wp\/v2\/posts\/2280\/revisions"}],"predecessor-version":[{"id":2283,"href":"https:\/\/defensoriaparana.com.ar\/index.php\/wp-json\/wp\/v2\/posts\/2280\/revisions\/2283"}],"wp:attachment":[{"href":"https:\/\/defensoriaparana.com.ar\/index.php\/wp-json\/wp\/v2\/media?parent=2280"}],"wp:term":[{"taxonomy":"category","embeddable":true,"href":"https:\/\/defensoriaparana.com.ar\/index.php\/wp-json\/wp\/v2\/categories?post=2280"},{"taxonomy":"post_tag","embeddable":true,"href":"https:\/\/defensoriaparana.com.ar\/index.php\/wp-json\/wp\/v2\/tags?post=2280"}],"curies":[{"name":"wp","href":"https:\/\/api.w.org\/{rel}","templated":true}]}}