{"id":2281,"date":"2021-10-05T01:39:05","date_gmt":"2021-10-05T01:39:05","guid":{"rendered":"http:\/\/defensoriaparana.com.ar\/?p=2281"},"modified":"2022-07-12T01:40:44","modified_gmt":"2022-07-12T01:40:44","slug":"la-defensoria-del-pueblo-atendio-consultas-y-reclamos-en-el-barrio-toma-nueva","status":"publish","type":"post","link":"https:\/\/defensoriaparana.com.ar\/index.php\/2021\/10\/05\/la-defensoria-del-pueblo-atendio-consultas-y-reclamos-en-el-barrio-toma-nueva\/","title":{"rendered":"La Defensor\u00eda del Pueblo atendi\u00f3 consultas y reclamos en el barrio Toma Nueva"},"content":{"rendered":"<p>La Defensor\u00eda del Pueblo de la Ciudad de Paran\u00e1 particip\u00f3 este martes de una nueva jornada ampliada de atenci\u00f3n a la ciudadan\u00eda. En esta oportunidad, la oficina m\u00f3vil de la instituci\u00f3n estuvo en la Toma Nueva, en inmediaciones del centro de salud que lleva el nombre del barrio.<\/p>\n<div id=\"attachment_8812\" class=\"wp-caption alignnone\"><img loading=\"lazy\" class=\" wp-image-8812\" src=\"http:\/\/www.defensoriaparana.gov.ar\/wp-content\/uploads\/toma-nueva1.jpg\" sizes=\"(max-width: 498px) 100vw, 498px\" srcset=\"https:\/\/www.defensoriaparana.gov.ar\/wp-content\/uploads\/toma-nueva1.jpg 780w, https:\/\/www.defensoriaparana.gov.ar\/wp-content\/uploads\/toma-nueva1-225x300.jpg 225w, https:\/\/www.defensoriaparana.gov.ar\/wp-content\/uploads\/toma-nueva1-768x1024.jpg 768w, https:\/\/www.defensoriaparana.gov.ar\/wp-content\/uploads\/toma-nueva1-170x227.jpg 170w, https:\/\/www.defensoriaparana.gov.ar\/wp-content\/uploads\/toma-nueva1-284x379.jpg 284w\" alt=\"\" width=\"498\" height=\"664\" \/><\/p>\n<p class=\"wp-caption-text\">Distintas consultas y reclamos se recibieron en la jornada de atenci\u00f3n.<\/p>\n<\/div>\n<p>La Defensora del Pueblo Marcia L\u00f3pez, junto a integrantes de la instituci\u00f3n, atendi\u00f3 a un n\u00famero importante de vecinos que se acerc\u00f3 para realizar consultas y reclamos. El pedido de eximici\u00f3n del pago de sellados para gestionar el DNI, certificaci\u00f3n que emite la Defensor\u00eda en los casos de personas carentes de recursos econ\u00f3micos, y solicitudes de asesoramiento en temas tales como cuota alimentaria y r\u00e9gimen de cuidado de ni\u00f1os, fueron algunas de las cuestiones atendidas este martes.<\/p>\n<p>Cabe recordar que la Defensor\u00eda del Pueblo, en base al objetivo de acercar la instituci\u00f3n a los barrios que viene instrumentando mediante una oficina m\u00f3vil que funciona en distintos puntos de la ciudad, brinda asesoramiento e informaci\u00f3n y atiende consultas, reclamos, solicitudes de mediaci\u00f3n y tem\u00e1ticas referidas a derechos de la personas mayores, entre otras cuestiones.<\/p>\n","protected":false},"excerpt":{"rendered":"<p>La Defensor\u00eda del Pueblo de la Ciudad de Paran\u00e1 particip\u00f3 este martes de una nueva jornada ampliada de atenci\u00f3n a la ciudadan\u00eda. En esta oportunidad, la oficina m\u00f3vil de la instituci\u00f3n estuvo en la Toma Nueva, en inmediaciones del centro de salud que lleva el nombre del barrio. Distintas consultas y reclamos se recibieron en [&hellip;]<\/p>\n","protected":false},"author":1,"featured_media":0,"comment_status":"open","ping_status":"open","sticky":false,"template":"","format":"standard","meta":{"om_disable_all_campaigns":false,"_monsterinsights_skip_tracking":false,"_monsterinsights_sitenote_active":false,"_monsterinsights_sitenote_note":"","_monsterinsights_sitenote_category":0},"categories":[1],"tags":[],"_links":{"self":[{"href":"https:\/\/defensoriaparana.com.ar\/index.php\/wp-json\/wp\/v2\/posts\/2281"}],"collection":[{"href":"https:\/\/defensoriaparana.com.ar\/index.php\/wp-json\/wp\/v2\/posts"}],"about":[{"href":"https:\/\/defensoriaparana.com.ar\/index.php\/wp-json\/wp\/v2\/types\/post"}],"author":[{"embeddable":true,"href":"https:\/\/defensoriaparana.com.ar\/index.php\/wp-json\/wp\/v2\/users\/1"}],"replies":[{"embeddable":true,"href":"https:\/\/defensoriaparana.com.ar\/index.php\/wp-json\/wp\/v2\/comments?post=2281"}],"version-history":[{"count":1,"href":"https:\/\/defensoriaparana.com.ar\/index.php\/wp-json\/wp\/v2\/posts\/2281\/revisions"}],"predecessor-version":[{"id":2284,"href":"https:\/\/defensoriaparana.com.ar\/index.php\/wp-json\/wp\/v2\/posts\/2281\/revisions\/2284"}],"wp:attachment":[{"href":"https:\/\/defensoriaparana.com.ar\/index.php\/wp-json\/wp\/v2\/media?parent=2281"}],"wp:term":[{"taxonomy":"category","embeddable":true,"href":"https:\/\/defensoriaparana.com.ar\/index.php\/wp-json\/wp\/v2\/categories?post=2281"},{"taxonomy":"post_tag","embeddable":true,"href":"https:\/\/defensoriaparana.com.ar\/index.php\/wp-json\/wp\/v2\/tags?post=2281"}],"curies":[{"name":"wp","href":"https:\/\/api.w.org\/{rel}","templated":true}]}}