{"id":2282,"date":"2021-10-05T01:39:06","date_gmt":"2021-10-05T01:39:06","guid":{"rendered":"http:\/\/defensoriaparana.com.ar\/?p=2282"},"modified":"2022-07-12T01:40:54","modified_gmt":"2022-07-12T01:40:54","slug":"las-defensoras-del-pueblo-de-parana-se-reunieron-con-sus-pares-santafesinos","status":"publish","type":"post","link":"https:\/\/defensoriaparana.com.ar\/index.php\/2021\/10\/05\/las-defensoras-del-pueblo-de-parana-se-reunieron-con-sus-pares-santafesinos\/","title":{"rendered":"Las Defensoras del Pueblo de Paran\u00e1 se reunieron con sus pares santafesinos"},"content":{"rendered":"<p>Las Defensoras del Pueblo de la Ciudad de Paran\u00e1, Marcia L\u00f3pez, y Cecilia Pautaso (Adjunta), se reunieron con sus pares de Santa Fe, Gabriel Savino y Jorge Henn. El encuentro se realiz\u00f3 en la sede de la Defensor\u00eda del Pueblo de la Provincia de Santa Fe y fue para conversar sobre las tem\u00e1ticas comunes a ambas instituciones y diagramar una agenda conjunta sobre temas que atienden las Defensor\u00edas. Tambi\u00e9n se abord\u00f3 la posibilidad de generar instancias de capacitaci\u00f3n.\u00a0 Durante la reuni\u00f3n, las Defensoras del Pueblo de Paran\u00e1 tomaron contacto con los directores de las distintas \u00e1reas de la instituci\u00f3n santafesina y repasaron los temas que se han abordado en forma conjunta, como los reclamos por las deficiencias del servicio de colectivo interurbano entre ambas ciudades, capitales de provincia, las personas en situaci\u00f3n de calle, vendedores ambulantes y trata de personas, entre otros.<\/p>\n<p>Savino y Henn, Defensores Adjuntos, asumieron la conducci\u00f3n de la instituci\u00f3n santafesina en julio pasado, tras la finalizaci\u00f3n del mandato de Ra\u00fal Lamberto.<\/p>\n<div id=\"attachment_8808\" class=\"wp-caption alignnone\"><img loading=\"lazy\" class=\" wp-image-8808\" src=\"http:\/\/www.defensoriaparana.gov.ar\/wp-content\/uploads\/reuni%C3%B3n-santa4-1.jpg\" sizes=\"(max-width: 761px) 100vw, 761px\" srcset=\"https:\/\/www.defensoriaparana.gov.ar\/wp-content\/uploads\/reuni\u00f3n-santa4-1.jpg 991w, https:\/\/www.defensoriaparana.gov.ar\/wp-content\/uploads\/reuni\u00f3n-santa4-1-300x169.jpg 300w, https:\/\/www.defensoriaparana.gov.ar\/wp-content\/uploads\/reuni\u00f3n-santa4-1-768x432.jpg 768w, https:\/\/www.defensoriaparana.gov.ar\/wp-content\/uploads\/reuni\u00f3n-santa4-1-170x96.jpg 170w, https:\/\/www.defensoriaparana.gov.ar\/wp-content\/uploads\/reuni\u00f3n-santa4-1-284x160.jpg 284w\" alt=\"\" width=\"761\" height=\"429\" \/><\/p>\n<p class=\"wp-caption-text\">La reuni\u00f3n de las autoridades de ambas instituciones fue para tratar tem\u00e1ticas comunes y acordar una agenda de trabajo.<\/p>\n<\/div>\n","protected":false},"excerpt":{"rendered":"<p>Las Defensoras del Pueblo de la Ciudad de Paran\u00e1, Marcia L\u00f3pez, y Cecilia Pautaso (Adjunta), se reunieron con sus pares de Santa Fe, Gabriel Savino y Jorge Henn. El encuentro se realiz\u00f3 en la sede de la Defensor\u00eda del Pueblo de la Provincia de Santa Fe y fue para conversar sobre las tem\u00e1ticas comunes a [&hellip;]<\/p>\n","protected":false},"author":1,"featured_media":0,"comment_status":"open","ping_status":"open","sticky":false,"template":"","format":"standard","meta":{"om_disable_all_campaigns":false,"_monsterinsights_skip_tracking":false,"_monsterinsights_sitenote_active":false,"_monsterinsights_sitenote_note":"","_monsterinsights_sitenote_category":0},"categories":[1],"tags":[],"_links":{"self":[{"href":"https:\/\/defensoriaparana.com.ar\/index.php\/wp-json\/wp\/v2\/posts\/2282"}],"collection":[{"href":"https:\/\/defensoriaparana.com.ar\/index.php\/wp-json\/wp\/v2\/posts"}],"about":[{"href":"https:\/\/defensoriaparana.com.ar\/index.php\/wp-json\/wp\/v2\/types\/post"}],"author":[{"embeddable":true,"href":"https:\/\/defensoriaparana.com.ar\/index.php\/wp-json\/wp\/v2\/users\/1"}],"replies":[{"embeddable":true,"href":"https:\/\/defensoriaparana.com.ar\/index.php\/wp-json\/wp\/v2\/comments?post=2282"}],"version-history":[{"count":1,"href":"https:\/\/defensoriaparana.com.ar\/index.php\/wp-json\/wp\/v2\/posts\/2282\/revisions"}],"predecessor-version":[{"id":2285,"href":"https:\/\/defensoriaparana.com.ar\/index.php\/wp-json\/wp\/v2\/posts\/2282\/revisions\/2285"}],"wp:attachment":[{"href":"https:\/\/defensoriaparana.com.ar\/index.php\/wp-json\/wp\/v2\/media?parent=2282"}],"wp:term":[{"taxonomy":"category","embeddable":true,"href":"https:\/\/defensoriaparana.com.ar\/index.php\/wp-json\/wp\/v2\/categories?post=2282"},{"taxonomy":"post_tag","embeddable":true,"href":"https:\/\/defensoriaparana.com.ar\/index.php\/wp-json\/wp\/v2\/tags?post=2282"}],"curies":[{"name":"wp","href":"https:\/\/api.w.org\/{rel}","templated":true}]}}