{"id":2287,"date":"2021-09-08T01:41:18","date_gmt":"2021-09-08T01:41:18","guid":{"rendered":"http:\/\/defensoriaparana.com.ar\/?p=2287"},"modified":"2022-07-12T01:42:10","modified_gmt":"2022-07-12T01:42:10","slug":"habra-una-jornada-abierta-por-los-dos-anos-de-la-red-por-los-derechos-de-las-personas-en-situacion-de-calle","status":"publish","type":"post","link":"https:\/\/defensoriaparana.com.ar\/index.php\/2021\/09\/08\/habra-una-jornada-abierta-por-los-dos-anos-de-la-red-por-los-derechos-de-las-personas-en-situacion-de-calle\/","title":{"rendered":"Habr\u00e1 una jornada abierta por los dos a\u00f1os de la Red por los Derechos de las Personas en Situaci\u00f3n de Calle"},"content":{"rendered":"<p>El pr\u00f3ximo viernes, de 16 a 19, se realizar\u00e1 una jornada abierta en la Plaza S\u00e1enz Pe\u00f1a para conmemorar el segundo aniversario de la constituci\u00f3n de la Red por los Derechos de las Personas en Situaci\u00f3n de Calle -\u00e1mbito que conforma la Defensor\u00eda del Pueblo de Paran\u00e1 junto a numerosas instituciones y organizaciones sociales- y para continuar con el trabajo de visibilizaci\u00f3n de una problem\u00e1tica que sigue vigente con crudeza en la ciudad.<\/p>\n<p>La propuesta incluye el desarrollo de talleres (grabado, teatro, narraci\u00f3n, art\u00edsticos), un espacio l\u00fadico-recreativo, el funcionamiento de una radio comunitaria, n\u00fameros de m\u00fasica en vivo y venta de distintos productos artesanales, entre otras actividades.<\/p>\n<p>Para el cierre habr\u00e1 una olla popular para compartir entre los asistentes. Se invita a la ciudadan\u00eda a acercarse y participar de la jornada, y tambi\u00e9n a colaborar con la donaci\u00f3n de alimentos no perecederos, ropa y elementos de higiene personal que se destinar\u00e1n a personas en situaci\u00f3n de calle.<\/p>\n<p><strong>Surgimiento y crecimiento de la Red<\/strong><\/p>\n<p>La Red surgi\u00f3 en septiembre de 2019 ante la cr\u00f3nica y dolorosa realidad de las personas en situaci\u00f3n de calle, con el fin de visibilizar la situaci\u00f3n y reclamar acciones concretas y pol\u00edticas de Estado que aborden desde una perspectiva de derechos, efectivamente y de manera integral esta problem\u00e1tica.<\/p>\n<p>El 10 de septiembre se realiz\u00f3 la primera reuni\u00f3n en la que distintas instituciones y organizaciones se convocaron motivadas por la preocupaci\u00f3n que gener\u00f3 el cierre de un refugio habilitado en la sede de CTEP (Confederaci\u00f3n de Trabajadores de la Econom\u00eda Popular) en julio de ese a\u00f1o, y con el objetivo de comenzar a trabajar de forma articulada la compleja problem\u00e1tica de las personas que se encuentran en situaci\u00f3n de calle en la ciudad.<\/p>\n<div id=\"attachment_8729\" class=\"wp-caption alignnone\"><img loading=\"lazy\" class=\"size-full wp-image-8729\" src=\"http:\/\/www.defensoriaparana.gov.ar\/wp-content\/uploads\/calle-1-1.jpg\" sizes=\"(max-width: 485px) 100vw, 485px\" srcset=\"https:\/\/www.defensoriaparana.gov.ar\/wp-content\/uploads\/calle-1-1.jpg 485w, https:\/\/www.defensoriaparana.gov.ar\/wp-content\/uploads\/calle-1-1-300x225.jpg 300w, https:\/\/www.defensoriaparana.gov.ar\/wp-content\/uploads\/calle-1-1-170x128.jpg 170w, https:\/\/www.defensoriaparana.gov.ar\/wp-content\/uploads\/calle-1-1-284x213.jpg 284w\" alt=\"\" width=\"485\" height=\"364\" \/><\/p>\n<p class=\"wp-caption-text\"><em>La calle no es un lugar para vivir<\/em>, la consigna de la Red.<\/p>\n<\/div>\n<p>El 25 de septiembre de 2019, la Red se present\u00f3 en sociedad con una pe\u00f1a que se realiz\u00f3 en la Plaza 1\u00b0 de Mayo de Paran\u00e1 con la consigna\u00a0<em>La calle no es un lugar para vivir<\/em>. Desde entonces, la Red ha estado en colaboraci\u00f3n permanente y con presencia en el Centro Municipal de Integraci\u00f3n para Personas en Situaci\u00f3n de Calle que funciona desde marzo de 2020 en el CIC II Este, as\u00ed como ha realizado otras actividades de capacitaci\u00f3n y difusi\u00f3n (por ejemplo, ciclo de conversatorios online en 2020 para conocer otras experiencias y realidades) y acciones conjuntas de acompa\u00f1amiento y promoci\u00f3n de derechos. En junio pasado, las organizaciones participantes firmaron un convenio por el que se formaliz\u00f3 el funcionamiento de la Red.<\/p>\n<p>Los integrantes de la Red son: Facultad de Trabajo Social (UNER), Facultad Teresa de \u00c1vila (UCA), Banco de Alimentos Paran\u00e1, C\u00e1ritas Arquidiocesana Paran\u00e1, Red Puentes, Suma de Voluntades, Grupo \u00abCompartir\u00bb, Grupo \u201cUn Cielo Nuevo\u201d de la Parroquia Nuestra Se\u00f1ora de la Piedad, Defensor\u00eda del Pueblo de la Ciudad de Paran\u00e1, Iglesia Evang\u00e9lica Valdense del R\u00edo de la Plata, Asociaci\u00f3n Israelita de Paran\u00e1, Facultad de Humanidades, Artes y Ciencias Sociales (UADER), Hogar de Cristo Paran\u00e1, Barrios de Pie \u2013 Libres del Sur, Facultad de Ciencias Econ\u00f3micas (UNER), Casa de Acompa\u00f1amiento y Asistencia Comunitaria: Vientos de Libertad, Instituto Latinoamericano del Ombudsman, CTEP \u2013 Uni\u00f3n Trabajadores de la Econom\u00eda Popular.<\/p>\n","protected":false},"excerpt":{"rendered":"<p>El pr\u00f3ximo viernes, de 16 a 19, se realizar\u00e1 una jornada abierta en la Plaza S\u00e1enz Pe\u00f1a para conmemorar el segundo aniversario de la constituci\u00f3n de la Red por los Derechos de las Personas en Situaci\u00f3n de Calle -\u00e1mbito que conforma la Defensor\u00eda del Pueblo de Paran\u00e1 junto a numerosas instituciones y organizaciones sociales- y [&hellip;]<\/p>\n","protected":false},"author":1,"featured_media":0,"comment_status":"open","ping_status":"open","sticky":false,"template":"","format":"standard","meta":{"om_disable_all_campaigns":false,"_monsterinsights_skip_tracking":false,"_monsterinsights_sitenote_active":false,"_monsterinsights_sitenote_note":"","_monsterinsights_sitenote_category":0},"categories":[1],"tags":[],"_links":{"self":[{"href":"https:\/\/defensoriaparana.com.ar\/index.php\/wp-json\/wp\/v2\/posts\/2287"}],"collection":[{"href":"https:\/\/defensoriaparana.com.ar\/index.php\/wp-json\/wp\/v2\/posts"}],"about":[{"href":"https:\/\/defensoriaparana.com.ar\/index.php\/wp-json\/wp\/v2\/types\/post"}],"author":[{"embeddable":true,"href":"https:\/\/defensoriaparana.com.ar\/index.php\/wp-json\/wp\/v2\/users\/1"}],"replies":[{"embeddable":true,"href":"https:\/\/defensoriaparana.com.ar\/index.php\/wp-json\/wp\/v2\/comments?post=2287"}],"version-history":[{"count":1,"href":"https:\/\/defensoriaparana.com.ar\/index.php\/wp-json\/wp\/v2\/posts\/2287\/revisions"}],"predecessor-version":[{"id":2290,"href":"https:\/\/defensoriaparana.com.ar\/index.php\/wp-json\/wp\/v2\/posts\/2287\/revisions\/2290"}],"wp:attachment":[{"href":"https:\/\/defensoriaparana.com.ar\/index.php\/wp-json\/wp\/v2\/media?parent=2287"}],"wp:term":[{"taxonomy":"category","embeddable":true,"href":"https:\/\/defensoriaparana.com.ar\/index.php\/wp-json\/wp\/v2\/categories?post=2287"},{"taxonomy":"post_tag","embeddable":true,"href":"https:\/\/defensoriaparana.com.ar\/index.php\/wp-json\/wp\/v2\/tags?post=2287"}],"curies":[{"name":"wp","href":"https:\/\/api.w.org\/{rel}","templated":true}]}}