{"id":2288,"date":"2021-09-08T01:41:19","date_gmt":"2021-09-08T01:41:19","guid":{"rendered":"http:\/\/defensoriaparana.com.ar\/?p=2288"},"modified":"2022-07-12T01:42:27","modified_gmt":"2022-07-12T01:42:27","slug":"la-defensoria-del-pueblo-atendio-consultas-en-barrio-humito","status":"publish","type":"post","link":"https:\/\/defensoriaparana.com.ar\/index.php\/2021\/09\/08\/la-defensoria-del-pueblo-atendio-consultas-en-barrio-humito\/","title":{"rendered":"La Defensor\u00eda del Pueblo atendi\u00f3 consultas en barrio Humito"},"content":{"rendered":"<p>La oficina m\u00f3vil de la Defensor\u00eda del Pueblo de Paran\u00e1 estuvo este martes en el barrio Humito, ubicado la zona oeste de la ciudad, con la presencia de las Defensoras Marcia L\u00f3pez y Cecilia Pautaso (Adjunta). Tambi\u00e9n estuvo Ligia Blanco, Defensora de los Derechos de las Personas Mayores. La atenci\u00f3n se realiz\u00f3 desde el Centro Integrador Comunitario (CIC), situado en calle Estado de Palestina y 1349, hasta donde llegaron \u00a0vecinos con distintos planteos, solicitudes de asesoramiento, mediaci\u00f3n y reclamos, pese a la ma\u00f1ana gris.<\/p>\n<div id=\"attachment_8722\" class=\"wp-caption alignnone\"><img loading=\"lazy\" class=\" wp-image-8722\" src=\"http:\/\/www.defensoriaparana.gov.ar\/wp-content\/uploads\/Barrio-Humito.jpg\" sizes=\"(max-width: 461px) 100vw, 461px\" srcset=\"https:\/\/www.defensoriaparana.gov.ar\/wp-content\/uploads\/Barrio-Humito.jpg 1600w, https:\/\/www.defensoriaparana.gov.ar\/wp-content\/uploads\/Barrio-Humito-300x225.jpg 300w, https:\/\/www.defensoriaparana.gov.ar\/wp-content\/uploads\/Barrio-Humito-768x576.jpg 768w, https:\/\/www.defensoriaparana.gov.ar\/wp-content\/uploads\/Barrio-Humito-1024x768.jpg 1024w, https:\/\/www.defensoriaparana.gov.ar\/wp-content\/uploads\/Barrio-Humito-170x128.jpg 170w, https:\/\/www.defensoriaparana.gov.ar\/wp-content\/uploads\/Barrio-Humito-284x213.jpg 284w\" alt=\"\" width=\"461\" height=\"346\" \/><\/p>\n<p class=\"wp-caption-text\">Las Defensoras del Pueblo durante la atenci\u00f3n en el CIC de barrio Humito.<\/p>\n<\/div>\n<p>Esta actividad se enmarca en una serie de jornadas de atenci\u00f3n comunitaria que incluye a \u00e1reas de jurisdicciones municipales, provinciales y nacionales, que atienden situaciones de \u00edndole social.<\/p>\n<p>Por el cielo plomizo y la amenaza de lluvia, las oficinas se instalaron en un amplio sal\u00f3n del CIC, conservando las distancias y las medidas de prevenci\u00f3n vigentes.<\/p>\n<p>&nbsp;<\/p>\n<div id=\"attachment_8723\" class=\"wp-caption alignnone\"><img loading=\"lazy\" class=\" wp-image-8723\" src=\"http:\/\/www.defensoriaparana.gov.ar\/wp-content\/uploads\/barrio-humito-1.jpg\" sizes=\"(max-width: 353px) 100vw, 353px\" srcset=\"https:\/\/www.defensoriaparana.gov.ar\/wp-content\/uploads\/barrio-humito-1.jpg 1600w, https:\/\/www.defensoriaparana.gov.ar\/wp-content\/uploads\/barrio-humito-1-300x225.jpg 300w, https:\/\/www.defensoriaparana.gov.ar\/wp-content\/uploads\/barrio-humito-1-768x576.jpg 768w, https:\/\/www.defensoriaparana.gov.ar\/wp-content\/uploads\/barrio-humito-1-1024x768.jpg 1024w, https:\/\/www.defensoriaparana.gov.ar\/wp-content\/uploads\/barrio-humito-1-170x128.jpg 170w, https:\/\/www.defensoriaparana.gov.ar\/wp-content\/uploads\/barrio-humito-1-284x213.jpg 284w\" alt=\"\" width=\"353\" height=\"265\" \/><\/p>\n<p class=\"wp-caption-text\">Por la amenaza de lluvia, la atenci\u00f3n se realiz\u00f3 desde un amplio sal\u00f3n del CIC.<\/p>\n<\/div>\n<p>Con el fin de continuar con el acercamiento a los barrios, se planifica seguir realizando atenciones semanales en diferentes zonas de la ciudad, actividad que ser\u00e1 difundida con antelaci\u00f3n. La intenci\u00f3n de participar de jornadas de atenci\u00f3n ampliada, que incluyan oficinas m\u00f3viles de distintas \u00e1reas del Estado, busca facilitar el acceso a la ciudadan\u00eda a la realizaci\u00f3n de tr\u00e1mites y consultas.<\/p>\n<div id=\"attachment_8724\" class=\"wp-caption alignnone\"><img loading=\"lazy\" class=\" wp-image-8724\" src=\"http:\/\/www.defensoriaparana.gov.ar\/wp-content\/uploads\/Barrio-Humito-otras-%C3%A1reas.jpg\" sizes=\"(max-width: 348px) 100vw, 348px\" srcset=\"https:\/\/www.defensoriaparana.gov.ar\/wp-content\/uploads\/Barrio-Humito-otras-\u00e1reas.jpg 1600w, https:\/\/www.defensoriaparana.gov.ar\/wp-content\/uploads\/Barrio-Humito-otras-\u00e1reas-300x225.jpg 300w, https:\/\/www.defensoriaparana.gov.ar\/wp-content\/uploads\/Barrio-Humito-otras-\u00e1reas-768x576.jpg 768w, https:\/\/www.defensoriaparana.gov.ar\/wp-content\/uploads\/Barrio-Humito-otras-\u00e1reas-1024x768.jpg 1024w, https:\/\/www.defensoriaparana.gov.ar\/wp-content\/uploads\/Barrio-Humito-otras-\u00e1reas-170x128.jpg 170w, https:\/\/www.defensoriaparana.gov.ar\/wp-content\/uploads\/Barrio-Humito-otras-\u00e1reas-284x213.jpg 284w\" alt=\"\" width=\"348\" height=\"261\" \/><\/p>\n<p class=\"wp-caption-text\">Distintas \u00e1reas del Estado participaron de la jornada.<\/p>\n<\/div>\n","protected":false},"excerpt":{"rendered":"<p>La oficina m\u00f3vil de la Defensor\u00eda del Pueblo de Paran\u00e1 estuvo este martes en el barrio Humito, ubicado la zona oeste de la ciudad, con la presencia de las Defensoras Marcia L\u00f3pez y Cecilia Pautaso (Adjunta). Tambi\u00e9n estuvo Ligia Blanco, Defensora de los Derechos de las Personas Mayores. La atenci\u00f3n se realiz\u00f3 desde el Centro [&hellip;]<\/p>\n","protected":false},"author":1,"featured_media":0,"comment_status":"open","ping_status":"open","sticky":false,"template":"","format":"standard","meta":{"om_disable_all_campaigns":false,"_monsterinsights_skip_tracking":false,"_monsterinsights_sitenote_active":false,"_monsterinsights_sitenote_note":"","_monsterinsights_sitenote_category":0},"categories":[1],"tags":[],"_links":{"self":[{"href":"https:\/\/defensoriaparana.com.ar\/index.php\/wp-json\/wp\/v2\/posts\/2288"}],"collection":[{"href":"https:\/\/defensoriaparana.com.ar\/index.php\/wp-json\/wp\/v2\/posts"}],"about":[{"href":"https:\/\/defensoriaparana.com.ar\/index.php\/wp-json\/wp\/v2\/types\/post"}],"author":[{"embeddable":true,"href":"https:\/\/defensoriaparana.com.ar\/index.php\/wp-json\/wp\/v2\/users\/1"}],"replies":[{"embeddable":true,"href":"https:\/\/defensoriaparana.com.ar\/index.php\/wp-json\/wp\/v2\/comments?post=2288"}],"version-history":[{"count":1,"href":"https:\/\/defensoriaparana.com.ar\/index.php\/wp-json\/wp\/v2\/posts\/2288\/revisions"}],"predecessor-version":[{"id":2291,"href":"https:\/\/defensoriaparana.com.ar\/index.php\/wp-json\/wp\/v2\/posts\/2288\/revisions\/2291"}],"wp:attachment":[{"href":"https:\/\/defensoriaparana.com.ar\/index.php\/wp-json\/wp\/v2\/media?parent=2288"}],"wp:term":[{"taxonomy":"category","embeddable":true,"href":"https:\/\/defensoriaparana.com.ar\/index.php\/wp-json\/wp\/v2\/categories?post=2288"},{"taxonomy":"post_tag","embeddable":true,"href":"https:\/\/defensoriaparana.com.ar\/index.php\/wp-json\/wp\/v2\/tags?post=2288"}],"curies":[{"name":"wp","href":"https:\/\/api.w.org\/{rel}","templated":true}]}}