{"id":2289,"date":"2021-09-06T01:41:20","date_gmt":"2021-09-06T01:41:20","guid":{"rendered":"http:\/\/defensoriaparana.com.ar\/?p=2289"},"modified":"2022-07-12T01:42:45","modified_gmt":"2022-07-12T01:42:45","slug":"jornada-de-atencion-en-el-cic-ii-del-este-de-la-ciudad","status":"publish","type":"post","link":"https:\/\/defensoriaparana.com.ar\/index.php\/2021\/09\/06\/jornada-de-atencion-en-el-cic-ii-del-este-de-la-ciudad\/","title":{"rendered":"Jornada de atenci\u00f3n en el CIC II del este de la ciudad"},"content":{"rendered":"<div class=\"o9v6fnle cxmmr5t8 oygrvhab hcukyx3x c1et5uql ii04i59q\">\n<div dir=\"auto\">Una nueva jornada de atenci\u00f3n de consultas se desarroll\u00f3 este lunes. Fue al aire libre, en un espacio del Centro de Integraci\u00f3n Comunitario (CIC) II Este, en el que la Defensor\u00eda del Pueblo de Paran\u00e1 comparti\u00f3 con otras \u00e1reas municipales, provinciales y nacionales que atienden tem\u00e1ticas sociales.<\/div>\n<\/div>\n<div class=\"o9v6fnle cxmmr5t8 oygrvhab hcukyx3x c1et5uql ii04i59q\">\n<div dir=\"auto\">En la atenci\u00f3n de las personas que fueron llegando durante la ma\u00f1ana estuvieron las Defensoras del Pueblo Marcia L\u00f3pez y Cecilia Pautaso (Adjunta) y la Defensora de los Derechos de las Personas Mayores, Ligia Blanco. De forma conjunta, personal de la instituci\u00f3n y del Centro de Mediaci\u00f3n Comunitario brind\u00f3 asesoramiento e informaci\u00f3n a los vecinos que se fueron acercando.<\/div>\n<div dir=\"auto\">Estuvieron \u00e1reas de los Ministerios de Desarrollo Social y de Trabajo, Empleo y Seguridad Social de la Naci\u00f3n, Anses, Municipalidad de Paran\u00e1, Registro Civil y Centro de Acceso a la Justicia.<\/div>\n<div dir=\"auto\">\n<div id=\"attachment_8718\" class=\"wp-caption alignnone\"><img loading=\"lazy\" class=\" wp-image-8718\" src=\"http:\/\/www.defensoriaparana.gov.ar\/wp-content\/uploads\/ciceste3.jpg\" sizes=\"(max-width: 405px) 100vw, 405px\" srcset=\"https:\/\/www.defensoriaparana.gov.ar\/wp-content\/uploads\/ciceste3.jpg 1600w, https:\/\/www.defensoriaparana.gov.ar\/wp-content\/uploads\/ciceste3-300x225.jpg 300w, https:\/\/www.defensoriaparana.gov.ar\/wp-content\/uploads\/ciceste3-768x576.jpg 768w, https:\/\/www.defensoriaparana.gov.ar\/wp-content\/uploads\/ciceste3-1024x768.jpg 1024w, https:\/\/www.defensoriaparana.gov.ar\/wp-content\/uploads\/ciceste3-170x128.jpg 170w, https:\/\/www.defensoriaparana.gov.ar\/wp-content\/uploads\/ciceste3-284x213.jpg 284w\" alt=\"\" width=\"405\" height=\"304\" \/><\/p>\n<p class=\"wp-caption-text\">La Defensora Marcia L\u00f3pez particip\u00f3 de la jornada.<\/p>\n<\/div>\n<\/div>\n<\/div>\n<div dir=\"auto\">\n<div id=\"attachment_8717\" class=\"wp-caption alignnone\"><img loading=\"lazy\" class=\" wp-image-8717\" src=\"http:\/\/www.defensoriaparana.gov.ar\/wp-content\/uploads\/cic-este2.jpg\" sizes=\"(max-width: 403px) 100vw, 403px\" srcset=\"https:\/\/www.defensoriaparana.gov.ar\/wp-content\/uploads\/cic-este2.jpg 1600w, https:\/\/www.defensoriaparana.gov.ar\/wp-content\/uploads\/cic-este2-300x225.jpg 300w, https:\/\/www.defensoriaparana.gov.ar\/wp-content\/uploads\/cic-este2-768x576.jpg 768w, https:\/\/www.defensoriaparana.gov.ar\/wp-content\/uploads\/cic-este2-1024x768.jpg 1024w, https:\/\/www.defensoriaparana.gov.ar\/wp-content\/uploads\/cic-este2-170x128.jpg 170w, https:\/\/www.defensoriaparana.gov.ar\/wp-content\/uploads\/cic-este2-284x213.jpg 284w\" alt=\"\" width=\"403\" height=\"302\" \/><\/p>\n<p class=\"wp-caption-text\">La Defensora Cecilia Pautaso (Adjunta) en la atenci\u00f3n de vecinos de la zona este.<\/p>\n<\/div>\n<div id=\"attachment_8719\" class=\"wp-caption alignnone\"><img loading=\"lazy\" class=\" wp-image-8719\" src=\"http:\/\/www.defensoriaparana.gov.ar\/wp-content\/uploads\/CICIC.jpg\" sizes=\"(max-width: 376px) 100vw, 376px\" srcset=\"https:\/\/www.defensoriaparana.gov.ar\/wp-content\/uploads\/CICIC.jpg 1600w, https:\/\/www.defensoriaparana.gov.ar\/wp-content\/uploads\/CICIC-300x225.jpg 300w, https:\/\/www.defensoriaparana.gov.ar\/wp-content\/uploads\/CICIC-768x576.jpg 768w, https:\/\/www.defensoriaparana.gov.ar\/wp-content\/uploads\/CICIC-1024x768.jpg 1024w, https:\/\/www.defensoriaparana.gov.ar\/wp-content\/uploads\/CICIC-170x128.jpg 170w, https:\/\/www.defensoriaparana.gov.ar\/wp-content\/uploads\/CICIC-284x213.jpg 284w\" alt=\"\" width=\"376\" height=\"282\" \/><\/p>\n<p class=\"wp-caption-text\">La Defensora Ligia Blanco tambi\u00e9n en la atenci\u00f3n.<\/p>\n<\/div>\n<\/div>\n<div class=\"o9v6fnle cxmmr5t8 oygrvhab hcukyx3x c1et5uql ii04i59q\">\n<div dir=\"auto\"><\/div>\n<div dir=\"auto\"><strong>Este martes, en barrio Humito<\/strong><\/div>\n<div dir=\"auto\">Las \u00e1reas mencionadas tienen previsto trasladarse este martes a barrio Humito. La atenci\u00f3n ser\u00e1 de 8 a 12 en el Centro Integrador Comunitario (CIC), ubicado en calle Estado de Palestina y calle 1349. Como se planea ubicar las \u00e1reas al aire libre, en caso de lluvia la actividad ser\u00e1 reprogramada para los pr\u00f3ximos d\u00edas.<\/div>\n<\/div>\n","protected":false},"excerpt":{"rendered":"<p>Una nueva jornada de atenci\u00f3n de consultas se desarroll\u00f3 este lunes. Fue al aire libre, en un espacio del Centro de Integraci\u00f3n Comunitario (CIC) II Este, en el que la Defensor\u00eda del Pueblo de Paran\u00e1 comparti\u00f3 con otras \u00e1reas municipales, provinciales y nacionales que atienden tem\u00e1ticas sociales. En la atenci\u00f3n de las personas que fueron [&hellip;]<\/p>\n","protected":false},"author":1,"featured_media":0,"comment_status":"open","ping_status":"open","sticky":false,"template":"","format":"standard","meta":{"om_disable_all_campaigns":false,"_monsterinsights_skip_tracking":false,"_monsterinsights_sitenote_active":false,"_monsterinsights_sitenote_note":"","_monsterinsights_sitenote_category":0},"categories":[1],"tags":[],"_links":{"self":[{"href":"https:\/\/defensoriaparana.com.ar\/index.php\/wp-json\/wp\/v2\/posts\/2289"}],"collection":[{"href":"https:\/\/defensoriaparana.com.ar\/index.php\/wp-json\/wp\/v2\/posts"}],"about":[{"href":"https:\/\/defensoriaparana.com.ar\/index.php\/wp-json\/wp\/v2\/types\/post"}],"author":[{"embeddable":true,"href":"https:\/\/defensoriaparana.com.ar\/index.php\/wp-json\/wp\/v2\/users\/1"}],"replies":[{"embeddable":true,"href":"https:\/\/defensoriaparana.com.ar\/index.php\/wp-json\/wp\/v2\/comments?post=2289"}],"version-history":[{"count":1,"href":"https:\/\/defensoriaparana.com.ar\/index.php\/wp-json\/wp\/v2\/posts\/2289\/revisions"}],"predecessor-version":[{"id":2292,"href":"https:\/\/defensoriaparana.com.ar\/index.php\/wp-json\/wp\/v2\/posts\/2289\/revisions\/2292"}],"wp:attachment":[{"href":"https:\/\/defensoriaparana.com.ar\/index.php\/wp-json\/wp\/v2\/media?parent=2289"}],"wp:term":[{"taxonomy":"category","embeddable":true,"href":"https:\/\/defensoriaparana.com.ar\/index.php\/wp-json\/wp\/v2\/categories?post=2289"},{"taxonomy":"post_tag","embeddable":true,"href":"https:\/\/defensoriaparana.com.ar\/index.php\/wp-json\/wp\/v2\/tags?post=2289"}],"curies":[{"name":"wp","href":"https:\/\/api.w.org\/{rel}","templated":true}]}}