{"id":2296,"date":"2021-08-25T01:43:17","date_gmt":"2021-08-25T01:43:17","guid":{"rendered":"http:\/\/defensoriaparana.com.ar\/?p=2296"},"modified":"2022-07-12T01:44:01","modified_gmt":"2022-07-12T01:44:01","slug":"la-defensoria-del-pueblo-recibio-una-importante-cantidad-de-consultas-de-personas-de-la-zona-suroeste","status":"publish","type":"post","link":"https:\/\/defensoriaparana.com.ar\/index.php\/2021\/08\/25\/la-defensoria-del-pueblo-recibio-una-importante-cantidad-de-consultas-de-personas-de-la-zona-suroeste\/","title":{"rendered":"La Defensor\u00eda del Pueblo recibi\u00f3 una importante cantidad de consultas de personas de la zona suroeste"},"content":{"rendered":"<p>La oficina m\u00f3vil de la Defensor\u00eda del Pueblo de Paran\u00e1 atendi\u00f3 este mi\u00e9rcoles un importante n\u00famero de personas de barrios de la zona suroeste de la ciudad. Instalados al aire libre, en un costado del ingreso al Centro de Salud Humberto D\u2019Angelo, ubicado en barrio Anacleto Medina Sur, la Defensora del Pueblo, Marcia L\u00f3pez, junto a la Coordinadora del Centro de Mediaci\u00f3n, Irina Chausovsky, y personal de la instituci\u00f3n, receptaron consultas y reclamos de personas provenientes de la zona.<\/p>\n<div id=\"attachment_8657\" class=\"wp-caption alignnone\"><img loading=\"lazy\" class=\" wp-image-8657\" src=\"http:\/\/www.defensoriaparana.gov.ar\/wp-content\/uploads\/Ana-9.jpg\" sizes=\"(max-width: 642px) 100vw, 642px\" srcset=\"https:\/\/www.defensoriaparana.gov.ar\/wp-content\/uploads\/Ana-9.jpg 1040w, https:\/\/www.defensoriaparana.gov.ar\/wp-content\/uploads\/Ana-9-300x225.jpg 300w, https:\/\/www.defensoriaparana.gov.ar\/wp-content\/uploads\/Ana-9-768x576.jpg 768w, https:\/\/www.defensoriaparana.gov.ar\/wp-content\/uploads\/Ana-9-1024x768.jpg 1024w, https:\/\/www.defensoriaparana.gov.ar\/wp-content\/uploads\/Ana-9-170x128.jpg 170w, https:\/\/www.defensoriaparana.gov.ar\/wp-content\/uploads\/Ana-9-284x213.jpg 284w\" alt=\"\" width=\"642\" height=\"482\" \/><\/p>\n<p class=\"wp-caption-text\">La mesa m\u00f3vil funcion\u00f3 al aire libre, al costado del ingreso al Centro de Salud Humberto D\u2019Angelo.<\/p>\n<\/div>\n<p>Temas relacionados a discapacidad, a servicios p\u00fablicos como los de agua potable y cloacas, a convivencia entre vecinos, y a planteos realizados por instituciones de la zona, fueron motivo de consulta en la ma\u00f1ana de este mi\u00e9rcoles 25 de agosto. Una de las solicitudes registrada corresponde a integrantes de la Escuela San Antonio Mar\u00eda Gianelli, que plantearon poder coordinar con otras instituciones actividades, principalmente recreativas, para los ni\u00f1os.<\/p>\n<div id=\"attachment_8658\" class=\"wp-caption alignnone\"><img loading=\"lazy\" class=\" wp-image-8658\" src=\"http:\/\/www.defensoriaparana.gov.ar\/wp-content\/uploads\/ana-7.jpg\" sizes=\"(max-width: 678px) 100vw, 678px\" srcset=\"https:\/\/www.defensoriaparana.gov.ar\/wp-content\/uploads\/ana-7.jpg 1600w, https:\/\/www.defensoriaparana.gov.ar\/wp-content\/uploads\/ana-7-300x225.jpg 300w, https:\/\/www.defensoriaparana.gov.ar\/wp-content\/uploads\/ana-7-768x576.jpg 768w, https:\/\/www.defensoriaparana.gov.ar\/wp-content\/uploads\/ana-7-1024x768.jpg 1024w, https:\/\/www.defensoriaparana.gov.ar\/wp-content\/uploads\/ana-7-170x128.jpg 170w, https:\/\/www.defensoriaparana.gov.ar\/wp-content\/uploads\/ana-7-284x213.jpg 284w\" alt=\"\" width=\"678\" height=\"509\" \/><\/p>\n<p class=\"wp-caption-text\">La Defensora del Pueblo, Marcia L\u00f3pez, junto a personal de la instituci\u00f3n, en la atenci\u00f3n de consultas.<\/p>\n<\/div>\n<p>La Defensora del Pueblo, en declaraciones period\u00edsticas, explic\u00f3 que en lo relacionado a servicios y temas de \u00edndole municipal, se solicita al vecino realizar un primer paso que consiste en registrar el reclamo en el Servicio de atenci\u00f3n al vecino, cuyo n\u00famero gratuito es el 147, y luego, desde la Defensor\u00eda se hace el seguimiento y se gestiona una repuesta ante el \u00e1rea que corresponda.<\/p>\n<div id=\"attachment_8661\" class=\"wp-caption alignnone\"><img loading=\"lazy\" class=\" wp-image-8661\" src=\"http:\/\/www.defensoriaparana.gov.ar\/wp-content\/uploads\/ana-4.jpg\" sizes=\"(max-width: 474px) 100vw, 474px\" srcset=\"https:\/\/www.defensoriaparana.gov.ar\/wp-content\/uploads\/ana-4.jpg 1600w, https:\/\/www.defensoriaparana.gov.ar\/wp-content\/uploads\/ana-4-300x225.jpg 300w, https:\/\/www.defensoriaparana.gov.ar\/wp-content\/uploads\/ana-4-768x576.jpg 768w, https:\/\/www.defensoriaparana.gov.ar\/wp-content\/uploads\/ana-4-1024x768.jpg 1024w, https:\/\/www.defensoriaparana.gov.ar\/wp-content\/uploads\/ana-4-170x128.jpg 170w, https:\/\/www.defensoriaparana.gov.ar\/wp-content\/uploads\/ana-4-284x213.jpg 284w\" alt=\"\" width=\"474\" height=\"356\" \/><\/p>\n<p class=\"wp-caption-text\">La Defensor\u00eda realiz\u00f3 un trabajo en conjunto con el Centro de Salud.<\/p>\n<\/div>\n<p>Tras la actividad de este mi\u00e9rcoles, la Defensora L\u00f3pez agradeci\u00f3 la disposici\u00f3n y el trabajo conjunto con el Centro de Salud D\u2019Angelo, cuya directora es la Trabajadora Social Mariela Vel\u00e1zquez, quien facilit\u00f3 la instalaci\u00f3n de la oficina m\u00f3vil y colabor\u00f3 con la difusi\u00f3n de la jornada de atenci\u00f3n.<\/p>\n<p><strong>Ma\u00f1ana, en el CIC II<\/strong><\/p>\n<p>Los d\u00edas jueves contin\u00faa la atenci\u00f3n en el Centro de Integraci\u00f3n Comunitaria (CIC) II Este, ubicado en las calle F. Garay y Roque S\u00e1enz Pe\u00f1a. En el marco del programa \u201cLa Defensor\u00eda al encuentro\u201d con la ciudadan\u00eda, se inici\u00f3 en julio el trabajo de la oficina m\u00f3vil en la zona este de la ciudad y seguir\u00e1 los pr\u00f3ximos jueves.<\/p>\n","protected":false},"excerpt":{"rendered":"<p>La oficina m\u00f3vil de la Defensor\u00eda del Pueblo de Paran\u00e1 atendi\u00f3 este mi\u00e9rcoles un importante n\u00famero de personas de barrios de la zona suroeste de la ciudad. Instalados al aire libre, en un costado del ingreso al Centro de Salud Humberto D\u2019Angelo, ubicado en barrio Anacleto Medina Sur, la Defensora del Pueblo, Marcia L\u00f3pez, junto [&hellip;]<\/p>\n","protected":false},"author":1,"featured_media":0,"comment_status":"open","ping_status":"open","sticky":false,"template":"","format":"standard","meta":{"om_disable_all_campaigns":false,"_monsterinsights_skip_tracking":false,"_monsterinsights_sitenote_active":false,"_monsterinsights_sitenote_note":"","_monsterinsights_sitenote_category":0},"categories":[1],"tags":[],"_links":{"self":[{"href":"https:\/\/defensoriaparana.com.ar\/index.php\/wp-json\/wp\/v2\/posts\/2296"}],"collection":[{"href":"https:\/\/defensoriaparana.com.ar\/index.php\/wp-json\/wp\/v2\/posts"}],"about":[{"href":"https:\/\/defensoriaparana.com.ar\/index.php\/wp-json\/wp\/v2\/types\/post"}],"author":[{"embeddable":true,"href":"https:\/\/defensoriaparana.com.ar\/index.php\/wp-json\/wp\/v2\/users\/1"}],"replies":[{"embeddable":true,"href":"https:\/\/defensoriaparana.com.ar\/index.php\/wp-json\/wp\/v2\/comments?post=2296"}],"version-history":[{"count":1,"href":"https:\/\/defensoriaparana.com.ar\/index.php\/wp-json\/wp\/v2\/posts\/2296\/revisions"}],"predecessor-version":[{"id":2299,"href":"https:\/\/defensoriaparana.com.ar\/index.php\/wp-json\/wp\/v2\/posts\/2296\/revisions\/2299"}],"wp:attachment":[{"href":"https:\/\/defensoriaparana.com.ar\/index.php\/wp-json\/wp\/v2\/media?parent=2296"}],"wp:term":[{"taxonomy":"category","embeddable":true,"href":"https:\/\/defensoriaparana.com.ar\/index.php\/wp-json\/wp\/v2\/categories?post=2296"},{"taxonomy":"post_tag","embeddable":true,"href":"https:\/\/defensoriaparana.com.ar\/index.php\/wp-json\/wp\/v2\/tags?post=2296"}],"curies":[{"name":"wp","href":"https:\/\/api.w.org\/{rel}","templated":true}]}}