{"id":2304,"date":"2021-07-20T01:45:03","date_gmt":"2021-07-20T01:45:03","guid":{"rendered":"http:\/\/defensoriaparana.com.ar\/?p=2304"},"modified":"2022-07-12T01:46:18","modified_gmt":"2022-07-12T01:46:18","slug":"la-oficina-movil-de-la-defensoria-del-pueblo-atendio-una-importante-afluencia-de-personas","status":"publish","type":"post","link":"https:\/\/defensoriaparana.com.ar\/index.php\/2021\/07\/20\/la-oficina-movil-de-la-defensoria-del-pueblo-atendio-una-importante-afluencia-de-personas\/","title":{"rendered":"La oficina m\u00f3vil de la Defensor\u00eda del Pueblo atendi\u00f3 una importante afluencia de personas"},"content":{"rendered":"<p>Al aire libre y con un sol radiante, se concret\u00f3 este jueves la primera jornada de atenci\u00f3n de la oficina m\u00f3vil de la Defensor\u00eda del Pueblo de la Ciudad de Paran\u00e1 en la zona este de la ciudad. La oficina continuar\u00e1 todos los jueves, de 10 a 12, en el Centro Integrador Comunitario (CIC) II Este, ubicado en las calles Roque S\u00e1enz Pe\u00f1a y F. Garay.\u00a0La atenci\u00f3n contempla la vigencia de los protocolos de prevenci\u00f3n: la exigencia del uso de tapaboca y la facilitaci\u00f3n de alcohol para la higienizaci\u00f3n de manos y objetos<\/p>\n<p>Hasta el patio delantero del CIC, donde se instal\u00f3 una especie de oficina a cielo abierto, se acercaron personas de barrios aleda\u00f1os con sus consultas, reclamos y solicitudes de asesoramiento. Entre los planteos registrados se pueden mencionar quejas relacionadas a servicios del Iosper, consultas por temas de incapacidad, pedidos de eximici\u00f3n de sellados -por parte de personas carentes de recursos econ\u00f3micos- para acceder al DNI, planteos vecinales y referidos a conflictos de vecinos por molestias ocasionadas por mascotas.<\/p>\n<div id=\"attachment_8504\" class=\"wp-caption alignnone\"><img loading=\"lazy\" class=\" wp-image-8504\" src=\"http:\/\/www.defensoriaparana.gov.ar\/wp-content\/uploads\/FOTO10.jpg\" sizes=\"(max-width: 470px) 100vw, 470px\" srcset=\"https:\/\/www.defensoriaparana.gov.ar\/wp-content\/uploads\/FOTO10.jpg 1032w, https:\/\/www.defensoriaparana.gov.ar\/wp-content\/uploads\/FOTO10-300x225.jpg 300w, https:\/\/www.defensoriaparana.gov.ar\/wp-content\/uploads\/FOTO10-768x576.jpg 768w, https:\/\/www.defensoriaparana.gov.ar\/wp-content\/uploads\/FOTO10-1024x768.jpg 1024w, https:\/\/www.defensoriaparana.gov.ar\/wp-content\/uploads\/FOTO10-170x128.jpg 170w, https:\/\/www.defensoriaparana.gov.ar\/wp-content\/uploads\/FOTO10-284x213.jpg 284w\" alt=\"\" width=\"470\" height=\"353\" \/><\/p>\n<p class=\"wp-caption-text\">La Defensora del Pueblo, Marcia L\u00f3pez, con una ciudadana en la oficina m\u00f3vil.<\/p>\n<\/div>\n<p>\u201cEl objetivo es acercar la instituci\u00f3n a la ciudadan\u00eda y evitar que las personas tengan que ir hasta el centro para realizar sus reclamos\u201d, dijo la Defensora del Pueblo, Marcia L\u00f3pez, al referirse a la salida de la Defensor\u00eda a los barrios.<\/p>\n<p>Y explic\u00f3 que en tiempos de pandemia, en los que se dificulta m\u00e1s el viaje hacia el centro de la ciudad, la salida de la Defensor\u00eda al encuentro con la ciudadan\u00eda es un aporte ante la situaci\u00f3n actual. En referencia a la presencia en la zona este de la ciudad, la Defensora expres\u00f3 que \u201ceste es el primero de varios encuentros que vamos a tener los d\u00edas jueves, en este lugar de atenci\u00f3n que ser\u00e1 fijo (en referencia al CIC Este)\u201d.<\/p>\n<p>Consultada sobre si en esta \u00e9poca de aislamiento f\u00edsico se ha generalizado la utilizaci\u00f3n de los medios virtuales para realizar tr\u00e1mites en instituciones, empresas y organismos del Estado, la Defensora consider\u00f3 que hay personas que tienen dificultades para manejarse con esa tecnolog\u00eda, lo que ha sido motivo de reclamos en la instituci\u00f3n. \u201cEn general, las personas mayores no tienen computadora o no saben hacer el tr\u00e1mite. Muchos de los planteos que se presentan en la Defensor\u00eda son por no poder llegar a otras instituciones a hacer consultas o reclamos\u201d, consign\u00f3.<\/p>\n<div id=\"attachment_8513\" class=\"wp-caption alignnone\"><img loading=\"lazy\" class=\" wp-image-8513\" src=\"http:\/\/www.defensoriaparana.gov.ar\/wp-content\/uploads\/FOTO1-1.jpg\" sizes=\"(max-width: 503px) 100vw, 503px\" srcset=\"https:\/\/www.defensoriaparana.gov.ar\/wp-content\/uploads\/FOTO1-1.jpg 1032w, https:\/\/www.defensoriaparana.gov.ar\/wp-content\/uploads\/FOTO1-1-300x225.jpg 300w, https:\/\/www.defensoriaparana.gov.ar\/wp-content\/uploads\/FOTO1-1-768x576.jpg 768w, https:\/\/www.defensoriaparana.gov.ar\/wp-content\/uploads\/FOTO1-1-1024x768.jpg 1024w, https:\/\/www.defensoriaparana.gov.ar\/wp-content\/uploads\/FOTO1-1-170x128.jpg 170w, https:\/\/www.defensoriaparana.gov.ar\/wp-content\/uploads\/FOTO1-1-284x213.jpg 284w\" alt=\"\" width=\"503\" height=\"378\" \/><\/p>\n<p class=\"wp-caption-text\">Durante la ma\u00f1ana, se fueron acercando personas de la zona este.<\/p>\n<\/div>\n<div id=\"attachment_8508\" class=\"wp-caption alignnone\"><img loading=\"lazy\" class=\" wp-image-8508\" src=\"http:\/\/www.defensoriaparana.gov.ar\/wp-content\/uploads\/FOTO6.jpg\" sizes=\"(max-width: 453px) 100vw, 453px\" srcset=\"https:\/\/www.defensoriaparana.gov.ar\/wp-content\/uploads\/FOTO6.jpg 1032w, https:\/\/www.defensoriaparana.gov.ar\/wp-content\/uploads\/FOTO6-300x225.jpg 300w, https:\/\/www.defensoriaparana.gov.ar\/wp-content\/uploads\/FOTO6-768x576.jpg 768w, https:\/\/www.defensoriaparana.gov.ar\/wp-content\/uploads\/FOTO6-1024x768.jpg 1024w, https:\/\/www.defensoriaparana.gov.ar\/wp-content\/uploads\/FOTO6-170x128.jpg 170w, https:\/\/www.defensoriaparana.gov.ar\/wp-content\/uploads\/FOTO6-284x213.jpg 284w\" alt=\"\" width=\"453\" height=\"340\" \/><\/p>\n<p class=\"wp-caption-text\">Se registraron distintos planteos, consultas y reclamos.<\/p>\n<\/div>\n<p>La Defensora record\u00f3 que la oficina m\u00f3vil recibe, entre otros, reclamos acerca de temas vecinales, sobre servicios p\u00fablicos y relacionados a expedientes municipales, a cuestiones sociales (previsionales, obras sociales), sobre los derechos de las personas mayores y cuestiones referidas a conflictos entre vecinos, tem\u00e1ticas abordada desde el Centro de Mediaci\u00f3n Comunitaria de la Defensor\u00eda.<\/p>\n<p>Por \u00faltimo, remarc\u00f3 el rol de la Defensor\u00eda que consiste en \u00a0acompa\u00f1ar a las personas en la facilitaci\u00f3n de las gestiones ante situaciones de vulneraci\u00f3n de los derechos.<\/p>\n<p>La Defensor\u00eda del Pueblo de Paran\u00e1 tiene nueva sede y est\u00e1 ubicada en calle Hip\u00f3lito Yrigoyen 236. Se brinda atenci\u00f3n presencial, de 8 a 13, por tel\u00e9fono a los n\u00fameros 4202322\/4211050 \u2013 08007771112, por whatsapp al 3436226414 y correo electr\u00f3nico:\u00a0<a href=\"mailto:defensoria.parana@gmail.com\">defensoria.parana@gmail.com<\/a>\u00a0Tambi\u00e9n se pueden comunicar con el Centro de Mediaci\u00f3n a los tel\u00e9fonos 4211029\/4211051, por whatsapp al 3435 163712 o mail a\u00a0<a href=\"mailto:mediacionparana@hotmail.com\">mediacionparana@hotmail.com<\/a>. Por temas de jurisdicci\u00f3n nacional, las consultas pueden realizarse a trav\u00e9s de mail a\u00a0<a href=\"mailto:paranadpn@gmail.com\">paranadpn@gmail.com<\/a>\u00a0o al tel\u00e9fono 1137625004 (mensaje de texto y whatsapp).<\/p>\n","protected":false},"excerpt":{"rendered":"<p>Al aire libre y con un sol radiante, se concret\u00f3 este jueves la primera jornada de atenci\u00f3n de la oficina m\u00f3vil de la Defensor\u00eda del Pueblo de la Ciudad de Paran\u00e1 en la zona este de la ciudad. La oficina continuar\u00e1 todos los jueves, de 10 a 12, en el Centro Integrador Comunitario (CIC) II [&hellip;]<\/p>\n","protected":false},"author":1,"featured_media":0,"comment_status":"open","ping_status":"open","sticky":false,"template":"","format":"standard","meta":{"om_disable_all_campaigns":false,"_monsterinsights_skip_tracking":false,"_monsterinsights_sitenote_active":false,"_monsterinsights_sitenote_note":"","_monsterinsights_sitenote_category":0},"categories":[1],"tags":[],"_links":{"self":[{"href":"https:\/\/defensoriaparana.com.ar\/index.php\/wp-json\/wp\/v2\/posts\/2304"}],"collection":[{"href":"https:\/\/defensoriaparana.com.ar\/index.php\/wp-json\/wp\/v2\/posts"}],"about":[{"href":"https:\/\/defensoriaparana.com.ar\/index.php\/wp-json\/wp\/v2\/types\/post"}],"author":[{"embeddable":true,"href":"https:\/\/defensoriaparana.com.ar\/index.php\/wp-json\/wp\/v2\/users\/1"}],"replies":[{"embeddable":true,"href":"https:\/\/defensoriaparana.com.ar\/index.php\/wp-json\/wp\/v2\/comments?post=2304"}],"version-history":[{"count":1,"href":"https:\/\/defensoriaparana.com.ar\/index.php\/wp-json\/wp\/v2\/posts\/2304\/revisions"}],"predecessor-version":[{"id":2307,"href":"https:\/\/defensoriaparana.com.ar\/index.php\/wp-json\/wp\/v2\/posts\/2304\/revisions\/2307"}],"wp:attachment":[{"href":"https:\/\/defensoriaparana.com.ar\/index.php\/wp-json\/wp\/v2\/media?parent=2304"}],"wp:term":[{"taxonomy":"category","embeddable":true,"href":"https:\/\/defensoriaparana.com.ar\/index.php\/wp-json\/wp\/v2\/categories?post=2304"},{"taxonomy":"post_tag","embeddable":true,"href":"https:\/\/defensoriaparana.com.ar\/index.php\/wp-json\/wp\/v2\/tags?post=2304"}],"curies":[{"name":"wp","href":"https:\/\/api.w.org\/{rel}","templated":true}]}}