{"id":2308,"date":"2021-07-04T01:46:35","date_gmt":"2021-07-04T01:46:35","guid":{"rendered":"http:\/\/defensoriaparana.com.ar\/?p=2308"},"modified":"2022-07-12T01:47:18","modified_gmt":"2022-07-12T01:47:18","slug":"ante-la-preocupante-bajante-del-rio-la-defensora-del-pueblo-de-parana-se-expidio-junto-a-sus-pares","status":"publish","type":"post","link":"https:\/\/defensoriaparana.com.ar\/index.php\/2021\/07\/04\/ante-la-preocupante-bajante-del-rio-la-defensora-del-pueblo-de-parana-se-expidio-junto-a-sus-pares\/","title":{"rendered":"Ante la preocupante bajante del r\u00edo, la Defensora del Pueblo de Paran\u00e1 se expidi\u00f3 junto a sus pares"},"content":{"rendered":"<p>La Defensora del Pueblo de la ciudad, Marcia L\u00f3pez, rubric\u00f3 una declaraci\u00f3n junto a sus pares de provincias y ciudades de la cuenca del Paran\u00e1 para expresar la honda preocupaci\u00f3n por la bajante hist\u00f3rica del r\u00edo y solicitar pol\u00edticas p\u00fablicas que atiendan la situaci\u00f3n. Concretamente, los Defensores piden que los gobiernos locales y nacionales adopten las medidas necesarias para preservar los recursos naturales, entre las que se mencionan nuevas regulaciones en la veda pesquera, y el monitoreo y evaluaci\u00f3n constante para asegurar la calidad del agua para consumo humano.<\/p>\n<div id=\"attachment_8451\" class=\"wp-caption alignnone\"><img loading=\"lazy\" class=\"size-full wp-image-8451\" src=\"http:\/\/www.defensoriaparana.gov.ar\/wp-content\/uploads\/bajante.jpg\" sizes=\"(max-width: 600px) 100vw, 600px\" srcset=\"https:\/\/www.defensoriaparana.gov.ar\/wp-content\/uploads\/bajante.jpg 600w, https:\/\/www.defensoriaparana.gov.ar\/wp-content\/uploads\/bajante-300x200.jpg 300w, https:\/\/www.defensoriaparana.gov.ar\/wp-content\/uploads\/bajante-170x113.jpg 170w, https:\/\/www.defensoriaparana.gov.ar\/wp-content\/uploads\/bajante-284x189.jpg 284w, https:\/\/www.defensoriaparana.gov.ar\/wp-content\/uploads\/bajante-135x90.jpg 135w\" alt=\"\" width=\"600\" height=\"400\" \/><\/p>\n<p class=\"wp-caption-text\">Pronunciamiento de Defensor\u00edas por la pronunciada bajante del r\u00edo Paran\u00e1.<\/p>\n<\/div>\n<p>Los Defensores manifiestan en el documento \u201cla preocupaci\u00f3n por la bajante hist\u00f3rica que registra el r\u00edo, con la consiguiente afectaci\u00f3n de todo su ecosistema\u201d y solicitan a los gobiernos locales y nacionales que adopten las pol\u00edticas p\u00fablicas adecuadas para la preservaci\u00f3n de los recursos naturales de la cuenca. Piden que la veda pesquera, como medida de protecci\u00f3n para los recursos ict\u00edcolas, sea considerada en forma uniforme e integral por todos los estados provinciales y ciudades que integran la cuenca del R\u00edo Paran\u00e1, publica Chaco D\u00eda por D\u00eda.<\/p>\n<p>Las Defensor\u00edas del Pueblo, en su car\u00e1cter de \u00f3rganos de control y colaboradores cr\u00edticos de la gesti\u00f3n, constituyendo uno de sus pilares de la defensa de los derechos constitucionales de los ciudadanos, entienden que encontr\u00e1ndose vulnerado el derecho al ambiente sano, equilibrado y sustentable, resulta sumamente importante y urgente la intervenci\u00f3n estatal. En el documento presentado en conjunto, se plantea un sistema de veda coordinado entre las provincias que integran la cuenca del Paran\u00e1, asistencia econ\u00f3mica para las actividades relacionadas con la pesca, monitoreo y evaluaci\u00f3n constante para asegurar la calidad del agua para consumo humano, pol\u00edticas p\u00fablicas que tiendan a proteger la cuenca del r\u00edo Paran\u00e1 y sus ecosistemas y la creaci\u00f3n de un comit\u00e9 integrado por representantes de todas las provincias.<\/p>\n<p>El documento conjunto fue firmado por el Defensor del Pueblo del Chaco Bernardo Voloj, el Defensor del Pueblo de la Provincia de Santa Fe, Ra\u00fal Alberto Lamberto, el Defensor del Pueblo de la Ciudad de Corrientes, Agust\u00edn Payes, la Defensora del Pueblo de la Ciudad de Paran\u00e1, Marcia Paula L\u00f3pez, y el Defensor del Pueblo de la Ciudad de Posadas, Alberto Penayo.<\/p>\n<p>Con informaci\u00f3n de\u00a0Chaco D\u00eda por D\u00eda<\/p>\n","protected":false},"excerpt":{"rendered":"<p>La Defensora del Pueblo de la ciudad, Marcia L\u00f3pez, rubric\u00f3 una declaraci\u00f3n junto a sus pares de provincias y ciudades de la cuenca del Paran\u00e1 para expresar la honda preocupaci\u00f3n por la bajante hist\u00f3rica del r\u00edo y solicitar pol\u00edticas p\u00fablicas que atiendan la situaci\u00f3n. Concretamente, los Defensores piden que los gobiernos locales y nacionales adopten [&hellip;]<\/p>\n","protected":false},"author":1,"featured_media":0,"comment_status":"open","ping_status":"open","sticky":false,"template":"","format":"standard","meta":{"om_disable_all_campaigns":false,"_monsterinsights_skip_tracking":false,"_monsterinsights_sitenote_active":false,"_monsterinsights_sitenote_note":"","_monsterinsights_sitenote_category":0},"categories":[1],"tags":[],"_links":{"self":[{"href":"https:\/\/defensoriaparana.com.ar\/index.php\/wp-json\/wp\/v2\/posts\/2308"}],"collection":[{"href":"https:\/\/defensoriaparana.com.ar\/index.php\/wp-json\/wp\/v2\/posts"}],"about":[{"href":"https:\/\/defensoriaparana.com.ar\/index.php\/wp-json\/wp\/v2\/types\/post"}],"author":[{"embeddable":true,"href":"https:\/\/defensoriaparana.com.ar\/index.php\/wp-json\/wp\/v2\/users\/1"}],"replies":[{"embeddable":true,"href":"https:\/\/defensoriaparana.com.ar\/index.php\/wp-json\/wp\/v2\/comments?post=2308"}],"version-history":[{"count":1,"href":"https:\/\/defensoriaparana.com.ar\/index.php\/wp-json\/wp\/v2\/posts\/2308\/revisions"}],"predecessor-version":[{"id":2311,"href":"https:\/\/defensoriaparana.com.ar\/index.php\/wp-json\/wp\/v2\/posts\/2308\/revisions\/2311"}],"wp:attachment":[{"href":"https:\/\/defensoriaparana.com.ar\/index.php\/wp-json\/wp\/v2\/media?parent=2308"}],"wp:term":[{"taxonomy":"category","embeddable":true,"href":"https:\/\/defensoriaparana.com.ar\/index.php\/wp-json\/wp\/v2\/categories?post=2308"},{"taxonomy":"post_tag","embeddable":true,"href":"https:\/\/defensoriaparana.com.ar\/index.php\/wp-json\/wp\/v2\/tags?post=2308"}],"curies":[{"name":"wp","href":"https:\/\/api.w.org\/{rel}","templated":true}]}}