{"id":2310,"date":"2021-07-04T01:46:37","date_gmt":"2021-07-04T01:46:37","guid":{"rendered":"http:\/\/defensoriaparana.com.ar\/?p=2310"},"modified":"2022-07-12T01:47:57","modified_gmt":"2022-07-12T01:47:57","slug":"la-defensoria-del-pueblo-firmo-un-convenio-que-formaliza-la-red-por-los-derechos-de-las-personas-en-situacion-de-calle","status":"publish","type":"post","link":"https:\/\/defensoriaparana.com.ar\/index.php\/2021\/07\/04\/la-defensoria-del-pueblo-firmo-un-convenio-que-formaliza-la-red-por-los-derechos-de-las-personas-en-situacion-de-calle\/","title":{"rendered":"La Defensor\u00eda del Pueblo firm\u00f3 un convenio que formaliza la Red por los Derechos de las Personas en Situaci\u00f3n de Calle"},"content":{"rendered":"<p>Integrantes de la Red por los Derechos de las Persona en Situaci\u00f3n de Calle, \u00e1mbito del que es parte la Defensor\u00eda del Pueblo de Paran\u00e1 junto a instituciones y organizaciones p\u00fablicas y privadas de la ciudad, firmaron un convenio de colaboraci\u00f3n que formaliza el v\u00ednculo del espacio creado en septiembre de 2019. La Red surgi\u00f3 ante la cr\u00f3nica y dolorosa realidad de quienes permanecen en lugares p\u00fablicos y con el fin de visibilizar la situaci\u00f3n para avanzar en acciones concretas y pol\u00edticas de Estado que atienda efectivamente y de manera eficiente la problem\u00e1tica.<\/p>\n<div id=\"attachment_8438\" class=\"wp-caption alignnone\"><img loading=\"lazy\" class=\" wp-image-8438\" src=\"http:\/\/www.defensoriaparana.gov.ar\/wp-content\/uploads\/foto-uca.jpg\" sizes=\"(max-width: 581px) 100vw, 581px\" srcset=\"https:\/\/www.defensoriaparana.gov.ar\/wp-content\/uploads\/foto-uca.jpg 2048w, https:\/\/www.defensoriaparana.gov.ar\/wp-content\/uploads\/foto-uca-300x200.jpg 300w, https:\/\/www.defensoriaparana.gov.ar\/wp-content\/uploads\/foto-uca-768x512.jpg 768w, https:\/\/www.defensoriaparana.gov.ar\/wp-content\/uploads\/foto-uca-1024x683.jpg 1024w, https:\/\/www.defensoriaparana.gov.ar\/wp-content\/uploads\/foto-uca-170x113.jpg 170w, https:\/\/www.defensoriaparana.gov.ar\/wp-content\/uploads\/foto-uca-284x189.jpg 284w, https:\/\/www.defensoriaparana.gov.ar\/wp-content\/uploads\/foto-uca-135x90.jpg 135w\" alt=\"\" width=\"581\" height=\"387\" \/><\/p>\n<p class=\"wp-caption-text\">Representantes de diecis\u00e9is instituciones y organizaciones, entre ellos la Defensora del Pueblo de Paran\u00e1, rubricaron el convenio de colaboraci\u00f3n.<\/p>\n<\/div>\n<p>La firma del documento se realiz\u00f3 el 25 de junio pasado, en la Facultad Teresa de \u00c1vila de Paran\u00e1 de la Universidad Cat\u00f3lica Argentina (UCA), y reuni\u00f3 a representantes de diecis\u00e9is instituciones y organizaciones.<\/p>\n<div id=\"attachment_8439\" class=\"wp-caption alignnone\"><img loading=\"lazy\" class=\" wp-image-8439\" src=\"http:\/\/www.defensoriaparana.gov.ar\/wp-content\/uploads\/foto-Uca-1.jpg\" sizes=\"(max-width: 591px) 100vw, 591px\" srcset=\"https:\/\/www.defensoriaparana.gov.ar\/wp-content\/uploads\/foto-Uca-1.jpg 2048w, https:\/\/www.defensoriaparana.gov.ar\/wp-content\/uploads\/foto-Uca-1-300x200.jpg 300w, https:\/\/www.defensoriaparana.gov.ar\/wp-content\/uploads\/foto-Uca-1-768x512.jpg 768w, https:\/\/www.defensoriaparana.gov.ar\/wp-content\/uploads\/foto-Uca-1-1024x683.jpg 1024w, https:\/\/www.defensoriaparana.gov.ar\/wp-content\/uploads\/foto-Uca-1-170x113.jpg 170w, https:\/\/www.defensoriaparana.gov.ar\/wp-content\/uploads\/foto-Uca-1-284x189.jpg 284w, https:\/\/www.defensoriaparana.gov.ar\/wp-content\/uploads\/foto-Uca-1-135x90.jpg 135w\" alt=\"\" width=\"591\" height=\"394\" \/><\/p>\n<p class=\"wp-caption-text\">La Defensora del Pueblo, Marcia L\u00f3pez, en el momento de la firma del documento.<\/p>\n<\/div>\n<p>Con la consigna\u00a0<em>La calle no es un lugar para vivir<\/em>, la Red se present\u00f3 en sociedad el 25 de septiembre de 2019, con una pe\u00f1a que se realiz\u00f3 en la Plaza 1\u00b0 de Mayo de Paran\u00e1, con el fin de compartir con las personas sin techo y, a la vez, dar cuenta p\u00fablicamente de la conformaci\u00f3n y objetivos de la organizaci\u00f3n. Antes, el 10 de septiembre, se hab\u00eda realizado la primera reuni\u00f3n en la que distintas instituciones y organizaciones se convocaron en la sede de la ong Suma de Voluntades, \u201cmotivadas por la preocupaci\u00f3n que gener\u00f3 el cierre del refugio habilitado en la sede de CTEP (Confederaci\u00f3n de Trabajadores de la Econom\u00eda Popular) en julio del mismo a\u00f1o, y con el objetivo de comenzar a trabajar de forma articulada la compleja problem\u00e1tica de las personas que se encuentran en situaci\u00f3n de calle en la ciudad de Paran\u00e1\u201d, se puntualiza en los fundamentos del convenio. De all\u00ed surgi\u00f3 la organizaci\u00f3n y la actividad en la plaza, donde se ley\u00f3 una declaraci\u00f3n que resumi\u00f3 el prop\u00f3sito fundacional de la Red. \u00a0\u201cNos nuclea la preocupaci\u00f3n por buscar soluciones y respuestas a la dram\u00e1tica situaci\u00f3n de las personas que viven en la calle. Entendemos que esta es una situaci\u00f3n que se produce como resultado de una multiplicidad de factores y que implica una total vulneraci\u00f3n de derechos. Nadie elige ni desea vivir en la calle, se quebraron muchos lazos y redes, para que una persona llegue a esta situaci\u00f3n. Estamos convencidos de que con el acompa\u00f1amiento adecuado se puede modificar. No es un estado definitivo de la persona\u201d, se expres\u00f3 desde la Red en septiembre de 2019. En el marco de la firma del convenio, se reley\u00f3 esta declaraci\u00f3n de principios que consta como anexo en el documento rubricado.<\/p>\n<div id=\"attachment_8441\" class=\"wp-caption alignnone\"><img loading=\"lazy\" class=\" wp-image-8441\" src=\"http:\/\/www.defensoriaparana.gov.ar\/wp-content\/uploads\/foto-uca-3.jpg\" sizes=\"(max-width: 423px) 100vw, 423px\" srcset=\"https:\/\/www.defensoriaparana.gov.ar\/wp-content\/uploads\/foto-uca-3.jpg 1365w, https:\/\/www.defensoriaparana.gov.ar\/wp-content\/uploads\/foto-uca-3-200x300.jpg 200w, https:\/\/www.defensoriaparana.gov.ar\/wp-content\/uploads\/foto-uca-3-768x1152.jpg 768w, https:\/\/www.defensoriaparana.gov.ar\/wp-content\/uploads\/foto-uca-3-683x1024.jpg 683w, https:\/\/www.defensoriaparana.gov.ar\/wp-content\/uploads\/foto-uca-3-170x255.jpg 170w, https:\/\/www.defensoriaparana.gov.ar\/wp-content\/uploads\/foto-uca-3-284x426.jpg 284w\" alt=\"\" width=\"423\" height=\"635\" \/><\/p>\n<p class=\"wp-caption-text\">Las declaraci\u00f3n de principios de la conformaci\u00f3n de la Red se reley\u00f3 en el marco de la r\u00fabrica del convenio.<\/p>\n<\/div>\n<p><strong>El valor del trabajo en red<\/strong><\/p>\n<p>&nbsp;<\/p>\n<p>Desde el inicio, en 2019, \u201cy en el marco de esta \u2018<em>uni\u00f3n de hecho\u2019,<\/em>\u00a0han surgido m\u00faltiples acciones en conjunto con el objetivo de atender la problem\u00e1tica que atraviesan las personas que se encuentran en situaci\u00f3n de calle (\u2026) Las acciones que se han realizado en virtud de esta uni\u00f3n \u201cinformal\u201d son muestra de que el trabajo en Red no solo es provechoso sino imprescindible para abordar interdisciplinariamente y desde distintas miradas un tema tan complejo como es el de la persona en situaci\u00f3n de calle\u201d, se consigna m\u00e1s adelante en el documento.<\/p>\n<p>Como consecuencia, \u2013se a\u00f1ade- \u201cse vuelve necesario dotar de un marco formal a la Red, que sirva como base para que todas las instituciones y organizaciones que la conforman puedan desplegar y poner al servicio de la causa todos los recursos que tengan a disposici\u00f3n seg\u00fan sus respectivas naturalezas y fines\u201d.<\/p>\n<p><strong>Participantes<\/strong><\/p>\n<p>Las instituciones y organizaciones que rubricaron el acuerdo son: \u00a0la Facultad Teresa de \u00c1vila de la Pontificia Universidad Cat\u00f3lica Argentina \u201cSanta Mar\u00eda de los Buenos Aires\u201d, la Iglesia Evang\u00e9lica Valdense del R\u00edo de la Plata, la Asociaci\u00f3n Israelita de Paran\u00e1, la Asociaci\u00f3n Civil Banco de Alimentos Paran\u00e1, la Casa de Acompa\u00f1amiento y Asistencia Comunitaria: Vientos de Libertad, C\u00e1ritas Arquidiocesana Paran\u00e1, la Red puentes \u2013 Abordaje comunitario de los consumos problem\u00e1ticos NUESTRAMERICA MP, la Asociaci\u00f3n Civil Suma de Voluntades, el grupo \u201cUn Cielo Nuevo\u201d de la Parroquia Nuestra Se\u00f1ora de la Piedad, la Defensor\u00eda del Pueblo de la Ciudad de Paran\u00e1, la Cooperativa de Trabajo Familia Hogar de Cristo Lourdes Paran\u00e1 Limitada y la Facultad de Trabajo Social de la Universidad Nacional de Entre R\u00edos, Barrios de Pie \u2013 Libres del Sur, Facultad de Ciencias Econ\u00f3micas \u2013 UNER.<\/p>\n<p>Entre las cl\u00e1usulas del convenio, se establece que\u00a0 \u201cpodr\u00e1n adherir otras entidades cuyo objeto y trayectoria pueda implicar un aporte estrat\u00e9gico para el abordaje de esta problem\u00e1tica, debiendo presentar para ello una nota formal a cualquiera de las entidades firmantes del presente\u201d.<\/p>\n","protected":false},"excerpt":{"rendered":"<p>Integrantes de la Red por los Derechos de las Persona en Situaci\u00f3n de Calle, \u00e1mbito del que es parte la Defensor\u00eda del Pueblo de Paran\u00e1 junto a instituciones y organizaciones p\u00fablicas y privadas de la ciudad, firmaron un convenio de colaboraci\u00f3n que formaliza el v\u00ednculo del espacio creado en septiembre de 2019. La Red surgi\u00f3 [&hellip;]<\/p>\n","protected":false},"author":1,"featured_media":0,"comment_status":"open","ping_status":"open","sticky":false,"template":"","format":"standard","meta":{"om_disable_all_campaigns":false,"_monsterinsights_skip_tracking":false,"_monsterinsights_sitenote_active":false,"_monsterinsights_sitenote_note":"","_monsterinsights_sitenote_category":0},"categories":[1],"tags":[],"_links":{"self":[{"href":"https:\/\/defensoriaparana.com.ar\/index.php\/wp-json\/wp\/v2\/posts\/2310"}],"collection":[{"href":"https:\/\/defensoriaparana.com.ar\/index.php\/wp-json\/wp\/v2\/posts"}],"about":[{"href":"https:\/\/defensoriaparana.com.ar\/index.php\/wp-json\/wp\/v2\/types\/post"}],"author":[{"embeddable":true,"href":"https:\/\/defensoriaparana.com.ar\/index.php\/wp-json\/wp\/v2\/users\/1"}],"replies":[{"embeddable":true,"href":"https:\/\/defensoriaparana.com.ar\/index.php\/wp-json\/wp\/v2\/comments?post=2310"}],"version-history":[{"count":2,"href":"https:\/\/defensoriaparana.com.ar\/index.php\/wp-json\/wp\/v2\/posts\/2310\/revisions"}],"predecessor-version":[{"id":2314,"href":"https:\/\/defensoriaparana.com.ar\/index.php\/wp-json\/wp\/v2\/posts\/2310\/revisions\/2314"}],"wp:attachment":[{"href":"https:\/\/defensoriaparana.com.ar\/index.php\/wp-json\/wp\/v2\/media?parent=2310"}],"wp:term":[{"taxonomy":"category","embeddable":true,"href":"https:\/\/defensoriaparana.com.ar\/index.php\/wp-json\/wp\/v2\/categories?post=2310"},{"taxonomy":"post_tag","embeddable":true,"href":"https:\/\/defensoriaparana.com.ar\/index.php\/wp-json\/wp\/v2\/tags?post=2310"}],"curies":[{"name":"wp","href":"https:\/\/api.w.org\/{rel}","templated":true}]}}