{"id":2316,"date":"2021-06-07T01:48:13","date_gmt":"2021-06-07T01:48:13","guid":{"rendered":"http:\/\/defensoriaparana.com.ar\/?p=2316"},"modified":"2022-07-12T01:49:23","modified_gmt":"2022-07-12T01:49:23","slug":"dia-del-periodista","status":"publish","type":"post","link":"https:\/\/defensoriaparana.com.ar\/index.php\/2021\/06\/07\/dia-del-periodista\/","title":{"rendered":"D\u00eda del Periodista"},"content":{"rendered":"<p>La Defensor\u00eda del Pueblo de la Ciudad de Paran\u00e1 celebra el ejercicio responsable y comprometido del periodismo, fundado en la b\u00fasqueda de la verdad y en garantizar pilares b\u00e1sicos del sistema democr\u00e1tico como el libre acceso y circulaci\u00f3n de la informaci\u00f3n, el ejercicio de la libertad de expresi\u00f3n, la promoci\u00f3n de los derechos, y, en definitiva, la construcci\u00f3n de ciudadan\u00eda.<\/p>\n<p>Las Defensoras del Pueblo y el equipo de trabajo de la instituci\u00f3n saludan a las y los periodistas de la ciudad, revalorando su trabajo en estos tiempos dif\u00edciles de pandemia y agradeciendo la disposici\u00f3n y respeto que siempre han tenido para con esta instituci\u00f3n. Se alienta a su profesionalismo, a condiciones laborales dignas, y al ejercicio de un poder que refuerce el aporte social al robustecimiento de la democracia.<\/p>\n<p>El D\u00eda del Periodista fue establecido por el Primer Congreso Nacional de Periodistas en C\u00f3rdoba, en el a\u00f1o 1938. La efem\u00e9ride se origina en la fecha -7 de junio de 1810- en que se edit\u00f3 la \u201cGazeta de Buenos Ayres\u201d, el primer peri\u00f3dico de la etapa independentista argentina<\/p>\n","protected":false},"excerpt":{"rendered":"<p>La Defensor\u00eda del Pueblo de la Ciudad de Paran\u00e1 celebra el ejercicio responsable y comprometido del periodismo, fundado en la b\u00fasqueda de la verdad y en garantizar pilares b\u00e1sicos del sistema democr\u00e1tico como el libre acceso y circulaci\u00f3n de la informaci\u00f3n, el ejercicio de la libertad de expresi\u00f3n, la promoci\u00f3n de los derechos, y, en [&hellip;]<\/p>\n","protected":false},"author":1,"featured_media":0,"comment_status":"open","ping_status":"open","sticky":false,"template":"","format":"standard","meta":{"om_disable_all_campaigns":false,"_monsterinsights_skip_tracking":false,"_monsterinsights_sitenote_active":false,"_monsterinsights_sitenote_note":"","_monsterinsights_sitenote_category":0},"categories":[1],"tags":[],"_links":{"self":[{"href":"https:\/\/defensoriaparana.com.ar\/index.php\/wp-json\/wp\/v2\/posts\/2316"}],"collection":[{"href":"https:\/\/defensoriaparana.com.ar\/index.php\/wp-json\/wp\/v2\/posts"}],"about":[{"href":"https:\/\/defensoriaparana.com.ar\/index.php\/wp-json\/wp\/v2\/types\/post"}],"author":[{"embeddable":true,"href":"https:\/\/defensoriaparana.com.ar\/index.php\/wp-json\/wp\/v2\/users\/1"}],"replies":[{"embeddable":true,"href":"https:\/\/defensoriaparana.com.ar\/index.php\/wp-json\/wp\/v2\/comments?post=2316"}],"version-history":[{"count":1,"href":"https:\/\/defensoriaparana.com.ar\/index.php\/wp-json\/wp\/v2\/posts\/2316\/revisions"}],"predecessor-version":[{"id":2319,"href":"https:\/\/defensoriaparana.com.ar\/index.php\/wp-json\/wp\/v2\/posts\/2316\/revisions\/2319"}],"wp:attachment":[{"href":"https:\/\/defensoriaparana.com.ar\/index.php\/wp-json\/wp\/v2\/media?parent=2316"}],"wp:term":[{"taxonomy":"category","embeddable":true,"href":"https:\/\/defensoriaparana.com.ar\/index.php\/wp-json\/wp\/v2\/categories?post=2316"},{"taxonomy":"post_tag","embeddable":true,"href":"https:\/\/defensoriaparana.com.ar\/index.php\/wp-json\/wp\/v2\/tags?post=2316"}],"curies":[{"name":"wp","href":"https:\/\/api.w.org\/{rel}","templated":true}]}}