{"id":2322,"date":"2021-05-20T01:49:45","date_gmt":"2021-05-20T01:49:45","guid":{"rendered":"http:\/\/defensoriaparana.com.ar\/?p=2322"},"modified":"2022-07-12T01:51:28","modified_gmt":"2022-07-12T01:51:28","slug":"derecho-de-las-personas-migrantes-la-defensoria-del-pueblo-brinda-asesoramiento-y-acompana-en-los-tramites","status":"publish","type":"post","link":"https:\/\/defensoriaparana.com.ar\/index.php\/2021\/05\/20\/derecho-de-las-personas-migrantes-la-defensoria-del-pueblo-brinda-asesoramiento-y-acompana-en-los-tramites\/","title":{"rendered":"Derecho de las personas migrantes: la Defensor\u00eda del Pueblo brinda asesoramiento y acompa\u00f1a en los tr\u00e1mites"},"content":{"rendered":"<p>La protecci\u00f3n y defensa de los derechos de las personas migrantes que residen en la ciudad o en la provincia es uno de los temas de trabajo de la Defensor\u00eda del Pueblo de Paran\u00e1.<\/p>\n<p>La instituci\u00f3n brinda asesoramiento, especialmente a quienes buscan regularizar su situaci\u00f3n migratoria a trav\u00e9s de la obtenci\u00f3n del tr\u00e1mite de residencia. Al respecto, la Asesora Legal de la Defensor\u00eda, Abogada Bel\u00e9n Menghi, explic\u00f3, en declaraciones al programa Para Empezar de Radio Costa Paran\u00e1, que adem\u00e1s de la asesor\u00eda, la instituci\u00f3n ofrece acompa\u00f1amiento en el proceso del tr\u00e1mite de la residencia, que puede ser permanente o temporal.<\/p>\n<p>La labor de la Defensor\u00eda en el tema se enmarca en la misi\u00f3n de la instituci\u00f3n, que implica la protecci\u00f3n y defensa de los derechos de las personas, y viene siendo desde hace a\u00f1os un aspecto fundamental en sus \u00e1reas de trabajo, acot\u00f3 la asesora legal.<\/p>\n<p>Respecto de la cantidad de migrantes en la provincia, s\u00f3lo se cuenta con el dato del \u00faltimo Censo Poblacional, realizado en 2010, que arroj\u00f3 m\u00e1s de 3 mil personas. La mayor\u00eda proviene de los pa\u00edses lim\u00edtrofes y, en los \u00faltimos a\u00f1os, se ha notado la llegada de personas de Venezuela y Colombia.<\/p>\n<p>Tambi\u00e9n se da la situaci\u00f3n de personas que ingresan al pa\u00eds a trabajar en zonas de quintas y en sectores de la costa del Uruguay. Se trata de migrantes estacionales, que vienen a realizar una tarea y luego vuelven a sus lugares de or\u00edgenes.<\/p>\n<p><strong>De qu\u00e9 se trata la residencia<\/strong><\/p>\n<p>La Asesora Legal explic\u00f3 que la residencia es una manera de regularizar la situaci\u00f3n como migrante. En Argentina rige la Ley de Migraciones 25.871, que fija los criterios por los cuales se puede acceder a los diferentes tipos de residencia (permanentes, temporarias). \u201cNuestra Ley de Migraciones es de avanzada porque conceptualiza a la migraci\u00f3n como un derecho humano, esto quiere decir que sin importar si las personas tienen o no residencia, sea regular o no\u00a0 su situaci\u00f3n migratoria, puede acceder a cualquier derecho humano, como salud, educaci\u00f3n, a servicios sociales, entre otros. La Argentina es pionera en derechos humanos de las personas migrantes\u201d, acot\u00f3 la Asesora Legal.<\/p>\n<p><img loading=\"lazy\" class=\"alignnone size-full wp-image-8333\" src=\"http:\/\/www.defensoriaparana.gov.ar\/wp-content\/uploads\/migrar-1.jpg\" sizes=\"(max-width: 623px) 100vw, 623px\" srcset=\"https:\/\/www.defensoriaparana.gov.ar\/wp-content\/uploads\/migrar-1.jpg 623w, https:\/\/www.defensoriaparana.gov.ar\/wp-content\/uploads\/migrar-1-300x185.jpg 300w, https:\/\/www.defensoriaparana.gov.ar\/wp-content\/uploads\/migrar-1-170x105.jpg 170w, https:\/\/www.defensoriaparana.gov.ar\/wp-content\/uploads\/migrar-1-284x176.jpg 284w\" alt=\"\" width=\"623\" height=\"385\" \/><\/p>\n<p>Consultada por la existencia en la ciudad de personas procedentes de pa\u00edses africanos, Menghi aclar\u00f3 que, de acuerdo a la experiencia de la instituci\u00f3n, permanecen en Argentina en calidad de refugiados y no como migrantes. Y aclar\u00f3 las diferencias de ambos conceptos: \u201clos refugiados son personas que ingresan al pa\u00eds por temas humanitarios, ya sea por persecuci\u00f3n pol\u00edtica, guerras en sus naciones de origen, por lo que se ven obligadas a desplazarse a otros lugares\u201d. En tanto, el migrante se desplaza de forma voluntaria, en busca de oportunidades laborales o de una mejor calidad de vida.<\/p>\n<p><strong>Requisito<\/strong><\/p>\n<p>Ante la pregunta sobre qu\u00e9 ocurre con los casos de migrantes que tienen antecedentes penales en sus pa\u00edses de origen, inform\u00f3 que uno de los requisitos que fija la ley para obtener la residencia se refiere justamente a ese punto. Concretamente, estipula que en la tramitaci\u00f3n de la residencia se debe presentar la documentaci\u00f3n que acredite la carencia de antecedentes penales en los pa\u00edses de origen, afirm\u00f3.<\/p>\n<p>Ese requisito siempre estuvo incorporado a la ley, mientras que en el Decreto 70, emitido en 2017 y ahora derogado, se \u201chilaba mucho m\u00e1s fino sobre algunas cuestiones: por ejemplo, se hab\u00eda establecido un proceso sumar\u00edsimo donde se ve\u00eda vulnerado el derecho de defensa de las personas migrantes\u201d, acot\u00f3.<\/p>\n<p>Por \u00faltimo, aclar\u00f3 que de acuerdo a la legislaci\u00f3n, \u00a0empleadores locales est\u00e1n impedidos de contratar personas que no est\u00e9n en situaci\u00f3n migratoria regular, como una medida para evitar la explotaci\u00f3n laboral.<\/p>\n","protected":false},"excerpt":{"rendered":"<p>La protecci\u00f3n y defensa de los derechos de las personas migrantes que residen en la ciudad o en la provincia es uno de los temas de trabajo de la Defensor\u00eda del Pueblo de Paran\u00e1. La instituci\u00f3n brinda asesoramiento, especialmente a quienes buscan regularizar su situaci\u00f3n migratoria a trav\u00e9s de la obtenci\u00f3n del tr\u00e1mite de residencia. [&hellip;]<\/p>\n","protected":false},"author":1,"featured_media":0,"comment_status":"open","ping_status":"open","sticky":false,"template":"","format":"standard","meta":{"om_disable_all_campaigns":false,"_monsterinsights_skip_tracking":false,"_monsterinsights_sitenote_active":false,"_monsterinsights_sitenote_note":"","_monsterinsights_sitenote_category":0},"categories":[1],"tags":[],"_links":{"self":[{"href":"https:\/\/defensoriaparana.com.ar\/index.php\/wp-json\/wp\/v2\/posts\/2322"}],"collection":[{"href":"https:\/\/defensoriaparana.com.ar\/index.php\/wp-json\/wp\/v2\/posts"}],"about":[{"href":"https:\/\/defensoriaparana.com.ar\/index.php\/wp-json\/wp\/v2\/types\/post"}],"author":[{"embeddable":true,"href":"https:\/\/defensoriaparana.com.ar\/index.php\/wp-json\/wp\/v2\/users\/1"}],"replies":[{"embeddable":true,"href":"https:\/\/defensoriaparana.com.ar\/index.php\/wp-json\/wp\/v2\/comments?post=2322"}],"version-history":[{"count":1,"href":"https:\/\/defensoriaparana.com.ar\/index.php\/wp-json\/wp\/v2\/posts\/2322\/revisions"}],"predecessor-version":[{"id":2327,"href":"https:\/\/defensoriaparana.com.ar\/index.php\/wp-json\/wp\/v2\/posts\/2322\/revisions\/2327"}],"wp:attachment":[{"href":"https:\/\/defensoriaparana.com.ar\/index.php\/wp-json\/wp\/v2\/media?parent=2322"}],"wp:term":[{"taxonomy":"category","embeddable":true,"href":"https:\/\/defensoriaparana.com.ar\/index.php\/wp-json\/wp\/v2\/categories?post=2322"},{"taxonomy":"post_tag","embeddable":true,"href":"https:\/\/defensoriaparana.com.ar\/index.php\/wp-json\/wp\/v2\/tags?post=2322"}],"curies":[{"name":"wp","href":"https:\/\/api.w.org\/{rel}","templated":true}]}}