{"id":2324,"date":"2021-05-18T01:49:46","date_gmt":"2021-05-18T01:49:46","guid":{"rendered":"http:\/\/defensoriaparana.com.ar\/?p=2324"},"modified":"2022-07-12T01:51:36","modified_gmt":"2022-07-12T01:51:36","slug":"este-miercoles-no-habra-atencion-en-la-defensoria-del-pueblo-por-desinfeccion","status":"publish","type":"post","link":"https:\/\/defensoriaparana.com.ar\/index.php\/2021\/05\/18\/este-miercoles-no-habra-atencion-en-la-defensoria-del-pueblo-por-desinfeccion\/","title":{"rendered":"Este mi\u00e9rcoles no habr\u00e1 atenci\u00f3n en la Defensor\u00eda del Pueblo por desinfecci\u00f3n"},"content":{"rendered":"<p>La Defensor\u00eda del Pueblo de la Ciudad de Paran\u00e1 informa que ma\u00f1ana, mi\u00e9rcoles 19, permanecer\u00e1 cerrada debido a tareas de desinfecci\u00f3n en su sede de calle Monte Caseros 159.<\/p>\n<p>Se recuerda a la ciudadan\u00eda las v\u00edas de contacto que contin\u00faan en funcionamiento en forma permanente: por\u00a0mensajes de texto o whatsapp, al 03436226414, o mediante el mail a defensoriaparana@gmail.com.<\/p>\n","protected":false},"excerpt":{"rendered":"<p>La Defensor\u00eda del Pueblo de la Ciudad de Paran\u00e1 informa que ma\u00f1ana, mi\u00e9rcoles 19, permanecer\u00e1 cerrada debido a tareas de desinfecci\u00f3n en su sede de calle Monte Caseros 159. Se recuerda a la ciudadan\u00eda las v\u00edas de contacto que contin\u00faan en funcionamiento en forma permanente: por\u00a0mensajes de texto o whatsapp, al 03436226414, o mediante el [&hellip;]<\/p>\n","protected":false},"author":1,"featured_media":0,"comment_status":"open","ping_status":"open","sticky":false,"template":"","format":"standard","meta":{"om_disable_all_campaigns":false,"_monsterinsights_skip_tracking":false,"_monsterinsights_sitenote_active":false,"_monsterinsights_sitenote_note":"","_monsterinsights_sitenote_category":0},"categories":[1],"tags":[],"_links":{"self":[{"href":"https:\/\/defensoriaparana.com.ar\/index.php\/wp-json\/wp\/v2\/posts\/2324"}],"collection":[{"href":"https:\/\/defensoriaparana.com.ar\/index.php\/wp-json\/wp\/v2\/posts"}],"about":[{"href":"https:\/\/defensoriaparana.com.ar\/index.php\/wp-json\/wp\/v2\/types\/post"}],"author":[{"embeddable":true,"href":"https:\/\/defensoriaparana.com.ar\/index.php\/wp-json\/wp\/v2\/users\/1"}],"replies":[{"embeddable":true,"href":"https:\/\/defensoriaparana.com.ar\/index.php\/wp-json\/wp\/v2\/comments?post=2324"}],"version-history":[{"count":2,"href":"https:\/\/defensoriaparana.com.ar\/index.php\/wp-json\/wp\/v2\/posts\/2324\/revisions"}],"predecessor-version":[{"id":2329,"href":"https:\/\/defensoriaparana.com.ar\/index.php\/wp-json\/wp\/v2\/posts\/2324\/revisions\/2329"}],"wp:attachment":[{"href":"https:\/\/defensoriaparana.com.ar\/index.php\/wp-json\/wp\/v2\/media?parent=2324"}],"wp:term":[{"taxonomy":"category","embeddable":true,"href":"https:\/\/defensoriaparana.com.ar\/index.php\/wp-json\/wp\/v2\/categories?post=2324"},{"taxonomy":"post_tag","embeddable":true,"href":"https:\/\/defensoriaparana.com.ar\/index.php\/wp-json\/wp\/v2\/tags?post=2324"}],"curies":[{"name":"wp","href":"https:\/\/api.w.org\/{rel}","templated":true}]}}