{"id":2330,"date":"2021-04-12T01:51:44","date_gmt":"2021-04-12T01:51:44","guid":{"rendered":"http:\/\/defensoriaparana.com.ar\/?p=2330"},"modified":"2022-07-12T01:53:06","modified_gmt":"2022-07-12T01:53:06","slug":"reunion-con-la-directora-departamental-de-escuelas-por-las-personas-mayores","status":"publish","type":"post","link":"https:\/\/defensoriaparana.com.ar\/index.php\/2021\/04\/12\/reunion-con-la-directora-departamental-de-escuelas-por-las-personas-mayores\/","title":{"rendered":"Reuni\u00f3n con la Directora Departamental de Escuelas por las personas mayores"},"content":{"rendered":"<p>La Defensora de los Derechos de las Personas Mayores, Ligia Blanco, se reuni\u00f3 con la Directora\u00a0Departamental\u00a0de Escuelas de Paran\u00e1,\u00a0Adela Ram\u00edrez, con el fin de abordar cuestiones relacionadas a la posibilidad de acceso a la educaci\u00f3n b\u00e1sica primaria por parte de adultos mayores.<\/p>\n<p>En ese marco, la directora mencion\u00f3 que se instrumenta en la ciudad el programa Educaci\u00f3n Permanente de J\u00f3venes y Adultos<strong>\u00a0(<\/strong>EPJA), una \u201cmodalidad destinada a la formaci\u00f3n de adolescentes, j\u00f3venes y adultos que no hayan alcanzado a completar la escolaridad obligatoria en la edad establecida reglamentariamente, con formatos curriculares flexibles. Comprende programas de Alfabetizaci\u00f3n, Educaci\u00f3n Primaria, Educaci\u00f3n Secundaria, Formaci\u00f3n Laboral, Formaci\u00f3n Profesional, Educaci\u00f3n en Contexto de Privaci\u00f3n de la Libertad y Educaci\u00f3n No Formal. Si bien en su constituci\u00f3n ten\u00eda como meta erradicar el analfabetismo, en la actualidad la modalidad se distingue por su enorme crecimiento en tanto opci\u00f3n para completar la formaci\u00f3n obligatoria, con fuerte vinculaci\u00f3n con el mundo del trabajo y la participaci\u00f3n democr\u00e1tica\u201d, seg\u00fan se informa a trav\u00e9s del p\u00e1gina web\u00a0 del Consejo General de Eduaci\u00f3n (CGE).<\/p>\n<div id=\"attachment_8638\" class=\"wp-caption alignnone\"><img loading=\"lazy\" class=\" wp-image-8638\" src=\"http:\/\/www.defensoriaparana.gov.ar\/wp-content\/uploads\/departamental.jpg\" sizes=\"(max-width: 250px) 100vw, 250px\" srcset=\"https:\/\/www.defensoriaparana.gov.ar\/wp-content\/uploads\/departamental.jpg 194w, https:\/\/www.defensoriaparana.gov.ar\/wp-content\/uploads\/departamental-170x227.jpg 170w\" alt=\"\" width=\"250\" height=\"334\" \/><\/p>\n<p class=\"wp-caption-text\">La Defensora Ligia Blanco se reuni\u00f3 con la Directora Departamental de Escuelas, Adela Ram\u00edrez.<\/p>\n<\/div>\n<p>Al respecto, la Defensora Blanco manifest\u00f3 que la posibilidad de poder iniciar y concluir el nivel primario, como de otras instancias de aprendizaje, es un derecho ciudadano de acceso a la educaci\u00f3n inalienable, que se debe atender especialmente y fortalecer, m\u00e1s a\u00fan en tiempos de pandemia. En ese marco, puso \u00e9nfasis en la situaci\u00f3n de personas mayores que aspiran iniciar o concluir etapas de aprendizajes.<\/p>\n<p>Como una actividad asociada, se analiz\u00f3 la participaci\u00f3n futura \u2013y siempre que las condiciones sanitarias lo permitan- del \u00e1rea encabezada por la Defensora Blanco en la difusi\u00f3n y promoci\u00f3n de derechos ciudadanos -actividad fundamental de la Defensor\u00eda del Pueblo de la Ciudad de Paran\u00e1- en las distintas instancias de aprendizaje.<\/p>\n","protected":false},"excerpt":{"rendered":"<p>La Defensora de los Derechos de las Personas Mayores, Ligia Blanco, se reuni\u00f3 con la Directora\u00a0Departamental\u00a0de Escuelas de Paran\u00e1,\u00a0Adela Ram\u00edrez, con el fin de abordar cuestiones relacionadas a la posibilidad de acceso a la educaci\u00f3n b\u00e1sica primaria por parte de adultos mayores. En ese marco, la directora mencion\u00f3 que se instrumenta en la ciudad el [&hellip;]<\/p>\n","protected":false},"author":1,"featured_media":0,"comment_status":"open","ping_status":"open","sticky":false,"template":"","format":"standard","meta":{"om_disable_all_campaigns":false,"_monsterinsights_skip_tracking":false,"_monsterinsights_sitenote_active":false,"_monsterinsights_sitenote_note":"","_monsterinsights_sitenote_category":0},"categories":[1],"tags":[],"_links":{"self":[{"href":"https:\/\/defensoriaparana.com.ar\/index.php\/wp-json\/wp\/v2\/posts\/2330"}],"collection":[{"href":"https:\/\/defensoriaparana.com.ar\/index.php\/wp-json\/wp\/v2\/posts"}],"about":[{"href":"https:\/\/defensoriaparana.com.ar\/index.php\/wp-json\/wp\/v2\/types\/post"}],"author":[{"embeddable":true,"href":"https:\/\/defensoriaparana.com.ar\/index.php\/wp-json\/wp\/v2\/users\/1"}],"replies":[{"embeddable":true,"href":"https:\/\/defensoriaparana.com.ar\/index.php\/wp-json\/wp\/v2\/comments?post=2330"}],"version-history":[{"count":1,"href":"https:\/\/defensoriaparana.com.ar\/index.php\/wp-json\/wp\/v2\/posts\/2330\/revisions"}],"predecessor-version":[{"id":2333,"href":"https:\/\/defensoriaparana.com.ar\/index.php\/wp-json\/wp\/v2\/posts\/2330\/revisions\/2333"}],"wp:attachment":[{"href":"https:\/\/defensoriaparana.com.ar\/index.php\/wp-json\/wp\/v2\/media?parent=2330"}],"wp:term":[{"taxonomy":"category","embeddable":true,"href":"https:\/\/defensoriaparana.com.ar\/index.php\/wp-json\/wp\/v2\/categories?post=2330"},{"taxonomy":"post_tag","embeddable":true,"href":"https:\/\/defensoriaparana.com.ar\/index.php\/wp-json\/wp\/v2\/tags?post=2330"}],"curies":[{"name":"wp","href":"https:\/\/api.w.org\/{rel}","templated":true}]}}