{"id":2331,"date":"2021-04-07T01:51:45","date_gmt":"2021-04-07T01:51:45","guid":{"rendered":"http:\/\/defensoriaparana.com.ar\/?p=2331"},"modified":"2022-07-12T01:53:24","modified_gmt":"2022-07-12T01:53:24","slug":"calle-racedo-se-realizo-la-segunda-reunion-de-la-mesa-de-dialogo-y-se-presentaron-nuevas-propuestas","status":"publish","type":"post","link":"https:\/\/defensoriaparana.com.ar\/index.php\/2021\/04\/07\/calle-racedo-se-realizo-la-segunda-reunion-de-la-mesa-de-dialogo-y-se-presentaron-nuevas-propuestas\/","title":{"rendered":"Calle Racedo: se realiz\u00f3 la segunda reuni\u00f3n de la mesa de di\u00e1logo y se presentaron nuevas propuestas"},"content":{"rendered":"<p>La mesa de facilitaci\u00f3n de di\u00e1logo por las obras en Bulevar Racedo se reuni\u00f3 por segunda vez, convocada y organizada por la Defensor\u00eda del Pueblo de la Ciudad de Paran\u00e1. El encuentro se realiz\u00f3 el mi\u00e9rcoles 7, en las instalaciones de la Escuela Superior Jos\u00e9 Mar\u00eda Torres y cont\u00f3 con la participaci\u00f3n de m\u00e1s de veinte personas, representantes de la Municipalidad de Paran\u00e1 \u2013entre ellos, el intendente Ad\u00e1n Bahl y viceintendenta Andrea Zoff- , de la asamblea de vecinos y organizaciones, vecinalistas y frentistas.<\/p>\n<p>La reuni\u00f3n se inici\u00f3 pasadas las 18 y concluy\u00f3 despu\u00e9s de las 21. Empez\u00f3 con la presentaci\u00f3n de propuestas alternativas al proyecto de obra original: una fue presentada por los asamble\u00edstas y otra, por el Municipio. La reuni\u00f3n conllev\u00f3 el intercambio de informaci\u00f3n, opiniones y preguntas, en un clima de escucha y respeto, y concluy\u00f3 en que integrantes de la asamblea analizar\u00e1n en detalle la propuesta del Municipio, para lo que se acord\u00f3 mantener reuniones con funcionarios municipales durante este jueves.<\/p>\n<p>&nbsp;<\/p>\n<div id=\"attachment_8226\" class=\"wp-caption alignnone\"><img loading=\"lazy\" class=\"size-full wp-image-8226\" src=\"http:\/\/www.defensoriaparana.gov.ar\/wp-content\/uploads\/reuni%C3%B3n-copia-3-que-va.jpg\" sizes=\"(max-width: 995px) 100vw, 995px\" srcset=\"https:\/\/www.defensoriaparana.gov.ar\/wp-content\/uploads\/reuni\u00f3n-copia-3-que-va.jpg 995w, https:\/\/www.defensoriaparana.gov.ar\/wp-content\/uploads\/reuni\u00f3n-copia-3-que-va-300x132.jpg 300w, https:\/\/www.defensoriaparana.gov.ar\/wp-content\/uploads\/reuni\u00f3n-copia-3-que-va-768x338.jpg 768w, https:\/\/www.defensoriaparana.gov.ar\/wp-content\/uploads\/reuni\u00f3n-copia-3-que-va-170x75.jpg 170w, https:\/\/www.defensoriaparana.gov.ar\/wp-content\/uploads\/reuni\u00f3n-copia-3-que-va-284x125.jpg 284w\" alt=\"\" width=\"995\" height=\"438\" \/><\/p>\n<p class=\"wp-caption-text\">Las Defensoras del Pueblo, junto a la Coordinadora del Centro de Mediaci\u00f3n, a cargo de la facilitaci\u00f3n y organizaci\u00f3n de la mesa de di\u00e1logo.<\/p>\n<\/div>\n<p><strong>Acercamiento y escucha<\/strong><\/p>\n<p>La apertura del encuentro estuvo a cargo de la Defensora del Pueblo, Marcia L\u00f3pez, quien valor\u00f3 el acercamiento y la escucha ofrecida por las partes.<\/p>\n<p>\u201cEntendemos que se est\u00e1 cumpliendo con el objetivo fundamental de la Defensor\u00eda del Pueblo en este contexto, de propiciar un encuentro generando un \u00e1mbito en el que se puedan plantear inquietudes y ampliar informaci\u00f3n\u201d, dijo y agreg\u00f3 que durante los d\u00edas que siguieron a la primera reuni\u00f3n de la mesa, concretada el 28 de marzo, se fueron manteniendo conversaciones con cada uno de los sectores involucrados en el conflicto, con el fin de explorar posibilidades superadoras y consensuadas.<\/p>\n<p>\u201cHemos podido apreciar ventanas de apertura a partir de esta escucha y la disposici\u00f3n a proponer alternativas que nos corran de la polarizaci\u00f3n inicial en posiciones que parec\u00edan irreconciliables\u201d, explic\u00f3, en relaci\u00f3n a los resultados de las conversaciones previas al encuentro.<\/p>\n<div id=\"attachment_8221\" class=\"wp-caption alignnone\"><img loading=\"lazy\" class=\" wp-image-8221\" src=\"http:\/\/www.defensoriaparana.gov.ar\/wp-content\/uploads\/reunion-5.jpg\" sizes=\"(max-width: 565px) 100vw, 565px\" srcset=\"https:\/\/www.defensoriaparana.gov.ar\/wp-content\/uploads\/reunion-5.jpg 1032w, https:\/\/www.defensoriaparana.gov.ar\/wp-content\/uploads\/reunion-5-300x225.jpg 300w, https:\/\/www.defensoriaparana.gov.ar\/wp-content\/uploads\/reunion-5-768x576.jpg 768w, https:\/\/www.defensoriaparana.gov.ar\/wp-content\/uploads\/reunion-5-1024x768.jpg 1024w, https:\/\/www.defensoriaparana.gov.ar\/wp-content\/uploads\/reunion-5-170x128.jpg 170w, https:\/\/www.defensoriaparana.gov.ar\/wp-content\/uploads\/reunion-5-284x213.jpg 284w\" alt=\"\" width=\"565\" height=\"424\" \/><\/p>\n<p class=\"wp-caption-text\">M\u00e1s de veinte personas se reunieron en la Escuela Normal.<\/p>\n<\/div>\n<p><strong>Propuestas y puntos en com\u00fan<\/strong><\/p>\n<p>La facilitaci\u00f3n y organizaci\u00f3n de la reuni\u00f3n estuvo a cargo de las Defensoras Marcia L\u00f3pez y Cecilia Pautaso (Adjunta), junto a la Coordinadora del Centro de Mediaci\u00f3n de la instituci\u00f3n, Irina Chausovsky.<\/p>\n<p>A lo largo del di\u00e1logo, se rescat\u00f3 que a partir del primer encuentro se pudo reflexionar acerca de los modelos y miradas de la ciudad que se quiere habitar, la preocupaci\u00f3n por la preservaci\u00f3n de los \u00e1rboles y el medio ambiente, las nuevas formas de participaci\u00f3n ciudadana, la oportunidad de dialogar y pensar juntos y la apuesta respecto de la construcci\u00f3n de proyectos de manera colectiva, entre otros temas.<\/p>\n<p>En cuanto a las propuestas concretas, la presentada por los asamble\u00edstas consiste en una obra distinta a la inicial, mientras que la elaborada por el Municipio radica en modificaciones al proyecto original.<\/p>\n<p>Sin embargo, hay puntos de confluencia en ambos como la incorporaci\u00f3n de bicisendas, de d\u00e1rsenas para estacionamiento y transporte p\u00fablico y respecto de la necesidad de obras complementarias al proyecto (principalmente relacionadas con desasgues y cloacas) que resuelvan problemas de vieja data.<\/p>\n<p>En tanto, sobre el ensanche, los asamble\u00edstas se refieren a uno parcial, plantenado la posibilidad de realizar d\u00e1rsenas para el estacionamiento y paradas del transporte p\u00fablico en los espacios que actualmente se encuentran liberados debido a la inexistencia de \u00e1rboles o a aquellos que est\u00e1n enfermos. Esta propuesta se basa en la preservaci\u00f3n de los \u00e1rboles, mientras que la nueva versi\u00f3n del proyecto municipal contempla la remoci\u00f3n y reubicaci\u00f3n de los de la primera l\u00ednea, en condiciones de ser trasladados. Esta \u00faltima propone \u00a0reimplantar los \u00e1rboles en el cantero central del bulevar, cuya construcci\u00f3n fue modificada en esta instancia: de cemento pasar\u00eda a extensi\u00f3n verde. Tambi\u00e9n, se incorporaron circuitos de bicisendas, entre otros puntos.<\/p>\n<p>Esta \u00faltima propuesta qued\u00f3 a consideraci\u00f3n de los vecinos. Una vez cumplida esa instancia de an\u00e1lisis, ser\u00e1 valorada por las partes la posibilidad de una nueva reuni\u00f3n.<\/p>\n<div id=\"attachment_8223\" class=\"wp-caption alignnone\"><img loading=\"lazy\" class=\" wp-image-8223\" src=\"http:\/\/www.defensoriaparana.gov.ar\/wp-content\/uploads\/reunion2.jpg\" sizes=\"(max-width: 646px) 100vw, 646px\" srcset=\"https:\/\/www.defensoriaparana.gov.ar\/wp-content\/uploads\/reunion2.jpg 1032w, https:\/\/www.defensoriaparana.gov.ar\/wp-content\/uploads\/reunion2-300x225.jpg 300w, https:\/\/www.defensoriaparana.gov.ar\/wp-content\/uploads\/reunion2-768x576.jpg 768w, https:\/\/www.defensoriaparana.gov.ar\/wp-content\/uploads\/reunion2-1024x768.jpg 1024w, https:\/\/www.defensoriaparana.gov.ar\/wp-content\/uploads\/reunion2-170x128.jpg 170w, https:\/\/www.defensoriaparana.gov.ar\/wp-content\/uploads\/reunion2-284x213.jpg 284w\" alt=\"\" width=\"646\" height=\"485\" \/><\/p>\n<p class=\"wp-caption-text\">La reuni\u00f3n se desarroll\u00f3 en un clima de escucha y respeto.<\/p>\n<\/div>\n","protected":false},"excerpt":{"rendered":"<p>La mesa de facilitaci\u00f3n de di\u00e1logo por las obras en Bulevar Racedo se reuni\u00f3 por segunda vez, convocada y organizada por la Defensor\u00eda del Pueblo de la Ciudad de Paran\u00e1. El encuentro se realiz\u00f3 el mi\u00e9rcoles 7, en las instalaciones de la Escuela Superior Jos\u00e9 Mar\u00eda Torres y cont\u00f3 con la participaci\u00f3n de m\u00e1s de [&hellip;]<\/p>\n","protected":false},"author":1,"featured_media":0,"comment_status":"open","ping_status":"open","sticky":false,"template":"","format":"standard","meta":{"om_disable_all_campaigns":false,"_monsterinsights_skip_tracking":false,"_monsterinsights_sitenote_active":false,"_monsterinsights_sitenote_note":"","_monsterinsights_sitenote_category":0},"categories":[1],"tags":[],"_links":{"self":[{"href":"https:\/\/defensoriaparana.com.ar\/index.php\/wp-json\/wp\/v2\/posts\/2331"}],"collection":[{"href":"https:\/\/defensoriaparana.com.ar\/index.php\/wp-json\/wp\/v2\/posts"}],"about":[{"href":"https:\/\/defensoriaparana.com.ar\/index.php\/wp-json\/wp\/v2\/types\/post"}],"author":[{"embeddable":true,"href":"https:\/\/defensoriaparana.com.ar\/index.php\/wp-json\/wp\/v2\/users\/1"}],"replies":[{"embeddable":true,"href":"https:\/\/defensoriaparana.com.ar\/index.php\/wp-json\/wp\/v2\/comments?post=2331"}],"version-history":[{"count":1,"href":"https:\/\/defensoriaparana.com.ar\/index.php\/wp-json\/wp\/v2\/posts\/2331\/revisions"}],"predecessor-version":[{"id":2334,"href":"https:\/\/defensoriaparana.com.ar\/index.php\/wp-json\/wp\/v2\/posts\/2331\/revisions\/2334"}],"wp:attachment":[{"href":"https:\/\/defensoriaparana.com.ar\/index.php\/wp-json\/wp\/v2\/media?parent=2331"}],"wp:term":[{"taxonomy":"category","embeddable":true,"href":"https:\/\/defensoriaparana.com.ar\/index.php\/wp-json\/wp\/v2\/categories?post=2331"},{"taxonomy":"post_tag","embeddable":true,"href":"https:\/\/defensoriaparana.com.ar\/index.php\/wp-json\/wp\/v2\/tags?post=2331"}],"curies":[{"name":"wp","href":"https:\/\/api.w.org\/{rel}","templated":true}]}}