{"id":2332,"date":"2021-04-05T01:51:46","date_gmt":"2021-04-05T01:51:46","guid":{"rendered":"http:\/\/defensoriaparana.com.ar\/?p=2332"},"modified":"2022-07-12T01:53:53","modified_gmt":"2022-07-12T01:53:53","slug":"la-oficina-movil-de-la-defensoria-del-pueblo-atendio-consultas-y-reclamos-en-plaza-italia","status":"publish","type":"post","link":"https:\/\/defensoriaparana.com.ar\/index.php\/2021\/04\/05\/la-oficina-movil-de-la-defensoria-del-pueblo-atendio-consultas-y-reclamos-en-plaza-italia\/","title":{"rendered":"La oficina m\u00f3vil de la Defensor\u00eda del Pueblo atendi\u00f3 consultas y reclamos en Plaza Italia"},"content":{"rendered":"<p>La Defensor\u00eda del Pueblo de la Ciudad de Paran\u00e1, junto con el Centro de Salud Selig Goldin, desarroll\u00f3 actividades en el D\u00eda Mundial de la Salud. Se pint\u00f3 un mural comunitario referente a la fecha en paredes del centro de salud, ubicado en calle Laurencena al 700, y funcion\u00f3 una oficina m\u00f3vil, al aire libre y con los protocolos correspondientes, en un sector sombreado de la Plaza Italia, contiguo al edificio del Selig Goldin.<\/p>\n<p>Desde ese lugar, las Defensoras del Pueblo, Marcia L\u00f3pez y Cecilia Pautaso (Adjunta), junto a personal de la instituci\u00f3n, informaron a las personas que se acercaban, transitaban por la plaza o permanec\u00edan en el ingreso al centro de salud sobre la funci\u00f3n y alcance de la Defensor\u00eda, al tiempo que se brind\u00f3 asesoramiento, se escucharon consultas y se registraron reclamos. Tambi\u00e9n hicieron lo propio la Defensora de los Derechos de las Personas Mayores, Ligia Blanco, y personal de la Delegaci\u00f3n en Entre R\u00edos de la Defensor\u00eda del Pueblo de la Naci\u00f3n. Las actividades contaron con la colaboraci\u00f3n de mediadores comunitarios, integrantes del Registro ad honorem de la instituci\u00f3n.<\/p>\n<div id=\"attachment_8243\" class=\"wp-caption alignnone\"><img loading=\"lazy\" class=\" wp-image-8243\" src=\"http:\/\/www.defensoriaparana.gov.ar\/wp-content\/uploads\/ofi-3.jpg\" sizes=\"(max-width: 672px) 100vw, 672px\" srcset=\"https:\/\/www.defensoriaparana.gov.ar\/wp-content\/uploads\/ofi-3.jpg 1024w, https:\/\/www.defensoriaparana.gov.ar\/wp-content\/uploads\/ofi-3-300x225.jpg 300w, https:\/\/www.defensoriaparana.gov.ar\/wp-content\/uploads\/ofi-3-768x576.jpg 768w, https:\/\/www.defensoriaparana.gov.ar\/wp-content\/uploads\/ofi-3-170x128.jpg 170w, https:\/\/www.defensoriaparana.gov.ar\/wp-content\/uploads\/ofi-3-284x213.jpg 284w\" alt=\"\" width=\"672\" height=\"504\" \/><\/p>\n<p class=\"wp-caption-text\">La Defensor\u00eda, a trav\u00e9s de su oficina m\u00f3vil, atendi\u00f3 la consulta de personas de la zona.<\/p>\n<\/div>\n<p>Con esta actividad, la Defensor\u00eda del Pueblo de Paran\u00e1 retom\u00f3 la salida a distintos puntos de la ciudad, con el fin de acercar la instituci\u00f3n a la ciudadan\u00eda y as\u00ed poder ofrecer informaci\u00f3n y la posibilidad de plantear dudas, solicitudes de asesoramiento, de mediaci\u00f3n y registrar situaciones en las que las personas sientan que se le han vulnerado derechos.<\/p>\n<div id=\"attachment_8238\" class=\"wp-caption alignnone\"><img loading=\"lazy\" class=\" wp-image-8238\" src=\"http:\/\/www.defensoriaparana.gov.ar\/wp-content\/uploads\/ima-def-nac.jpg\" sizes=\"(max-width: 530px) 100vw, 530px\" srcset=\"https:\/\/www.defensoriaparana.gov.ar\/wp-content\/uploads\/ima-def-nac.jpg 1032w, https:\/\/www.defensoriaparana.gov.ar\/wp-content\/uploads\/ima-def-nac-300x225.jpg 300w, https:\/\/www.defensoriaparana.gov.ar\/wp-content\/uploads\/ima-def-nac-768x576.jpg 768w, https:\/\/www.defensoriaparana.gov.ar\/wp-content\/uploads\/ima-def-nac-1024x768.jpg 1024w, https:\/\/www.defensoriaparana.gov.ar\/wp-content\/uploads\/ima-def-nac-170x128.jpg 170w, https:\/\/www.defensoriaparana.gov.ar\/wp-content\/uploads\/ima-def-nac-284x213.jpg 284w\" alt=\"\" width=\"530\" height=\"398\" \/><\/p>\n<p class=\"wp-caption-text\">La Delegaci\u00f3n de la Defensor\u00eda del Pueblo de la Naci\u00f3n, a trav\u00e9s de su personal, atendi\u00f3 consultas de temas de jurisdicci\u00f3n nacional.<\/p>\n<\/div>\n<p>&nbsp;<\/p>\n<p><strong>Derechos vulnerados<\/strong><\/p>\n<p>\u201cLa funci\u00f3n de la Defensor\u00eda es trabajar a partir de la vulneraci\u00f3n de derechos, y la salud es uno de los derechos humanos fundamentales; por lo tanto, si se encuentra vulnerados, debemos actuar o gestionar los reclamos ante la entidad que corresponda\u201d, dijo la Defensora Marcia L\u00f3pez, en declaraciones a medios de prensa que se acercaron al lugar.<\/p>\n<div class=\"mceTemp\"><\/div>\n<p>Y, en referencia al significado de la fecha,\u00a0 agreg\u00f3 que se toman \u201creclamos contra Iosper, por ser la obra social provincial, pero dentro de la Defensor\u00eda tambi\u00e9n funciona una delegaci\u00f3n de la oficina de Naci\u00f3n que toma los reclamos de obras sociales nacionales y se trabaja junto a la Superintendente de Salud\u201d. Este organismo tiene a cargo el control del funcionamiento de las obras sociales nacionales.<\/p>\n<p>A su turno, la Defensora del Pueblo Adjunta expres\u00f3 que de esta manera, saliendo a terreno, la ciudadan\u00eda pueda hacer sus consultas, reclamos y tener m\u00e1s informaci\u00f3n sobre qu\u00e9 funci\u00f3n y alcance tiene la instituci\u00f3n.\u00a0 Adem\u00e1s, mencion\u00f3 las peticiones de la ciudadan\u00eda a la Defensor\u00eda respecto de servicios p\u00fablicos, basura, agua y cloacas, entre otros temas. Tambi\u00e9n inform\u00f3 que se ofreci\u00f3 asesoramiento sobre el servicio que brinda el Centro de Mediaci\u00f3n de la Defensor\u00eda por cuestiones basados en conflictos entre vecinos.<\/p>\n<p><strong>Mural por la salud<\/strong><\/p>\n<p>En el marco del d\u00eda de la salud, se mencion\u00f3 que la Defensor\u00eda del Pueblo colabora en la inscripci\u00f3n para la vacunaci\u00f3n contra el coronavirus a las personas que carecen de las v\u00edas virtuales de acceso (como internet, correo electr\u00f3nico) o, directamente, de equipos de computadoras o celulares. En esos casos, pueden acercarse a la oficina de calle Monte Caseros 159 o comunicarse al tel\u00e9fono 4202322, de lunes a viernes, de 7 a 13.<\/p>\n<div id=\"attachment_8237\" class=\"wp-caption alignnone\"><img loading=\"lazy\" class=\" wp-image-8237\" src=\"http:\/\/www.defensoriaparana.gov.ar\/wp-content\/uploads\/ima-mural-3.jpg\" sizes=\"(max-width: 471px) 100vw, 471px\" srcset=\"https:\/\/www.defensoriaparana.gov.ar\/wp-content\/uploads\/ima-mural-3.jpg 768w, https:\/\/www.defensoriaparana.gov.ar\/wp-content\/uploads\/ima-mural-3-225x300.jpg 225w, https:\/\/www.defensoriaparana.gov.ar\/wp-content\/uploads\/ima-mural-3-170x227.jpg 170w, https:\/\/www.defensoriaparana.gov.ar\/wp-content\/uploads\/ima-mural-3-284x379.jpg 284w\" alt=\"\" width=\"471\" height=\"628\" \/><\/p>\n<p class=\"wp-caption-text\">Los dibujos iban tomando color de mano de personas mayores y tambi\u00e9n ni\u00f1os.<\/p>\n<\/div>\n<p>Paralelamente a la atenci\u00f3n en la oficina m\u00f3vil, avanzaron los trabajos de pintura de un mural comunitario en el ingreso del centro de salud. Los dise\u00f1os, hechos primero en bocetos que se encontraban expuestos en el lugar y, luego, plasmado en las paredes, reflejan la importancia de la salud relacionada con el aire libre, el sol, la naturaleza, todo ello con un significado especial tras los tiempos de cuarentena vividos el a\u00f1o pasado.<\/p>\n<p><img loading=\"lazy\" class=\"alignnone wp-image-8255\" src=\"http:\/\/www.defensoriaparana.gov.ar\/wp-content\/uploads\/boceto-1.jpg\" sizes=\"(max-width: 526px) 100vw, 526px\" srcset=\"https:\/\/www.defensoriaparana.gov.ar\/wp-content\/uploads\/boceto-1.jpg 1032w, https:\/\/www.defensoriaparana.gov.ar\/wp-content\/uploads\/boceto-1-300x225.jpg 300w, https:\/\/www.defensoriaparana.gov.ar\/wp-content\/uploads\/boceto-1-768x576.jpg 768w, https:\/\/www.defensoriaparana.gov.ar\/wp-content\/uploads\/boceto-1-1024x768.jpg 1024w, https:\/\/www.defensoriaparana.gov.ar\/wp-content\/uploads\/boceto-1-170x128.jpg 170w, https:\/\/www.defensoriaparana.gov.ar\/wp-content\/uploads\/boceto-1-284x213.jpg 284w\" alt=\"\" width=\"526\" height=\"395\" \/><\/p>\n<p>Bocetos trabajados en un taller previo que fueron plasmados en las paredes.<\/p>\n<p><img loading=\"lazy\" class=\" wp-image-8256\" src=\"http:\/\/www.defensoriaparana.gov.ar\/wp-content\/uploads\/boceto1.jpg\" sizes=\"(max-width: 513px) 100vw, 513px\" srcset=\"https:\/\/www.defensoriaparana.gov.ar\/wp-content\/uploads\/boceto1.jpg 1032w, https:\/\/www.defensoriaparana.gov.ar\/wp-content\/uploads\/boceto1-300x225.jpg 300w, https:\/\/www.defensoriaparana.gov.ar\/wp-content\/uploads\/boceto1-768x576.jpg 768w, https:\/\/www.defensoriaparana.gov.ar\/wp-content\/uploads\/boceto1-1024x768.jpg 1024w, https:\/\/www.defensoriaparana.gov.ar\/wp-content\/uploads\/boceto1-170x128.jpg 170w, https:\/\/www.defensoriaparana.gov.ar\/wp-content\/uploads\/boceto1-284x213.jpg 284w\" alt=\"\" width=\"513\" height=\"385\" \/><\/p>\n<p>Los dibujos surgieron de un taller, coordinado por Andr\u00e9s Leiva, artista pl\u00e1stico y muralista que integra el equipo del Centro de Mediaci\u00f3n, del que participaron personas mayores que realizan actividades f\u00edsicas en el centro de salud.<\/p>\n<p>La jornada fue de 10 a 12 y de 16 a 18 y cont\u00f3 con la colaboraci\u00f3n del centro de salud a trav\u00e9s de su directora, Alba Vel\u00e1zquez, y del personal de este efector, un lugar de referencia para una vasta zona de la ciudad.<\/p>\n<p><strong>Im\u00e1genes de la pintura del mural<\/strong><\/p>\n<p><img loading=\"lazy\" class=\"alignnone wp-image-8240\" src=\"http:\/\/www.defensoriaparana.gov.ar\/wp-content\/uploads\/imagen-frente.jpg\" sizes=\"(max-width: 573px) 100vw, 573px\" srcset=\"https:\/\/www.defensoriaparana.gov.ar\/wp-content\/uploads\/imagen-frente.jpg 1032w, https:\/\/www.defensoriaparana.gov.ar\/wp-content\/uploads\/imagen-frente-300x225.jpg 300w, https:\/\/www.defensoriaparana.gov.ar\/wp-content\/uploads\/imagen-frente-768x576.jpg 768w, https:\/\/www.defensoriaparana.gov.ar\/wp-content\/uploads\/imagen-frente-1024x768.jpg 1024w, https:\/\/www.defensoriaparana.gov.ar\/wp-content\/uploads\/imagen-frente-170x128.jpg 170w, https:\/\/www.defensoriaparana.gov.ar\/wp-content\/uploads\/imagen-frente-284x213.jpg 284w\" alt=\"\" width=\"573\" height=\"430\" \/><\/p>\n<p><img loading=\"lazy\" class=\"alignnone wp-image-8239\" src=\"http:\/\/www.defensoriaparana.gov.ar\/wp-content\/uploads\/ima-mural-6.jpg\" sizes=\"(max-width: 571px) 100vw, 571px\" srcset=\"https:\/\/www.defensoriaparana.gov.ar\/wp-content\/uploads\/ima-mural-6.jpg 1024w, https:\/\/www.defensoriaparana.gov.ar\/wp-content\/uploads\/ima-mural-6-300x225.jpg 300w, https:\/\/www.defensoriaparana.gov.ar\/wp-content\/uploads\/ima-mural-6-768x576.jpg 768w, https:\/\/www.defensoriaparana.gov.ar\/wp-content\/uploads\/ima-mural-6-170x128.jpg 170w, https:\/\/www.defensoriaparana.gov.ar\/wp-content\/uploads\/ima-mural-6-284x213.jpg 284w\" alt=\"\" width=\"571\" height=\"428\" \/><\/p>\n<p><img loading=\"lazy\" class=\"alignnone wp-image-8244\" src=\"http:\/\/www.defensoriaparana.gov.ar\/wp-content\/uploads\/ofi-4.jpg\" sizes=\"(max-width: 573px) 100vw, 573px\" srcset=\"https:\/\/www.defensoriaparana.gov.ar\/wp-content\/uploads\/ofi-4.jpg 1024w, https:\/\/www.defensoriaparana.gov.ar\/wp-content\/uploads\/ofi-4-300x225.jpg 300w, https:\/\/www.defensoriaparana.gov.ar\/wp-content\/uploads\/ofi-4-768x576.jpg 768w, https:\/\/www.defensoriaparana.gov.ar\/wp-content\/uploads\/ofi-4-170x128.jpg 170w, https:\/\/www.defensoriaparana.gov.ar\/wp-content\/uploads\/ofi-4-284x213.jpg 284w\" alt=\"\" width=\"573\" height=\"430\" \/><\/p>\n<p><img loading=\"lazy\" class=\"alignnone wp-image-8257\" src=\"http:\/\/www.defensoriaparana.gov.ar\/wp-content\/uploads\/pintura.jpg\" sizes=\"(max-width: 571px) 100vw, 571px\" srcset=\"https:\/\/www.defensoriaparana.gov.ar\/wp-content\/uploads\/pintura.jpg 1032w, https:\/\/www.defensoriaparana.gov.ar\/wp-content\/uploads\/pintura-300x225.jpg 300w, https:\/\/www.defensoriaparana.gov.ar\/wp-content\/uploads\/pintura-768x576.jpg 768w, https:\/\/www.defensoriaparana.gov.ar\/wp-content\/uploads\/pintura-1024x768.jpg 1024w, https:\/\/www.defensoriaparana.gov.ar\/wp-content\/uploads\/pintura-170x128.jpg 170w, https:\/\/www.defensoriaparana.gov.ar\/wp-content\/uploads\/pintura-284x213.jpg 284w\" alt=\"\" width=\"571\" height=\"429\" \/><\/p>\n<p><img loading=\"lazy\" class=\"alignnone wp-image-8245\" src=\"http:\/\/www.defensoriaparana.gov.ar\/wp-content\/uploads\/ofi-5.jpg\" sizes=\"(max-width: 563px) 100vw, 563px\" srcset=\"https:\/\/www.defensoriaparana.gov.ar\/wp-content\/uploads\/ofi-5.jpg 768w, https:\/\/www.defensoriaparana.gov.ar\/wp-content\/uploads\/ofi-5-225x300.jpg 225w, https:\/\/www.defensoriaparana.gov.ar\/wp-content\/uploads\/ofi-5-170x227.jpg 170w, https:\/\/www.defensoriaparana.gov.ar\/wp-content\/uploads\/ofi-5-284x379.jpg 284w\" alt=\"\" width=\"563\" height=\"751\" \/><\/p>\n<p><img loading=\"lazy\" class=\"alignnone wp-image-8247\" src=\"http:\/\/www.defensoriaparana.gov.ar\/wp-content\/uploads\/ofi-7.jpg\" sizes=\"(max-width: 557px) 100vw, 557px\" srcset=\"https:\/\/www.defensoriaparana.gov.ar\/wp-content\/uploads\/ofi-7.jpg 768w, https:\/\/www.defensoriaparana.gov.ar\/wp-content\/uploads\/ofi-7-225x300.jpg 225w, https:\/\/www.defensoriaparana.gov.ar\/wp-content\/uploads\/ofi-7-170x227.jpg 170w, https:\/\/www.defensoriaparana.gov.ar\/wp-content\/uploads\/ofi-7-284x379.jpg 284w\" alt=\"\" width=\"557\" height=\"743\" \/><\/p>\n<p><img loading=\"lazy\" class=\"alignnone wp-image-8249\" src=\"http:\/\/www.defensoriaparana.gov.ar\/wp-content\/uploads\/ofi-9.jpg\" sizes=\"(max-width: 527px) 100vw, 527px\" srcset=\"https:\/\/www.defensoriaparana.gov.ar\/wp-content\/uploads\/ofi-9.jpg 768w, https:\/\/www.defensoriaparana.gov.ar\/wp-content\/uploads\/ofi-9-225x300.jpg 225w, https:\/\/www.defensoriaparana.gov.ar\/wp-content\/uploads\/ofi-9-170x227.jpg 170w, https:\/\/www.defensoriaparana.gov.ar\/wp-content\/uploads\/ofi-9-284x379.jpg 284w\" alt=\"\" width=\"527\" height=\"703\" \/><img loading=\"lazy\" class=\"alignnone wp-image-8248\" src=\"http:\/\/www.defensoriaparana.gov.ar\/wp-content\/uploads\/ofi-8.jpg\" sizes=\"(max-width: 496px) 100vw, 496px\" srcset=\"https:\/\/www.defensoriaparana.gov.ar\/wp-content\/uploads\/ofi-8.jpg 768w, https:\/\/www.defensoriaparana.gov.ar\/wp-content\/uploads\/ofi-8-225x300.jpg 225w, https:\/\/www.defensoriaparana.gov.ar\/wp-content\/uploads\/ofi-8-170x227.jpg 170w, https:\/\/www.defensoriaparana.gov.ar\/wp-content\/uploads\/ofi-8-284x379.jpg 284w\" alt=\"\" width=\"496\" height=\"661\" \/><\/p>\n<p><img loading=\"lazy\" class=\"alignnone wp-image-8250\" src=\"http:\/\/www.defensoriaparana.gov.ar\/wp-content\/uploads\/ofi-10.jpg\" sizes=\"(max-width: 497px) 100vw, 497px\" srcset=\"https:\/\/www.defensoriaparana.gov.ar\/wp-content\/uploads\/ofi-10.jpg 1024w, https:\/\/www.defensoriaparana.gov.ar\/wp-content\/uploads\/ofi-10-300x225.jpg 300w, https:\/\/www.defensoriaparana.gov.ar\/wp-content\/uploads\/ofi-10-768x576.jpg 768w, https:\/\/www.defensoriaparana.gov.ar\/wp-content\/uploads\/ofi-10-170x128.jpg 170w, https:\/\/www.defensoriaparana.gov.ar\/wp-content\/uploads\/ofi-10-284x213.jpg 284w\" alt=\"\" width=\"497\" height=\"373\" \/><\/p>\n<p><img loading=\"lazy\" class=\"alignnone wp-image-8251\" src=\"http:\/\/www.defensoriaparana.gov.ar\/wp-content\/uploads\/ofi-11.jpg\" sizes=\"(max-width: 492px) 100vw, 492px\" srcset=\"https:\/\/www.defensoriaparana.gov.ar\/wp-content\/uploads\/ofi-11.jpg 768w, https:\/\/www.defensoriaparana.gov.ar\/wp-content\/uploads\/ofi-11-225x300.jpg 225w, https:\/\/www.defensoriaparana.gov.ar\/wp-content\/uploads\/ofi-11-170x227.jpg 170w, https:\/\/www.defensoriaparana.gov.ar\/wp-content\/uploads\/ofi-11-284x379.jpg 284w\" alt=\"\" width=\"492\" height=\"656\" \/><\/p>\n<p><img loading=\"lazy\" class=\"alignnone wp-image-8253\" src=\"http:\/\/www.defensoriaparana.gov.ar\/wp-content\/uploads\/ofi-13.jpg\" sizes=\"(max-width: 495px) 100vw, 495px\" srcset=\"https:\/\/www.defensoriaparana.gov.ar\/wp-content\/uploads\/ofi-13.jpg 1024w, https:\/\/www.defensoriaparana.gov.ar\/wp-content\/uploads\/ofi-13-300x225.jpg 300w, https:\/\/www.defensoriaparana.gov.ar\/wp-content\/uploads\/ofi-13-768x576.jpg 768w, https:\/\/www.defensoriaparana.gov.ar\/wp-content\/uploads\/ofi-13-170x128.jpg 170w, https:\/\/www.defensoriaparana.gov.ar\/wp-content\/uploads\/ofi-13-284x213.jpg 284w\" alt=\"\" width=\"495\" height=\"372\" \/><\/p>\n","protected":false},"excerpt":{"rendered":"<p>La Defensor\u00eda del Pueblo de la Ciudad de Paran\u00e1, junto con el Centro de Salud Selig Goldin, desarroll\u00f3 actividades en el D\u00eda Mundial de la Salud. Se pint\u00f3 un mural comunitario referente a la fecha en paredes del centro de salud, ubicado en calle Laurencena al 700, y funcion\u00f3 una oficina m\u00f3vil, al aire libre [&hellip;]<\/p>\n","protected":false},"author":1,"featured_media":0,"comment_status":"open","ping_status":"open","sticky":false,"template":"","format":"standard","meta":{"om_disable_all_campaigns":false,"_monsterinsights_skip_tracking":false,"_monsterinsights_sitenote_active":false,"_monsterinsights_sitenote_note":"","_monsterinsights_sitenote_category":0},"categories":[1],"tags":[],"_links":{"self":[{"href":"https:\/\/defensoriaparana.com.ar\/index.php\/wp-json\/wp\/v2\/posts\/2332"}],"collection":[{"href":"https:\/\/defensoriaparana.com.ar\/index.php\/wp-json\/wp\/v2\/posts"}],"about":[{"href":"https:\/\/defensoriaparana.com.ar\/index.php\/wp-json\/wp\/v2\/types\/post"}],"author":[{"embeddable":true,"href":"https:\/\/defensoriaparana.com.ar\/index.php\/wp-json\/wp\/v2\/users\/1"}],"replies":[{"embeddable":true,"href":"https:\/\/defensoriaparana.com.ar\/index.php\/wp-json\/wp\/v2\/comments?post=2332"}],"version-history":[{"count":1,"href":"https:\/\/defensoriaparana.com.ar\/index.php\/wp-json\/wp\/v2\/posts\/2332\/revisions"}],"predecessor-version":[{"id":2335,"href":"https:\/\/defensoriaparana.com.ar\/index.php\/wp-json\/wp\/v2\/posts\/2332\/revisions\/2335"}],"wp:attachment":[{"href":"https:\/\/defensoriaparana.com.ar\/index.php\/wp-json\/wp\/v2\/media?parent=2332"}],"wp:term":[{"taxonomy":"category","embeddable":true,"href":"https:\/\/defensoriaparana.com.ar\/index.php\/wp-json\/wp\/v2\/categories?post=2332"},{"taxonomy":"post_tag","embeddable":true,"href":"https:\/\/defensoriaparana.com.ar\/index.php\/wp-json\/wp\/v2\/tags?post=2332"}],"curies":[{"name":"wp","href":"https:\/\/api.w.org\/{rel}","templated":true}]}}