{"id":2336,"date":"2021-03-26T01:53:57","date_gmt":"2021-03-26T01:53:57","guid":{"rendered":"http:\/\/defensoriaparana.com.ar\/?p=2336"},"modified":"2022-07-12T01:55:47","modified_gmt":"2022-07-12T01:55:47","slug":"personas-mayores-reunion-de-la-defensora-con-responsables-de-uader","status":"publish","type":"post","link":"https:\/\/defensoriaparana.com.ar\/index.php\/2021\/03\/26\/personas-mayores-reunion-de-la-defensora-con-responsables-de-uader\/","title":{"rendered":"Personas Mayores: reuni\u00f3n de la Defensora con responsables de Uader"},"content":{"rendered":"<div class=\"o9v6fnle cxmmr5t8 oygrvhab hcukyx3x c1et5uql ii04i59q\">\n<div dir=\"auto\">\n<div class=\"o9v6fnle cxmmr5t8 oygrvhab hcukyx3x c1et5uql ii04i59q\">\n<div dir=\"auto\">\n<p>La Defensora de los Derechos de las Personas Mayores, Ligia Blanco, se reuni\u00f3 con la Secretaria de Integraci\u00f3n con la Comunidad, Mg. Ana Rougier, y el responsable del Departamento de Personas Mayores de la Universidad Aut\u00f3noma de Entre R\u00edos (Uader), Juli\u00e1n Osoro.<\/p>\n<div id=\"attachment_8170\" class=\"wp-caption alignnone\"><img loading=\"lazy\" class=\" wp-image-8170\" src=\"http:\/\/www.defensoriaparana.gov.ar\/wp-content\/uploads\/ligia-1.jpg\" sizes=\"(max-width: 501px) 100vw, 501px\" srcset=\"https:\/\/www.defensoriaparana.gov.ar\/wp-content\/uploads\/ligia-1.jpg 1280w, https:\/\/www.defensoriaparana.gov.ar\/wp-content\/uploads\/ligia-1-300x225.jpg 300w, https:\/\/www.defensoriaparana.gov.ar\/wp-content\/uploads\/ligia-1-768x575.jpg 768w, https:\/\/www.defensoriaparana.gov.ar\/wp-content\/uploads\/ligia-1-1024x766.jpg 1024w, https:\/\/www.defensoriaparana.gov.ar\/wp-content\/uploads\/ligia-1-170x127.jpg 170w, https:\/\/www.defensoriaparana.gov.ar\/wp-content\/uploads\/ligia-1-284x213.jpg 284w\" alt=\"\" width=\"501\" height=\"375\" \/><\/p>\n<p class=\"wp-caption-text\">Reuni\u00f3n de la Defensora de los Derechos de las Personas Mayores con responsables de Uader.<\/p>\n<\/div>\n<p>En el encuentro, la Defensora Blanco se present\u00f3, explic\u00f3 el rol de su funci\u00f3n y su inter\u00e9s de mantener un trabajo conjunto con el \u00e1rea de la Universidad. Asimismo, se acord\u00f3 la necesidad de articular acciones para fortalecer y garantizar los derechos de esa franja etaria. En ese sentido, la Defensora plante\u00f3 la posibilidad de firmar un convenio, en el marco del cual la Uader pueda brindar capacitaciones e informaci\u00f3n \u2013en base a Recomendaciones que prepara la Defensora- \u00a0sobre diferentes temas que hacen a la consideraci\u00f3n de las particularidades de las persona mayores y al buen trato en oficinas p\u00fablicas, bancarias y de salud, entre otras.<\/p>\n<\/div>\n<\/div>\n<\/div>\n<\/div>\n","protected":false},"excerpt":{"rendered":"<p>La Defensora de los Derechos de las Personas Mayores, Ligia Blanco, se reuni\u00f3 con la Secretaria de Integraci\u00f3n con la Comunidad, Mg. Ana Rougier, y el responsable del Departamento de Personas Mayores de la Universidad Aut\u00f3noma de Entre R\u00edos (Uader), Juli\u00e1n Osoro. Reuni\u00f3n de la Defensora de los Derechos de las Personas Mayores con responsables [&hellip;]<\/p>\n","protected":false},"author":1,"featured_media":0,"comment_status":"open","ping_status":"open","sticky":false,"template":"","format":"standard","meta":{"om_disable_all_campaigns":false,"_monsterinsights_skip_tracking":false,"_monsterinsights_sitenote_active":false,"_monsterinsights_sitenote_note":"","_monsterinsights_sitenote_category":0},"categories":[1],"tags":[],"_links":{"self":[{"href":"https:\/\/defensoriaparana.com.ar\/index.php\/wp-json\/wp\/v2\/posts\/2336"}],"collection":[{"href":"https:\/\/defensoriaparana.com.ar\/index.php\/wp-json\/wp\/v2\/posts"}],"about":[{"href":"https:\/\/defensoriaparana.com.ar\/index.php\/wp-json\/wp\/v2\/types\/post"}],"author":[{"embeddable":true,"href":"https:\/\/defensoriaparana.com.ar\/index.php\/wp-json\/wp\/v2\/users\/1"}],"replies":[{"embeddable":true,"href":"https:\/\/defensoriaparana.com.ar\/index.php\/wp-json\/wp\/v2\/comments?post=2336"}],"version-history":[{"count":3,"href":"https:\/\/defensoriaparana.com.ar\/index.php\/wp-json\/wp\/v2\/posts\/2336\/revisions"}],"predecessor-version":[{"id":2343,"href":"https:\/\/defensoriaparana.com.ar\/index.php\/wp-json\/wp\/v2\/posts\/2336\/revisions\/2343"}],"wp:attachment":[{"href":"https:\/\/defensoriaparana.com.ar\/index.php\/wp-json\/wp\/v2\/media?parent=2336"}],"wp:term":[{"taxonomy":"category","embeddable":true,"href":"https:\/\/defensoriaparana.com.ar\/index.php\/wp-json\/wp\/v2\/categories?post=2336"},{"taxonomy":"post_tag","embeddable":true,"href":"https:\/\/defensoriaparana.com.ar\/index.php\/wp-json\/wp\/v2\/tags?post=2336"}],"curies":[{"name":"wp","href":"https:\/\/api.w.org\/{rel}","templated":true}]}}