{"id":2337,"date":"2021-03-25T01:53:58","date_gmt":"2021-03-25T01:53:58","guid":{"rendered":"http:\/\/defensoriaparana.com.ar\/?p=2337"},"modified":"2022-07-12T01:55:24","modified_gmt":"2022-07-12T01:55:24","slug":"un-mural-narraciones-y-la-plantacion-de-arboles-en-la-semana-de-la-memoria","status":"publish","type":"post","link":"https:\/\/defensoriaparana.com.ar\/index.php\/2021\/03\/25\/un-mural-narraciones-y-la-plantacion-de-arboles-en-la-semana-de-la-memoria\/","title":{"rendered":"Un mural, narraciones y la plantaci\u00f3n de \u00e1rboles, en la Semana de la Memoria"},"content":{"rendered":"<p>La Defensor\u00eda del Pueblo de la Ciudad de Paran\u00e1 particip\u00f3 de las actividades programadas en el marco de la Semana de la Memoria. El lugar de la convocatoria fue el Centro Integrador Comunitario (II Este), ubicado en las calles Ferm\u00edn Garay y Roque S\u00e1enz Pe\u00f1a, y comenz\u00f3 a las 9.30, con un acto conmemorativo por el D\u00eda de la Memoria por la Verdad y la Justicia, en el que se leyeron cuentos alusivos con la participaci\u00f3n del ex Defensor del Pueblo, Luis Garay, y Silvina Su\u00e1rez, integrante del equipo de trabajo del Centro de Mediaci\u00f3n Comunitaria de la instituci\u00f3n.<\/p>\n<p><img loading=\"lazy\" class=\"alignnone size-full wp-image-8152\" src=\"http:\/\/www.defensoriaparana.gov.ar\/wp-content\/uploads\/lectura.jpg\" sizes=\"(max-width: 1156px) 100vw, 1156px\" srcset=\"https:\/\/www.defensoriaparana.gov.ar\/wp-content\/uploads\/lectura.jpg 1156w, https:\/\/www.defensoriaparana.gov.ar\/wp-content\/uploads\/lectura-300x135.jpg 300w, https:\/\/www.defensoriaparana.gov.ar\/wp-content\/uploads\/lectura-768x346.jpg 768w, https:\/\/www.defensoriaparana.gov.ar\/wp-content\/uploads\/lectura-1024x462.jpg 1024w, https:\/\/www.defensoriaparana.gov.ar\/wp-content\/uploads\/lectura-170x77.jpg 170w, https:\/\/www.defensoriaparana.gov.ar\/wp-content\/uploads\/lectura-284x128.jpg 284w\" alt=\"\" width=\"1156\" height=\"521\" \/><\/p>\n<p>Silvina Su\u00e1rez y Luis Garay, en plena lectura.<\/p>\n<p><img loading=\"lazy\" class=\"alignnone size-full wp-image-8153\" src=\"http:\/\/www.defensoriaparana.gov.ar\/wp-content\/uploads\/Lectura-1.jpg\" sizes=\"(max-width: 1106px) 100vw, 1106px\" srcset=\"https:\/\/www.defensoriaparana.gov.ar\/wp-content\/uploads\/Lectura-1.jpg 1106w, https:\/\/www.defensoriaparana.gov.ar\/wp-content\/uploads\/Lectura-1-300x135.jpg 300w, https:\/\/www.defensoriaparana.gov.ar\/wp-content\/uploads\/Lectura-1-768x347.jpg 768w, https:\/\/www.defensoriaparana.gov.ar\/wp-content\/uploads\/Lectura-1-1024x462.jpg 1024w, https:\/\/www.defensoriaparana.gov.ar\/wp-content\/uploads\/Lectura-1-170x77.jpg 170w, https:\/\/www.defensoriaparana.gov.ar\/wp-content\/uploads\/Lectura-1-284x128.jpg 284w\" alt=\"\" width=\"1106\" height=\"499\" \/><\/p>\n<p>Los asistentes llenaron los lugares y siguieron con inter\u00e9s las narraciones.<\/p>\n<p>&nbsp;<\/p>\n<p>Seguidamente, se realiz\u00f3 una plantaci\u00f3n de \u00e1rboles en el marco de la campa\u00f1a de Madres y Abuelas de Plaza de Mayo. \u201cPlantemos 30.000 \u00e1rboles por 30.000 desaparecidos\u201d, fue la consigna, a la que se sumaron las Defensoras Marcia L\u00f3pez y Cecilia Pautaso.<\/p>\n<p><img loading=\"lazy\" class=\"alignnone wp-image-8154\" src=\"http:\/\/www.defensoriaparana.gov.ar\/wp-content\/uploads\/%C3%A1rbol.jpg\" sizes=\"(max-width: 379px) 100vw, 379px\" srcset=\"https:\/\/www.defensoriaparana.gov.ar\/wp-content\/uploads\/\u00e1rbol.jpg 1280w, https:\/\/www.defensoriaparana.gov.ar\/wp-content\/uploads\/\u00e1rbol-300x225.jpg 300w, https:\/\/www.defensoriaparana.gov.ar\/wp-content\/uploads\/\u00e1rbol-768x576.jpg 768w, https:\/\/www.defensoriaparana.gov.ar\/wp-content\/uploads\/\u00e1rbol-1024x768.jpg 1024w, https:\/\/www.defensoriaparana.gov.ar\/wp-content\/uploads\/\u00e1rbol-170x128.jpg 170w, https:\/\/www.defensoriaparana.gov.ar\/wp-content\/uploads\/\u00e1rbol-284x213.jpg 284w\" alt=\"\" width=\"379\" height=\"284\" \/>\u00a0 \u00a0<img loading=\"lazy\" class=\"alignnone wp-image-8155\" src=\"http:\/\/www.defensoriaparana.gov.ar\/wp-content\/uploads\/%C3%A1rbol-1.jpg\" sizes=\"(max-width: 379px) 100vw, 379px\" srcset=\"https:\/\/www.defensoriaparana.gov.ar\/wp-content\/uploads\/\u00e1rbol-1.jpg 1280w, https:\/\/www.defensoriaparana.gov.ar\/wp-content\/uploads\/\u00e1rbol-1-300x225.jpg 300w, https:\/\/www.defensoriaparana.gov.ar\/wp-content\/uploads\/\u00e1rbol-1-768x576.jpg 768w, https:\/\/www.defensoriaparana.gov.ar\/wp-content\/uploads\/\u00e1rbol-1-1024x768.jpg 1024w, https:\/\/www.defensoriaparana.gov.ar\/wp-content\/uploads\/\u00e1rbol-1-170x128.jpg 170w, https:\/\/www.defensoriaparana.gov.ar\/wp-content\/uploads\/\u00e1rbol-1-284x213.jpg 284w\" alt=\"\" width=\"379\" height=\"284\" \/><\/p>\n<p>Las Defensoras del Pueblo, pala en mano, participaron de la plantaci\u00f3n.<\/p>\n<p>Se plantaron cinco \u00e1rboles: uno a cargo de los familiares de los dirigentes Eduardo Solari y Luis Brasesco; otro, por presos pol\u00edticos Cristela Godoy y Alfredo Ghiglione; un tercero estuvo a cargo de Viviana Poggio y Gast\u00f3n Mena, como hijos de desaparecidos; el cuarto \u00e1rbol estuvo a cargo de las instituciones organizadoras: Defensor\u00eda del Pueblo, el Centro de Referencia del Ministerio de Desarrollo Social en Entre R\u00edos (Jimena Osuna), el CIC II (Mercedes Solanas), \u00e1rea de Juventud (Juan Cruz Cornejo) y Desarrollo Social Municipal (Nicol\u00e1s Mathieu); y el \u00faltimo estuvo a cargo de los legisladores Julio Solanas, Eduardo Solari y Daniel Ruberto (mandato cumplido).<\/p>\n<p>Otra de las actividades consisti\u00f3 en pintar un mural participativo en paredes del edificio del CIC. El trabajo estuvo guiado por el artista pl\u00e1stico y muralista, Andr\u00e9s Leiva, integrante de la Defensor\u00eda del Pueblo, junto a otros integrantes de la instituci\u00f3n, y est\u00e1 basado en la historia de Gast\u00f3n Mena, hijo de desaparecidos, quien de ni\u00f1o y adolescente vivi\u00f3 en la calle, sufri\u00f3 el hambre y desamparo, hasta que se fue encauzando el hallazgo de su identidad.<\/p>\n<p>El mural se inaugurar\u00e1 hoy, a las 20, y contar\u00e1 con la presencia de Mena, quien se referir\u00e1 a su historia, que \u2013con algunos cambios- es la de todos.<\/p>\n<p><strong>El mural, en las distintas etapas.<\/strong><\/p>\n<p>&nbsp;<\/p>\n<p><img loading=\"lazy\" class=\"alignnone wp-image-8161\" src=\"http:\/\/www.defensoriaparana.gov.ar\/wp-content\/uploads\/imagen-0.jpg\" sizes=\"(max-width: 573px) 100vw, 573px\" srcset=\"https:\/\/www.defensoriaparana.gov.ar\/wp-content\/uploads\/imagen-0.jpg 1280w, https:\/\/www.defensoriaparana.gov.ar\/wp-content\/uploads\/imagen-0-300x225.jpg 300w, https:\/\/www.defensoriaparana.gov.ar\/wp-content\/uploads\/imagen-0-768x576.jpg 768w, https:\/\/www.defensoriaparana.gov.ar\/wp-content\/uploads\/imagen-0-1024x768.jpg 1024w, https:\/\/www.defensoriaparana.gov.ar\/wp-content\/uploads\/imagen-0-170x128.jpg 170w, https:\/\/www.defensoriaparana.gov.ar\/wp-content\/uploads\/imagen-0-284x213.jpg 284w\" alt=\"\" width=\"573\" height=\"430\" \/><\/p>\n<p>&nbsp;<\/p>\n<p><img loading=\"lazy\" class=\"alignnone wp-image-8156\" src=\"http:\/\/www.defensoriaparana.gov.ar\/wp-content\/uploads\/mural-inicio-1.jpg\" sizes=\"(max-width: 574px) 100vw, 574px\" srcset=\"https:\/\/www.defensoriaparana.gov.ar\/wp-content\/uploads\/mural-inicio-1.jpg 1040w, https:\/\/www.defensoriaparana.gov.ar\/wp-content\/uploads\/mural-inicio-1-300x225.jpg 300w, https:\/\/www.defensoriaparana.gov.ar\/wp-content\/uploads\/mural-inicio-1-768x576.jpg 768w, https:\/\/www.defensoriaparana.gov.ar\/wp-content\/uploads\/mural-inicio-1-1024x768.jpg 1024w, https:\/\/www.defensoriaparana.gov.ar\/wp-content\/uploads\/mural-inicio-1-170x128.jpg 170w, https:\/\/www.defensoriaparana.gov.ar\/wp-content\/uploads\/mural-inicio-1-284x213.jpg 284w\" alt=\"\" width=\"574\" height=\"431\" \/><\/p>\n<p><img loading=\"lazy\" class=\"alignnone wp-image-8159\" src=\"http:\/\/www.defensoriaparana.gov.ar\/wp-content\/uploads\/imagen-2-1.jpg\" sizes=\"(max-width: 594px) 100vw, 594px\" srcset=\"https:\/\/www.defensoriaparana.gov.ar\/wp-content\/uploads\/imagen-2-1.jpg 1280w, https:\/\/www.defensoriaparana.gov.ar\/wp-content\/uploads\/imagen-2-1-300x225.jpg 300w, https:\/\/www.defensoriaparana.gov.ar\/wp-content\/uploads\/imagen-2-1-768x576.jpg 768w, https:\/\/www.defensoriaparana.gov.ar\/wp-content\/uploads\/imagen-2-1-1024x768.jpg 1024w, https:\/\/www.defensoriaparana.gov.ar\/wp-content\/uploads\/imagen-2-1-170x128.jpg 170w, https:\/\/www.defensoriaparana.gov.ar\/wp-content\/uploads\/imagen-2-1-284x213.jpg 284w\" alt=\"\" width=\"594\" height=\"446\" \/><\/p>\n<p><img loading=\"lazy\" class=\"alignnone wp-image-8167\" src=\"http:\/\/www.defensoriaparana.gov.ar\/wp-content\/uploads\/imagen-10.jpg\" sizes=\"(max-width: 554px) 100vw, 554px\" srcset=\"https:\/\/www.defensoriaparana.gov.ar\/wp-content\/uploads\/imagen-10.jpg 1280w, https:\/\/www.defensoriaparana.gov.ar\/wp-content\/uploads\/imagen-10-300x225.jpg 300w, https:\/\/www.defensoriaparana.gov.ar\/wp-content\/uploads\/imagen-10-768x576.jpg 768w, https:\/\/www.defensoriaparana.gov.ar\/wp-content\/uploads\/imagen-10-1024x768.jpg 1024w, https:\/\/www.defensoriaparana.gov.ar\/wp-content\/uploads\/imagen-10-170x128.jpg 170w, https:\/\/www.defensoriaparana.gov.ar\/wp-content\/uploads\/imagen-10-284x213.jpg 284w\" alt=\"\" width=\"554\" height=\"416\" \/><\/p>\n<p><img loading=\"lazy\" class=\"alignnone wp-image-8164\" src=\"http:\/\/www.defensoriaparana.gov.ar\/wp-content\/uploads\/imagen-7.jpg\" sizes=\"(max-width: 762px) 100vw, 762px\" srcset=\"https:\/\/www.defensoriaparana.gov.ar\/wp-content\/uploads\/imagen-7.jpg 1280w, https:\/\/www.defensoriaparana.gov.ar\/wp-content\/uploads\/imagen-7-300x225.jpg 300w, https:\/\/www.defensoriaparana.gov.ar\/wp-content\/uploads\/imagen-7-768x576.jpg 768w, https:\/\/www.defensoriaparana.gov.ar\/wp-content\/uploads\/imagen-7-1024x768.jpg 1024w, https:\/\/www.defensoriaparana.gov.ar\/wp-content\/uploads\/imagen-7-170x128.jpg 170w, https:\/\/www.defensoriaparana.gov.ar\/wp-content\/uploads\/imagen-7-284x213.jpg 284w\" alt=\"\" width=\"762\" height=\"572\" \/><\/p>\n<p>&nbsp;<\/p>\n<p><img loading=\"lazy\" class=\"alignnone size-full wp-image-8157\" src=\"http:\/\/www.defensoriaparana.gov.ar\/wp-content\/uploads\/mural-terminado.jpg\" sizes=\"(max-width: 1280px) 100vw, 1280px\" srcset=\"https:\/\/www.defensoriaparana.gov.ar\/wp-content\/uploads\/mural-terminado.jpg 1280w, https:\/\/www.defensoriaparana.gov.ar\/wp-content\/uploads\/mural-terminado-300x225.jpg 300w, https:\/\/www.defensoriaparana.gov.ar\/wp-content\/uploads\/mural-terminado-768x576.jpg 768w, https:\/\/www.defensoriaparana.gov.ar\/wp-content\/uploads\/mural-terminado-1024x768.jpg 1024w, https:\/\/www.defensoriaparana.gov.ar\/wp-content\/uploads\/mural-terminado-170x128.jpg 170w, https:\/\/www.defensoriaparana.gov.ar\/wp-content\/uploads\/mural-terminado-284x213.jpg 284w\" alt=\"\" width=\"1280\" height=\"960\" \/><\/p>\n","protected":false},"excerpt":{"rendered":"<p>La Defensor\u00eda del Pueblo de la Ciudad de Paran\u00e1 particip\u00f3 de las actividades programadas en el marco de la Semana de la Memoria. El lugar de la convocatoria fue el Centro Integrador Comunitario (II Este), ubicado en las calles Ferm\u00edn Garay y Roque S\u00e1enz Pe\u00f1a, y comenz\u00f3 a las 9.30, con un acto conmemorativo por [&hellip;]<\/p>\n","protected":false},"author":1,"featured_media":0,"comment_status":"open","ping_status":"open","sticky":false,"template":"","format":"standard","meta":{"om_disable_all_campaigns":false,"_monsterinsights_skip_tracking":false,"_monsterinsights_sitenote_active":false,"_monsterinsights_sitenote_note":"","_monsterinsights_sitenote_category":0},"categories":[1],"tags":[],"_links":{"self":[{"href":"https:\/\/defensoriaparana.com.ar\/index.php\/wp-json\/wp\/v2\/posts\/2337"}],"collection":[{"href":"https:\/\/defensoriaparana.com.ar\/index.php\/wp-json\/wp\/v2\/posts"}],"about":[{"href":"https:\/\/defensoriaparana.com.ar\/index.php\/wp-json\/wp\/v2\/types\/post"}],"author":[{"embeddable":true,"href":"https:\/\/defensoriaparana.com.ar\/index.php\/wp-json\/wp\/v2\/users\/1"}],"replies":[{"embeddable":true,"href":"https:\/\/defensoriaparana.com.ar\/index.php\/wp-json\/wp\/v2\/comments?post=2337"}],"version-history":[{"count":1,"href":"https:\/\/defensoriaparana.com.ar\/index.php\/wp-json\/wp\/v2\/posts\/2337\/revisions"}],"predecessor-version":[{"id":2340,"href":"https:\/\/defensoriaparana.com.ar\/index.php\/wp-json\/wp\/v2\/posts\/2337\/revisions\/2340"}],"wp:attachment":[{"href":"https:\/\/defensoriaparana.com.ar\/index.php\/wp-json\/wp\/v2\/media?parent=2337"}],"wp:term":[{"taxonomy":"category","embeddable":true,"href":"https:\/\/defensoriaparana.com.ar\/index.php\/wp-json\/wp\/v2\/categories?post=2337"},{"taxonomy":"post_tag","embeddable":true,"href":"https:\/\/defensoriaparana.com.ar\/index.php\/wp-json\/wp\/v2\/tags?post=2337"}],"curies":[{"name":"wp","href":"https:\/\/api.w.org\/{rel}","templated":true}]}}