{"id":2345,"date":"2021-03-14T01:55:58","date_gmt":"2021-03-14T01:55:58","guid":{"rendered":"http:\/\/defensoriaparana.com.ar\/?p=2345"},"modified":"2022-10-05T23:09:46","modified_gmt":"2022-10-05T23:09:46","slug":"adpra-repudia-la-agresion-sufrida-por-el-presidente-alberto-fernandez","status":"publish","type":"post","link":"https:\/\/defensoriaparana.com.ar\/index.php\/2021\/03\/14\/adpra-repudia-la-agresion-sufrida-por-el-presidente-alberto-fernandez\/","title":{"rendered":"Adpra repudia la agresi\u00f3n sufrida por el presidente Alberto Fern\u00e1ndez"},"content":{"rendered":"<div class=\"kvgmc6g5 cxmmr5t8 oygrvhab hcukyx3x c1et5uql ii04i59q\">\n<div dir=\"auto\">\n<p>La Asociaci\u00f3n de Defensor\u00edas del Pueblo de la Rep\u00fablica Argentina (Adpra), organizaci\u00f3n de la que la Defensor\u00eda del Pueblo de Paran\u00e1 es miembro, se expidi\u00f3 mediante un comunicado\u00a0 el que repudia la agresi\u00f3n de la que fue v\u00edctima el presidente Alberto Fern\u00e1ndez y los integrantes de la comitiva presidencial.<\/p>\n<p><img loading=\"lazy\" class=\"alignnone size-full wp-image-8620\" src=\"http:\/\/www.defensoriaparana.gov.ar\/wp-content\/uploads\/adpra.jpg\" sizes=\"(max-width: 327px) 100vw, 327px\" srcset=\"https:\/\/www.defensoriaparana.gov.ar\/wp-content\/uploads\/adpra.jpg 327w, https:\/\/www.defensoriaparana.gov.ar\/wp-content\/uploads\/adpra-150x150.jpg 150w, https:\/\/www.defensoriaparana.gov.ar\/wp-content\/uploads\/adpra-300x300.jpg 300w, https:\/\/www.defensoriaparana.gov.ar\/wp-content\/uploads\/adpra-32x32.jpg 32w, https:\/\/www.defensoriaparana.gov.ar\/wp-content\/uploads\/adpra-170x170.jpg 170w, https:\/\/www.defensoriaparana.gov.ar\/wp-content\/uploads\/adpra-284x284.jpg 284w\" alt=\"\" width=\"327\" height=\"327\" \/><\/p>\n<p>\u00abEnorme tristeza provoca ver a vecinos y vecinas de las localidades de la Zona Andina de Chubut y R\u00edo Negro que, en horas, vieron como el fuego se llev\u00f3 vidas y destruy\u00f3 sus viviendas y pertenencias. Tremenda angustia ver la desolaci\u00f3n de nuestro ambiente que sufri\u00f3 da\u00f1os de incalculables dimensiones.<\/p>\n<p>En ese contexto, valoramos la presencia de las m\u00e1ximas autoridades nacionales en la zona para brindar toda la ayuda posible luego de una cat\u00e1strofe de enormes dimensiones.<\/p>\n<p>Por ello, repudiamos lo ocurrido y ratificamos la importancia del di\u00e1logo como valor \u00e9tico consustancial a la democracia, entendiendo que las discrepancias deben ser resueltas en el marco del estado de derecho\u00bb.<\/p>\n<p>Fuente: Adpra<\/p>\n<\/div>\n<\/div>\n","protected":false},"excerpt":{"rendered":"<p>La Asociaci\u00f3n de Defensor\u00edas del Pueblo de la Rep\u00fablica Argentina (Adpra), organizaci\u00f3n de la que la Defensor\u00eda del Pueblo de Paran\u00e1 es miembro, se expidi\u00f3 mediante un comunicado\u00a0 el que repudia la agresi\u00f3n de la que fue v\u00edctima el presidente Alberto Fern\u00e1ndez y los integrantes de la comitiva presidencial. \u00abEnorme tristeza provoca ver a vecinos [&hellip;]<\/p>\n","protected":false},"author":1,"featured_media":3511,"comment_status":"open","ping_status":"open","sticky":false,"template":"","format":"standard","meta":{"om_disable_all_campaigns":false,"_monsterinsights_skip_tracking":false,"_monsterinsights_sitenote_active":false,"_monsterinsights_sitenote_note":"","_monsterinsights_sitenote_category":0},"categories":[14,1],"tags":[],"_links":{"self":[{"href":"https:\/\/defensoriaparana.com.ar\/index.php\/wp-json\/wp\/v2\/posts\/2345"}],"collection":[{"href":"https:\/\/defensoriaparana.com.ar\/index.php\/wp-json\/wp\/v2\/posts"}],"about":[{"href":"https:\/\/defensoriaparana.com.ar\/index.php\/wp-json\/wp\/v2\/types\/post"}],"author":[{"embeddable":true,"href":"https:\/\/defensoriaparana.com.ar\/index.php\/wp-json\/wp\/v2\/users\/1"}],"replies":[{"embeddable":true,"href":"https:\/\/defensoriaparana.com.ar\/index.php\/wp-json\/wp\/v2\/comments?post=2345"}],"version-history":[{"count":1,"href":"https:\/\/defensoriaparana.com.ar\/index.php\/wp-json\/wp\/v2\/posts\/2345\/revisions"}],"predecessor-version":[{"id":2348,"href":"https:\/\/defensoriaparana.com.ar\/index.php\/wp-json\/wp\/v2\/posts\/2345\/revisions\/2348"}],"wp:featuredmedia":[{"embeddable":true,"href":"https:\/\/defensoriaparana.com.ar\/index.php\/wp-json\/wp\/v2\/media\/3511"}],"wp:attachment":[{"href":"https:\/\/defensoriaparana.com.ar\/index.php\/wp-json\/wp\/v2\/media?parent=2345"}],"wp:term":[{"taxonomy":"category","embeddable":true,"href":"https:\/\/defensoriaparana.com.ar\/index.php\/wp-json\/wp\/v2\/categories?post=2345"},{"taxonomy":"post_tag","embeddable":true,"href":"https:\/\/defensoriaparana.com.ar\/index.php\/wp-json\/wp\/v2\/tags?post=2345"}],"curies":[{"name":"wp","href":"https:\/\/api.w.org\/{rel}","templated":true}]}}