{"id":2347,"date":"2021-03-09T01:56:00","date_gmt":"2021-03-09T01:56:00","guid":{"rendered":"http:\/\/defensoriaparana.com.ar\/?p=2347"},"modified":"2022-07-12T01:57:58","modified_gmt":"2022-07-12T01:57:58","slug":"busqueda-de-una-nueva-sede-de-la-defensoria-del-pueblo-se-presentaron-cinco-ofertas-para-contratar-en-alquiler","status":"publish","type":"post","link":"https:\/\/defensoriaparana.com.ar\/index.php\/2021\/03\/09\/busqueda-de-una-nueva-sede-de-la-defensoria-del-pueblo-se-presentaron-cinco-ofertas-para-contratar-en-alquiler\/","title":{"rendered":"B\u00fasqueda de una nueva sede de la Defensor\u00eda del Pueblo: se presentaron cinco ofertas para contratar en alquiler"},"content":{"rendered":"<div class=\"kvgmc6g5 cxmmr5t8 oygrvhab hcukyx3x c1et5uql ii04i59q\">\n<div dir=\"auto\"><span data-offset-key=\"f2mcr-2-0\">El martes 9 de marzo se abrieron los sobres de ofertas que se presentaron al acto licitario convocado para la contrataci\u00f3n en locaci\u00f3n de un inmueble destinado al funcionamiento de la Defensor\u00eda del Pueblo de la Ciudad de Paran\u00e1, con el objetivo primordial de garantizar el acceso f\u00edsico a la ciudadan\u00eda y espacios funcionales para el trabajo diario.\u00a0<\/span><span data-offset-key=\"f2mcr-2-0\">Se presentaron cinco oferentes, cuyas propuestas fueron elevadas a an\u00e1lisis.<\/span><\/div>\n<\/div>\n<div class=\"o9v6fnle cxmmr5t8 oygrvhab hcukyx3x c1et5uql ii04i59q\">\n<div dir=\"auto\">\n<p><span data-offset-key=\"f2mcr-2-0\">La ceremonia que se desarroll\u00f3 en el anexo del Concejo Deliberante, ubicado en calle San Mart\u00edn 826, fue presidida por la asesora de la Presidencia del Concejo Deliberante, contadora Anal\u00eda Weinmeister, quien estuvo acompa\u00f1ada por los directores de Asuntos Jur\u00eddicos y de Coordinaci\u00f3n Administrativo Contable, Dr. Abel Lipschitz y Sandra Gabriela Noble, respectivamente.<\/span><\/p>\n<div id=\"attachment_8060\" class=\"wp-caption alignnone\"><img loading=\"lazy\" class=\" wp-image-8060\" src=\"http:\/\/www.defensoriaparana.gov.ar\/wp-content\/uploads\/Apertura-de-sobres-Licitaci%C3%B3n-inmueble-Defensor%C3%ADa.jpg\" sizes=\"(max-width: 590px) 100vw, 590px\" srcset=\"https:\/\/www.defensoriaparana.gov.ar\/wp-content\/uploads\/Apertura-de-sobres-Licitaci\u00f3n-inmueble-Defensor\u00eda.jpg 1280w, https:\/\/www.defensoriaparana.gov.ar\/wp-content\/uploads\/Apertura-de-sobres-Licitaci\u00f3n-inmueble-Defensor\u00eda-300x200.jpg 300w, https:\/\/www.defensoriaparana.gov.ar\/wp-content\/uploads\/Apertura-de-sobres-Licitaci\u00f3n-inmueble-Defensor\u00eda-768x512.jpg 768w, https:\/\/www.defensoriaparana.gov.ar\/wp-content\/uploads\/Apertura-de-sobres-Licitaci\u00f3n-inmueble-Defensor\u00eda-1024x682.jpg 1024w, https:\/\/www.defensoriaparana.gov.ar\/wp-content\/uploads\/Apertura-de-sobres-Licitaci\u00f3n-inmueble-Defensor\u00eda-170x113.jpg 170w, https:\/\/www.defensoriaparana.gov.ar\/wp-content\/uploads\/Apertura-de-sobres-Licitaci\u00f3n-inmueble-Defensor\u00eda-284x189.jpg 284w, https:\/\/www.defensoriaparana.gov.ar\/wp-content\/uploads\/Apertura-de-sobres-Licitaci\u00f3n-inmueble-Defensor\u00eda-135x90.jpg 135w\" alt=\"\" width=\"590\" height=\"393\" \/><\/p>\n<p class=\"wp-caption-text\">Acto de apertura de sobres de ofertas. (Gentileza Concejo Deliberante).<\/p>\n<\/div>\n<p><strong>Consideraciones de la defensora del Pueblo Adjunta<\/strong><\/p>\n<p><img loading=\"lazy\" class=\"alignnone size-full wp-image-8063\" src=\"http:\/\/www.defensoriaparana.gov.ar\/wp-content\/uploads\/Captura-1.jpg\" sizes=\"(max-width: 630px) 100vw, 630px\" srcset=\"https:\/\/www.defensoriaparana.gov.ar\/wp-content\/uploads\/Captura-1.jpg 630w, https:\/\/www.defensoriaparana.gov.ar\/wp-content\/uploads\/Captura-1-300x137.jpg 300w, https:\/\/www.defensoriaparana.gov.ar\/wp-content\/uploads\/Captura-1-170x78.jpg 170w, https:\/\/www.defensoriaparana.gov.ar\/wp-content\/uploads\/Captura-1-284x130.jpg 284w\" alt=\"\" width=\"630\" height=\"288\" \/><\/p>\n<h5><strong>Defensora del Pueblo Adjunta, Cecilia Pautaso.<\/strong><\/h5>\n<p><span data-offset-key=\"f2mcr-2-0\">La Defensora del Pueblo Adjunta, Cecilia Pautaso, particip\u00f3 del acto y sigui\u00f3 con expectativa la apertura de la licitaci\u00f3n, en virtud de que, seg\u00fan explic\u00f3, \u201c\u00e9sta ha sido una iniciativa que se viene planteando desde gestiones anteriores\u201d. Remarc\u00f3 la importancia que \u201cla Defensor\u00eda pueda contar con un lugar que posea las condiciones edilicias con accesibilidad, para que el ciudadano tome esta casa como un lugar propio, donde se generen mediaciones, capacitaciones, reuniones\u201d.\u00a0<a href=\"https:\/\/www.youtube.com\/watch?v=5tqaRH9KREE\">https:\/\/www.youtube.com\/watch?v=5tqaRH9KREE<\/a><\/span><\/p>\n<p><span data-offset-key=\"f2mcr-2-0\">La Defensor\u00eda del Pueblo de Paran\u00e1 comenz\u00f3 a funcionar en 2003 y su primera sede oficial fue el edificio donde permanece hasta la actualidad: la casa ubicada en calle Monte Caseros 159. Una escalera empinada limita el acceso al edificio de calle Monte Caseros. Adem\u00e1s, hay sectores de la construcci\u00f3n afectados, con desprendimiento de mamposter\u00eda.<\/span><\/p>\n<p>La instituci\u00f3n ocup\u00f3 durante casi 18 a\u00f1os parte del inmueble, que perteneci\u00f3 al edificio del Banco Municipal de la Ciudad, y entre los inconvenientes funcionales sobresale una extensa y empinada escalera de acceso que \u2013en casos- resulta un obst\u00e1culo insalvable para personas mayores o con inconvenientes de movilidad. Adem\u00e1s, con los a\u00f1os, se han ido agravando problemas en la construcci\u00f3n, como ca\u00edda de mamposter\u00eda de los techos, lo que para evitar riesgos oblig\u00f3 a desalojar la oficina m\u00e1s amplia donde funcionaba la atenci\u00f3n al p\u00fablico. El problema profundiz\u00f3 la falta de espacio,\u00a0 lo que se sum\u00f3 a los protocolos de distanciamiento.<\/p>\n<p>&nbsp;<\/p>\n<p><span data-offset-key=\"f2mcr-2-0\">M\u00e1s informaci\u00f3n en: ?\u00a0<\/span><\/p>\n<p><span data-offset-key=\"f2mcr-4-0\">Fuente: Concejo Deliberante de Paran\u00e1<\/span><\/p>\n<\/div>\n<\/div>\n","protected":false},"excerpt":{"rendered":"<p>El martes 9 de marzo se abrieron los sobres de ofertas que se presentaron al acto licitario convocado para la contrataci\u00f3n en locaci\u00f3n de un inmueble destinado al funcionamiento de la Defensor\u00eda del Pueblo de la Ciudad de Paran\u00e1, con el objetivo primordial de garantizar el acceso f\u00edsico a la ciudadan\u00eda y espacios funcionales para [&hellip;]<\/p>\n","protected":false},"author":1,"featured_media":0,"comment_status":"open","ping_status":"open","sticky":false,"template":"","format":"standard","meta":{"om_disable_all_campaigns":false,"_monsterinsights_skip_tracking":false,"_monsterinsights_sitenote_active":false,"_monsterinsights_sitenote_note":"","_monsterinsights_sitenote_category":0},"categories":[1],"tags":[],"_links":{"self":[{"href":"https:\/\/defensoriaparana.com.ar\/index.php\/wp-json\/wp\/v2\/posts\/2347"}],"collection":[{"href":"https:\/\/defensoriaparana.com.ar\/index.php\/wp-json\/wp\/v2\/posts"}],"about":[{"href":"https:\/\/defensoriaparana.com.ar\/index.php\/wp-json\/wp\/v2\/types\/post"}],"author":[{"embeddable":true,"href":"https:\/\/defensoriaparana.com.ar\/index.php\/wp-json\/wp\/v2\/users\/1"}],"replies":[{"embeddable":true,"href":"https:\/\/defensoriaparana.com.ar\/index.php\/wp-json\/wp\/v2\/comments?post=2347"}],"version-history":[{"count":1,"href":"https:\/\/defensoriaparana.com.ar\/index.php\/wp-json\/wp\/v2\/posts\/2347\/revisions"}],"predecessor-version":[{"id":2350,"href":"https:\/\/defensoriaparana.com.ar\/index.php\/wp-json\/wp\/v2\/posts\/2347\/revisions\/2350"}],"wp:attachment":[{"href":"https:\/\/defensoriaparana.com.ar\/index.php\/wp-json\/wp\/v2\/media?parent=2347"}],"wp:term":[{"taxonomy":"category","embeddable":true,"href":"https:\/\/defensoriaparana.com.ar\/index.php\/wp-json\/wp\/v2\/categories?post=2347"},{"taxonomy":"post_tag","embeddable":true,"href":"https:\/\/defensoriaparana.com.ar\/index.php\/wp-json\/wp\/v2\/tags?post=2347"}],"curies":[{"name":"wp","href":"https:\/\/api.w.org\/{rel}","templated":true}]}}