{"id":2351,"date":"2021-02-25T01:58:13","date_gmt":"2021-02-25T01:58:13","guid":{"rendered":"http:\/\/defensoriaparana.com.ar\/?p=2351"},"modified":"2022-07-12T01:59:23","modified_gmt":"2022-07-12T01:59:23","slug":"defensoras-del-pueblo-se-reunieron-con-tarjeteros-preocupados-por-su-fuente-de-sustento","status":"publish","type":"post","link":"https:\/\/defensoriaparana.com.ar\/index.php\/2021\/02\/25\/defensoras-del-pueblo-se-reunieron-con-tarjeteros-preocupados-por-su-fuente-de-sustento\/","title":{"rendered":"Defensoras del Pueblo se reunieron con tarjeteros preocupados por su fuente de sustento"},"content":{"rendered":"<p>Las Defensoras del Pueblo de la ciudad, Marcia L\u00f3pez y Cecilia Pautaso (Adjunta), se reunieron con tarjeteros, quienes expresaron la profunda preocupaci\u00f3n del sector debido al anuncio de la instrumentaci\u00f3n de un nuevo sistema de estacionamiento medido, por parte de la Municipalidad de Paran\u00e1.<\/p>\n<p>David Salas y Carina Mart\u00ednez, en representaci\u00f3n de los tarjeteros, acompa\u00f1ados por Mauro Rosi y Pablo Gim\u00e9nez, de la\u00a0Uni\u00f3n de Trabajadores y Trabajadoras de la Econom\u00eda Popular (UTEP), explicaron la situaci\u00f3n y dieron cuenta de la incertidumbre que tiene por estos d\u00edas el grupo, que \u2013seg\u00fan aseveraron- integran unas 300 personas, ante el riesgo de perder el sustento diario que obtienen con\u00a0la venta de tarjetas en el servicio de estacionamiento medido. Desde el sector, se plantea la posibilidad de ser incluidos en el nuevo sistema o, directamente, piden que se deje sin efecto el proyecto de cambio.<\/p>\n<div id=\"attachment_8017\" class=\"wp-caption alignnone\"><img loading=\"lazy\" class=\" wp-image-8017\" src=\"http:\/\/www.defensoriaparana.gov.ar\/wp-content\/uploads\/tarjeteros-2.jpg\" sizes=\"(max-width: 510px) 100vw, 510px\" srcset=\"https:\/\/www.defensoriaparana.gov.ar\/wp-content\/uploads\/tarjeteros-2.jpg 1023w, https:\/\/www.defensoriaparana.gov.ar\/wp-content\/uploads\/tarjeteros-2-300x225.jpg 300w, https:\/\/www.defensoriaparana.gov.ar\/wp-content\/uploads\/tarjeteros-2-768x576.jpg 768w, https:\/\/www.defensoriaparana.gov.ar\/wp-content\/uploads\/tarjeteros-2-170x127.jpg 170w, https:\/\/www.defensoriaparana.gov.ar\/wp-content\/uploads\/tarjeteros-2-284x213.jpg 284w\" alt=\"\" width=\"510\" height=\"383\" \/><\/p>\n<p class=\"wp-caption-text\">Las Defensoras del Pueblo escucharon a representantes de tarjeteros del estacionamiento medido.<\/p>\n<\/div>\n<p>Ante el panorama, desde la Defensor\u00eda se ofreci\u00f3 un espacio de facilitaci\u00f3n de di\u00e1logo en el que puedan participar representantes de tarjeteros junto a autoridades del Ejecutivo municipal, entre otros.\u00a0 La\u00a0facilitaci\u00f3n de di\u00e1logo es un servicio que brinda la instituci\u00f3n y se trata de un proceso que posibilita que una tem\u00e1tica, devenida en conflicto, pueda ser abordada por los diferentes actores involucrados mediante el intercambio y la escucha, en un clima pac\u00edfico de respeto mutuo.<\/p>\n","protected":false},"excerpt":{"rendered":"<p>Las Defensoras del Pueblo de la ciudad, Marcia L\u00f3pez y Cecilia Pautaso (Adjunta), se reunieron con tarjeteros, quienes expresaron la profunda preocupaci\u00f3n del sector debido al anuncio de la instrumentaci\u00f3n de un nuevo sistema de estacionamiento medido, por parte de la Municipalidad de Paran\u00e1. David Salas y Carina Mart\u00ednez, en representaci\u00f3n de los tarjeteros, acompa\u00f1ados [&hellip;]<\/p>\n","protected":false},"author":1,"featured_media":0,"comment_status":"open","ping_status":"open","sticky":false,"template":"","format":"standard","meta":{"om_disable_all_campaigns":false,"_monsterinsights_skip_tracking":false,"_monsterinsights_sitenote_active":false,"_monsterinsights_sitenote_note":"","_monsterinsights_sitenote_category":0},"categories":[1],"tags":[],"_links":{"self":[{"href":"https:\/\/defensoriaparana.com.ar\/index.php\/wp-json\/wp\/v2\/posts\/2351"}],"collection":[{"href":"https:\/\/defensoriaparana.com.ar\/index.php\/wp-json\/wp\/v2\/posts"}],"about":[{"href":"https:\/\/defensoriaparana.com.ar\/index.php\/wp-json\/wp\/v2\/types\/post"}],"author":[{"embeddable":true,"href":"https:\/\/defensoriaparana.com.ar\/index.php\/wp-json\/wp\/v2\/users\/1"}],"replies":[{"embeddable":true,"href":"https:\/\/defensoriaparana.com.ar\/index.php\/wp-json\/wp\/v2\/comments?post=2351"}],"version-history":[{"count":1,"href":"https:\/\/defensoriaparana.com.ar\/index.php\/wp-json\/wp\/v2\/posts\/2351\/revisions"}],"predecessor-version":[{"id":2354,"href":"https:\/\/defensoriaparana.com.ar\/index.php\/wp-json\/wp\/v2\/posts\/2351\/revisions\/2354"}],"wp:attachment":[{"href":"https:\/\/defensoriaparana.com.ar\/index.php\/wp-json\/wp\/v2\/media?parent=2351"}],"wp:term":[{"taxonomy":"category","embeddable":true,"href":"https:\/\/defensoriaparana.com.ar\/index.php\/wp-json\/wp\/v2\/categories?post=2351"},{"taxonomy":"post_tag","embeddable":true,"href":"https:\/\/defensoriaparana.com.ar\/index.php\/wp-json\/wp\/v2\/tags?post=2351"}],"curies":[{"name":"wp","href":"https:\/\/api.w.org\/{rel}","templated":true}]}}