{"id":2357,"date":"2021-02-06T01:59:59","date_gmt":"2021-02-06T01:59:59","guid":{"rendered":"http:\/\/defensoriaparana.com.ar\/?p=2357"},"modified":"2022-07-12T02:00:54","modified_gmt":"2022-07-12T02:00:54","slug":"acciones-de-la-defensoria-ante-el-reclamo-de-vecinos-por-el-proyecto-de-ensanche-de-racedo","status":"publish","type":"post","link":"https:\/\/defensoriaparana.com.ar\/index.php\/2021\/02\/06\/acciones-de-la-defensoria-ante-el-reclamo-de-vecinos-por-el-proyecto-de-ensanche-de-racedo\/","title":{"rendered":"Acciones de la Defensor\u00eda ante el reclamo de vecinos por el proyecto de ensanche de Racedo"},"content":{"rendered":"<p>Uno de los temas en el que la Defensor\u00eda del Pueblo de la Ciudad de Paran\u00e1 se encuentra abocada, en este primer tramo del a\u00f1o, consiste en la inquietud y reclamo de vecinos respecto del proyecto municipal de ensanche de Boulevard Racedo.<\/p>\n<p>\u201cHemos intervenido (en el tema) y escuchado a los vecinos\u201d, dijo \u00a0la Defensora Marcia L\u00f3pez, quien junto a su par Adjunta, Cecilia Pautaso, se reuni\u00f3 el 22 de enero con integrantes de Autoconvocados en Defensa del Espacio Verde y Arbolado de Boulevard\u00a0Racedo.<\/p>\n<div id=\"attachment_7947\" class=\"wp-caption alignnone\"><img loading=\"lazy\" class=\" wp-image-7947\" src=\"http:\/\/www.defensoriaparana.gov.ar\/wp-content\/uploads\/vecinos-1.jpg\" sizes=\"(max-width: 636px) 100vw, 636px\" srcset=\"https:\/\/www.defensoriaparana.gov.ar\/wp-content\/uploads\/vecinos-1.jpg 800w, https:\/\/www.defensoriaparana.gov.ar\/wp-content\/uploads\/vecinos-1-300x169.jpg 300w, https:\/\/www.defensoriaparana.gov.ar\/wp-content\/uploads\/vecinos-1-768x432.jpg 768w, https:\/\/www.defensoriaparana.gov.ar\/wp-content\/uploads\/vecinos-1-170x96.jpg 170w, https:\/\/www.defensoriaparana.gov.ar\/wp-content\/uploads\/vecinos-1-284x160.jpg 284w\" alt=\"\" width=\"636\" height=\"358\" \/><\/p>\n<p class=\"wp-caption-text\">\nLas Defensoras del Pueblo escucharon y atendieron el reclamo de vecinos, ante el proyecto de ensanche de Boulevard Racedo.<\/p>\n<\/div>\n<p>En la oportunidad, las Defensoras tomaron nota de las dudas y planteos de los vecinos, entre los que se mencion\u00f3 la falta de informaci\u00f3n sobre la obra y la resistencia al desplazamiento de \u00e1rboles en el sector comprendido entre las avenidas De las Am\u00e9ricas y Ram\u00edrez.\u00a0 Ante la situaci\u00f3n, el grupo solicit\u00f3 poder ser escuchado por el Intendente de la Ciudad, ante lo que las Defensoras informaron sobre la posibilidad de realizar una mesa de facilitaci\u00f3n de di\u00e1logo ampliado entre las partes intervinientes en el tema. \u00a0La idea es que \u201clos vecinos puedan ser escuchados en sus reclamos\u201d, apunt\u00f3 la Defensora L\u00f3pez, en declaraciones al programa Para empezar de radio Costa Paran\u00e1. Paralelamente, la instituci\u00f3n solicit\u00f3 al Ejecutivo municipal la remisi\u00f3n del proyecto de la obra, con el fin de analizar la informaci\u00f3n contenida en el documento y poder facilitar el libre acceso al mismo por parte de los vecinos.<\/p>\n<p>Casi a la par, horas despu\u00e9s, intervino la Justicia en respuesta a una medida cautelar presentada por el Foro Ecologista de Paran\u00e1, por lo que \u201clos vecinos prefirieron hacer un impase y esperar la resoluci\u00f3n judicial\u201d, explic\u00f3 la Defensora, en relaci\u00f3n a la posibilidad de concretar un espacio de di\u00e1logo.<\/p>\n<p>A continuaci\u00f3n, ante la consulta respecto de la convocatoria en el \u00e1mbito judicial de\u00a0una audiencia de conciliaci\u00f3n para el mi\u00e9rcoles 10 de febrero, valor\u00f3 la medida y bas\u00f3 la opini\u00f3n en que la instituci\u00f3n es \u201cconciliadora\u201d. No obstante, agreg\u00f3 que \u201cm\u00e1s all\u00e1 de que la obra se pueda hacer (si la Justicia as\u00ed lo determina), hay muchas cuestiones del proyecto a discutir\u201d.<\/p>\n<p>Durante los \u00faltimos d\u00edas, las Defensoras L\u00f3pez y Pautaso mantuvieron tambi\u00e9n distintas reuniones por el tema con funcionarios municipales.<\/p>\n","protected":false},"excerpt":{"rendered":"<p>Uno de los temas en el que la Defensor\u00eda del Pueblo de la Ciudad de Paran\u00e1 se encuentra abocada, en este primer tramo del a\u00f1o, consiste en la inquietud y reclamo de vecinos respecto del proyecto municipal de ensanche de Boulevard Racedo. \u201cHemos intervenido (en el tema) y escuchado a los vecinos\u201d, dijo \u00a0la Defensora [&hellip;]<\/p>\n","protected":false},"author":1,"featured_media":0,"comment_status":"open","ping_status":"open","sticky":false,"template":"","format":"standard","meta":{"om_disable_all_campaigns":false,"_monsterinsights_skip_tracking":false,"_monsterinsights_sitenote_active":false,"_monsterinsights_sitenote_note":"","_monsterinsights_sitenote_category":0},"categories":[1],"tags":[],"_links":{"self":[{"href":"https:\/\/defensoriaparana.com.ar\/index.php\/wp-json\/wp\/v2\/posts\/2357"}],"collection":[{"href":"https:\/\/defensoriaparana.com.ar\/index.php\/wp-json\/wp\/v2\/posts"}],"about":[{"href":"https:\/\/defensoriaparana.com.ar\/index.php\/wp-json\/wp\/v2\/types\/post"}],"author":[{"embeddable":true,"href":"https:\/\/defensoriaparana.com.ar\/index.php\/wp-json\/wp\/v2\/users\/1"}],"replies":[{"embeddable":true,"href":"https:\/\/defensoriaparana.com.ar\/index.php\/wp-json\/wp\/v2\/comments?post=2357"}],"version-history":[{"count":1,"href":"https:\/\/defensoriaparana.com.ar\/index.php\/wp-json\/wp\/v2\/posts\/2357\/revisions"}],"predecessor-version":[{"id":2360,"href":"https:\/\/defensoriaparana.com.ar\/index.php\/wp-json\/wp\/v2\/posts\/2357\/revisions\/2360"}],"wp:attachment":[{"href":"https:\/\/defensoriaparana.com.ar\/index.php\/wp-json\/wp\/v2\/media?parent=2357"}],"wp:term":[{"taxonomy":"category","embeddable":true,"href":"https:\/\/defensoriaparana.com.ar\/index.php\/wp-json\/wp\/v2\/categories?post=2357"},{"taxonomy":"post_tag","embeddable":true,"href":"https:\/\/defensoriaparana.com.ar\/index.php\/wp-json\/wp\/v2\/tags?post=2357"}],"curies":[{"name":"wp","href":"https:\/\/api.w.org\/{rel}","templated":true}]}}