{"id":2358,"date":"2021-02-06T02:00:00","date_gmt":"2021-02-06T02:00:00","guid":{"rendered":"http:\/\/defensoriaparana.com.ar\/?p=2358"},"modified":"2022-07-12T02:01:02","modified_gmt":"2022-07-12T02:01:02","slug":"hechos-relevantes-que-ocurrieron-un-3-de-febrero","status":"publish","type":"post","link":"https:\/\/defensoriaparana.com.ar\/index.php\/2021\/02\/06\/hechos-relevantes-que-ocurrieron-un-3-de-febrero\/","title":{"rendered":"Hechos relevantes que ocurrieron un 3 de febrero"},"content":{"rendered":"<div class=\"kvgmc6g5 cxmmr5t8 oygrvhab hcukyx3x c1et5uql ii04i59q\">\n<div dir=\"auto\">El 3 de febrero se recuerdan dos hechos hist\u00f3ricos de gran importancia, uno de ellos con especial significaci\u00f3n para Entre R\u00edos. Este \u00faltimo se trata de la Batalla de Caseros, considerada el inicio de un cambio notable en la organizaci\u00f3n constitucional del pa\u00eds.<\/div>\n<\/div>\n<div class=\"o9v6fnle cxmmr5t8 oygrvhab hcukyx3x c1et5uql ii04i59q\">\n<div dir=\"auto\">Ese d\u00eda de 1852 se produjo un enfrentamiento que termin\u00f3 el prolongado per\u00edodo de la Confederaci\u00f3n Argentina, abriendo nuevas posibilidades en la vida constitucional del pa\u00eds, publica el Archivo General de Entre R\u00edos y cita como fuente a\u00a0<a class=\"oajrlxb2 g5ia77u1 qu0x051f esr5mh6w e9989ue4 r7d6kgcz rq0escxv nhd2j8a9 nc684nl6 p7hjln8o kvgmc6g5 cxmmr5t8 oygrvhab hcukyx3x jb3vyjys rz4wbd8a qt6c0cv9 a8nywdso i1ao9s8h esuyzwwr f1sip0of lzcic4wl py34i1dx gpro0wi8\" tabindex=\"0\" role=\"link\" href=\"https:\/\/genoma.cfi.org.ar\/enciclopedia\/evento?eventoId=21899&amp;fbclid=IwAR1YrfTIZatZXNThR4mGYzCRAwvkckSQkOEU6rWiJMua5bm9v4FqzNc4CZc\" target=\"_blank\" rel=\"nofollow noopener\">https:\/\/genoma.cfi.org.ar\/enciclopedia\/evento\u2026<\/a><\/div>\n<\/div>\n<div class=\"o9v6fnle cxmmr5t8 oygrvhab hcukyx3x c1et5uql ii04i59q\">\n<div dir=\"auto\">El 3 de febrero de 1813 ocurri\u00f3 la Batalla de San Lorenzo en la localidad santafesina hom\u00f3nima. En esa fecha se produjo el bautismo de fuego y primer triunfo ante los realistas del Regimiento de Granaderos a Caballo, al mando de Jos\u00e9 de San Mart\u00edn. Fue una de las m\u00e1s importantes batallas de la Independencia y la \u00fanica que se libr\u00f3 en suelo argentino de la mano de San Mart\u00edn.<\/div>\n<div dir=\"auto\"><img loading=\"lazy\" class=\"alignnone size-full wp-image-7941\" src=\"http:\/\/www.defensoriaparana.gov.ar\/wp-content\/uploads\/batalla.png\" sizes=\"(max-width: 725px) 100vw, 725px\" srcset=\"https:\/\/www.defensoriaparana.gov.ar\/wp-content\/uploads\/batalla.png 725w, https:\/\/www.defensoriaparana.gov.ar\/wp-content\/uploads\/batalla-300x194.png 300w, https:\/\/www.defensoriaparana.gov.ar\/wp-content\/uploads\/batalla-170x110.png 170w, https:\/\/www.defensoriaparana.gov.ar\/wp-content\/uploads\/batalla-284x183.png 284w\" alt=\"\" width=\"725\" height=\"468\" \/><\/div>\n<\/div>\n<div class=\"o9v6fnle cxmmr5t8 oygrvhab hcukyx3x c1et5uql ii04i59q\">\n<div dir=\"auto\">Imagen: Grabado XIX Autor: Penuti Carlos\/Bernheim Alejandro.<\/div>\n<\/div>\n","protected":false},"excerpt":{"rendered":"<p>El 3 de febrero se recuerdan dos hechos hist\u00f3ricos de gran importancia, uno de ellos con especial significaci\u00f3n para Entre R\u00edos. Este \u00faltimo se trata de la Batalla de Caseros, considerada el inicio de un cambio notable en la organizaci\u00f3n constitucional del pa\u00eds. Ese d\u00eda de 1852 se produjo un enfrentamiento que termin\u00f3 el prolongado [&hellip;]<\/p>\n","protected":false},"author":1,"featured_media":0,"comment_status":"open","ping_status":"open","sticky":false,"template":"","format":"standard","meta":{"om_disable_all_campaigns":false,"_monsterinsights_skip_tracking":false,"_monsterinsights_sitenote_active":false,"_monsterinsights_sitenote_note":"","_monsterinsights_sitenote_category":0},"categories":[1],"tags":[],"_links":{"self":[{"href":"https:\/\/defensoriaparana.com.ar\/index.php\/wp-json\/wp\/v2\/posts\/2358"}],"collection":[{"href":"https:\/\/defensoriaparana.com.ar\/index.php\/wp-json\/wp\/v2\/posts"}],"about":[{"href":"https:\/\/defensoriaparana.com.ar\/index.php\/wp-json\/wp\/v2\/types\/post"}],"author":[{"embeddable":true,"href":"https:\/\/defensoriaparana.com.ar\/index.php\/wp-json\/wp\/v2\/users\/1"}],"replies":[{"embeddable":true,"href":"https:\/\/defensoriaparana.com.ar\/index.php\/wp-json\/wp\/v2\/comments?post=2358"}],"version-history":[{"count":1,"href":"https:\/\/defensoriaparana.com.ar\/index.php\/wp-json\/wp\/v2\/posts\/2358\/revisions"}],"predecessor-version":[{"id":2361,"href":"https:\/\/defensoriaparana.com.ar\/index.php\/wp-json\/wp\/v2\/posts\/2358\/revisions\/2361"}],"wp:attachment":[{"href":"https:\/\/defensoriaparana.com.ar\/index.php\/wp-json\/wp\/v2\/media?parent=2358"}],"wp:term":[{"taxonomy":"category","embeddable":true,"href":"https:\/\/defensoriaparana.com.ar\/index.php\/wp-json\/wp\/v2\/categories?post=2358"},{"taxonomy":"post_tag","embeddable":true,"href":"https:\/\/defensoriaparana.com.ar\/index.php\/wp-json\/wp\/v2\/tags?post=2358"}],"curies":[{"name":"wp","href":"https:\/\/api.w.org\/{rel}","templated":true}]}}