{"id":2548,"date":"2022-07-27T22:21:53","date_gmt":"2022-07-27T22:21:53","guid":{"rendered":"http:\/\/defensoriaparana.com.ar\/?p=2548"},"modified":"2022-07-27T22:21:53","modified_gmt":"2022-07-27T22:21:53","slug":"la-defensoria-del-pueblo-participa-en-el-abordaje-comunitario-en-el-centro-juan-l-ortiz","status":"publish","type":"post","link":"https:\/\/defensoriaparana.com.ar\/index.php\/2022\/07\/27\/la-defensoria-del-pueblo-participa-en-el-abordaje-comunitario-en-el-centro-juan-l-ortiz\/","title":{"rendered":"La Defensor\u00eda del Pueblo participa en el abordaje comunitario en el centro Juan L. Ortiz"},"content":{"rendered":"<p>&nbsp;<\/p>\n<p>La oficina m\u00f3vil de la Defensor\u00eda del Pueblo de la Ciudad de Paran\u00e1 particip\u00f3 de un abordaje integral comunitario que comenz\u00f3 este mi\u00e9rcoles y contin\u00faa el jueves de 9 a 12,30, en el centro cultural Juan L. Ortiz, ubicado en calle Racedo 250.<\/p>\n<p><img loading=\"lazy\" class=\"wp-image-2550 alignright\" src=\"http:\/\/defensoriaparana.com.ar\/wp-content\/uploads\/2022\/07\/orti2-300x225.jpg\" alt=\"\" width=\"307\" height=\"230\" srcset=\"https:\/\/defensoriaparana.com.ar\/wp-content\/uploads\/2022\/07\/orti2-300x225.jpg 300w, https:\/\/defensoriaparana.com.ar\/wp-content\/uploads\/2022\/07\/orti2-1024x768.jpg 1024w, https:\/\/defensoriaparana.com.ar\/wp-content\/uploads\/2022\/07\/orti2-768x576.jpg 768w, https:\/\/defensoriaparana.com.ar\/wp-content\/uploads\/2022\/07\/orti2-1536x1152.jpg 1536w, https:\/\/defensoriaparana.com.ar\/wp-content\/uploads\/2022\/07\/orti2.jpg 1600w\" sizes=\"(max-width: 307px) 100vw, 307px\" \/><\/p>\n<p>La atenci\u00f3n de reclamos y consultas y la difusi\u00f3n del alcance y funci\u00f3n de la instituci\u00f3n fueron algunas de las cuestiones que la Defensora Marcia L\u00f3pez, junto a integrantes del equipo de trabajo, conversaron y recibieron de parte de vecinos que se acercaron hasta el lugar.<\/p>\n<p>La jornada comprendi\u00f3 a \u00e1reas municipales, provinciales y nacionales y es una modalidad que se comenz\u00f3 a realizar semanalmente desde el a\u00f1o pasado. En esta oportunidad, se sumaron otros servicios nacionales.<\/p>\n<p>La idea, en el caso de la Defensor\u00eda, es acercar la instituci\u00f3n, y los servicios que brinda, a la ciudadan\u00eda. Todo ello, en el marco del programa institucional \u201cla Defensor\u00eda al encuentro\u201d con la ciudadan\u00eda. Durante la jornada se atienden tr\u00e1mites referidos a la tarjeta Sube, la Oficina de Empleo, el Consejo General de Educaci\u00f3n, el Centro de Acceso a la Justicia (CAJ), el Ministerio de Desarrollo Social (CDR Paran\u00e1), Anses e Inadi. Adem\u00e1s, las subsecretar\u00edas que dependen de la Secretar\u00eda de Pol\u00edticas Sociales, Inclusivas y Comunitarias de la Municipalidad realizan los siguientes tr\u00e1mites: Programa Acompa\u00f1ar -El Programa Acompa\u00f1ar est\u00e1 dirigido a mujeres y LGBTI+ en situaci\u00f3n de violencia de g\u00e9nero. Pensi\u00f3n 4035, Tarjetas Sociales. Banco de ayudas Ortop\u00e9dicas. Inscripci\u00f3n a actividades para Personas Mayores.<\/p>\n<p><img loading=\"lazy\" class=\"alignnone size-medium wp-image-2551\" src=\"http:\/\/defensoriaparana.com.ar\/wp-content\/uploads\/2022\/07\/orti1-300x225.jpg\" alt=\"\" width=\"300\" height=\"225\" srcset=\"https:\/\/defensoriaparana.com.ar\/wp-content\/uploads\/2022\/07\/orti1-300x225.jpg 300w, https:\/\/defensoriaparana.com.ar\/wp-content\/uploads\/2022\/07\/orti1-1024x768.jpg 1024w, https:\/\/defensoriaparana.com.ar\/wp-content\/uploads\/2022\/07\/orti1-768x576.jpg 768w, https:\/\/defensoriaparana.com.ar\/wp-content\/uploads\/2022\/07\/orti1-1536x1152.jpg 1536w, https:\/\/defensoriaparana.com.ar\/wp-content\/uploads\/2022\/07\/orti1.jpg 1600w\" sizes=\"(max-width: 300px) 100vw, 300px\" \/><\/p>\n<p>.<\/p>\n<p><strong>Atenci\u00f3n en salud y talleres<\/strong><\/p>\n<p>.<\/p>\n<p>Se brinda atenci\u00f3n desde dos trailers, en los programa de salud Remediar y Construir Seguridad Ciudadana. Uno de los veh\u00edculos est\u00e1 equipado con un aula m\u00f3vil, desde donde se brindaron diferentes talleres.<\/p>\n<p><img loading=\"lazy\" class=\"size-medium wp-image-2552 alignleft\" src=\"http:\/\/defensoriaparana.com.ar\/wp-content\/uploads\/2022\/07\/orti-300x225.jpg\" alt=\"\" width=\"300\" height=\"225\" srcset=\"https:\/\/defensoriaparana.com.ar\/wp-content\/uploads\/2022\/07\/orti-300x225.jpg 300w, https:\/\/defensoriaparana.com.ar\/wp-content\/uploads\/2022\/07\/orti-1024x768.jpg 1024w, https:\/\/defensoriaparana.com.ar\/wp-content\/uploads\/2022\/07\/orti-768x576.jpg 768w, https:\/\/defensoriaparana.com.ar\/wp-content\/uploads\/2022\/07\/orti-1536x1152.jpg 1536w, https:\/\/defensoriaparana.com.ar\/wp-content\/uploads\/2022\/07\/orti.jpg 1600w\" sizes=\"(max-width: 300px) 100vw, 300px\" \/><\/p>\n<p>Para el mi\u00e9rcoles y jueves se previ\u00f3 la aplicaci\u00f3n de vacunas como la del Covid y Antigripal. En tanto, se inform\u00f3 que se podr\u00e1 retirar medicaci\u00f3n gratuita mediante el programa Remediar, acerc\u00e1ndose de 9 a 13 con una orden m\u00e9dica que indique nombre, apellido, DNI y fecha de nacimiento del paciente.<\/p>\n<p>En tanto, se inform\u00f3 sobre el dictado de talleres de prevenci\u00f3n en distintas tem\u00e1ticas mediante el aula m\u00f3vil. Entre ellas, la de prevenci\u00f3n de violencia de g\u00e9nero, del delito y la violencia hacia personas adultas mayores y de noviazgos violentos. Tambi\u00e9n de prevenci\u00f3n de las violencias y resoluci\u00f3n alternativa de conflictos y de prevenci\u00f3n de grooming, ciberdelitos y otras violencias en la web.<\/p>\n","protected":false},"excerpt":{"rendered":"<p>&nbsp; La oficina m\u00f3vil de la Defensor\u00eda del Pueblo de la Ciudad de Paran\u00e1 particip\u00f3 de un abordaje integral comunitario que comenz\u00f3 este mi\u00e9rcoles y contin\u00faa el jueves de 9 a 12,30, en el centro cultural Juan L. Ortiz, ubicado en calle Racedo 250. La atenci\u00f3n de reclamos y consultas y la difusi\u00f3n del alcance [&hellip;]<\/p>\n","protected":false},"author":2,"featured_media":2549,"comment_status":"open","ping_status":"open","sticky":false,"template":"","format":"standard","meta":{"om_disable_all_campaigns":false,"_monsterinsights_skip_tracking":false,"_monsterinsights_sitenote_active":false,"_monsterinsights_sitenote_note":"","_monsterinsights_sitenote_category":0},"categories":[1],"tags":[],"_links":{"self":[{"href":"https:\/\/defensoriaparana.com.ar\/index.php\/wp-json\/wp\/v2\/posts\/2548"}],"collection":[{"href":"https:\/\/defensoriaparana.com.ar\/index.php\/wp-json\/wp\/v2\/posts"}],"about":[{"href":"https:\/\/defensoriaparana.com.ar\/index.php\/wp-json\/wp\/v2\/types\/post"}],"author":[{"embeddable":true,"href":"https:\/\/defensoriaparana.com.ar\/index.php\/wp-json\/wp\/v2\/users\/2"}],"replies":[{"embeddable":true,"href":"https:\/\/defensoriaparana.com.ar\/index.php\/wp-json\/wp\/v2\/comments?post=2548"}],"version-history":[{"count":1,"href":"https:\/\/defensoriaparana.com.ar\/index.php\/wp-json\/wp\/v2\/posts\/2548\/revisions"}],"predecessor-version":[{"id":2553,"href":"https:\/\/defensoriaparana.com.ar\/index.php\/wp-json\/wp\/v2\/posts\/2548\/revisions\/2553"}],"wp:featuredmedia":[{"embeddable":true,"href":"https:\/\/defensoriaparana.com.ar\/index.php\/wp-json\/wp\/v2\/media\/2549"}],"wp:attachment":[{"href":"https:\/\/defensoriaparana.com.ar\/index.php\/wp-json\/wp\/v2\/media?parent=2548"}],"wp:term":[{"taxonomy":"category","embeddable":true,"href":"https:\/\/defensoriaparana.com.ar\/index.php\/wp-json\/wp\/v2\/categories?post=2548"},{"taxonomy":"post_tag","embeddable":true,"href":"https:\/\/defensoriaparana.com.ar\/index.php\/wp-json\/wp\/v2\/tags?post=2548"}],"curies":[{"name":"wp","href":"https:\/\/api.w.org\/{rel}","templated":true}]}}