{"id":2565,"date":"2022-07-14T00:40:35","date_gmt":"2022-07-14T00:40:35","guid":{"rendered":"http:\/\/defensoriaparana.com.ar\/?p=2565"},"modified":"2022-07-28T15:45:02","modified_gmt":"2022-07-28T15:45:02","slug":"colectivos-la-defensora-pidio-que-se-presente-una-propuesta-de-mejoramiento-del-servicio","status":"publish","type":"post","link":"https:\/\/defensoriaparana.com.ar\/index.php\/2022\/07\/14\/colectivos-la-defensora-pidio-que-se-presente-una-propuesta-de-mejoramiento-del-servicio\/","title":{"rendered":"Colectivos: La Defensora pidi\u00f3 que se presente una propuesta de mejoramiento del servicio"},"content":{"rendered":"<div>\n<div class=\"\" dir=\"auto\">\n<div id=\"jsc_c_6e\" class=\"ecm0bbzt hv4rvrfc ihqw7lf3 dati1w0a\" data-ad-comet-preview=\"message\" data-ad-preview=\"message\">\n<div class=\"j83agx80 cbu4d94t ew0dbk1b irj2b8pg\">\n<div class=\"qzhwtbm6 knvmm38d\">\n<div class=\"kvgmc6g5 cxmmr5t8 oygrvhab hcukyx3x c1et5uql ii04i59q\">\n<div dir=\"auto\">La Defensora del Pueblo de Paran\u00e1, Marcia L\u00f3pez, solicit\u00f3 en el \u00e1mbito de la \u00faltima reuni\u00f3n del \u00d3rgano de Control y Monitoreo del Sistema Integral del Transporte Urbano (SITU), realizada el mi\u00e9rcoles 13 de julio, que junto a la presentaci\u00f3n del pedido de aumento del boleto de colectivo por parte de las empresas prestadoras, se eleve una propuesta de mejoramiento del servicio.<\/div>\n<\/div>\n<div class=\"cxmmr5t8 oygrvhab hcukyx3x c1et5uql o9v6fnle ii04i59q\">\n<div dir=\"auto\">En este punto \u2013la calidad del servicio y los derechos de los usuarios- puso \u00e9nfasis la Defensora durante la reuni\u00f3n, en vista de que \u201clamentablemente, siempre se termina cargando (con las subas) a los pasajeros\u201d, afirm\u00f3.<\/div>\n<\/div>\n<div class=\"cxmmr5t8 oygrvhab hcukyx3x c1et5uql o9v6fnle ii04i59q\">\n<div dir=\"auto\">\u201cNosotros nos preguntamos qui\u00e9n se pone en el lugar del usuario\u201d, agreg\u00f3 Marcia L\u00f3pez, al dar cuenta de la posici\u00f3n de la Defensor\u00eda del Pueblo en el \u00e1mbito del SITU, organismo que la instituci\u00f3n integra en representaci\u00f3n de la ciudadan\u00eda y donde se analiza el requerimiento de las transportistas en el marco de la situaci\u00f3n actual.<\/div>\n<\/div>\n<div class=\"cxmmr5t8 oygrvhab hcukyx3x c1et5uql o9v6fnle ii04i59q\">\n<div dir=\"auto\">\u201cDesde nuestro lugar solicitamos tambi\u00e9n a las empresas que brinde alg\u00fan tipo de propuesta para el mejoramiento del servicio\u201d, dijo la Defensora en declaraciones al programa de Radio Costa Paran\u00e1, Para Empezar.<\/div>\n<div dir=\"auto\">\u201cConsideremos que hoy est\u00e1 m\u00e1s que claro que se puede hacer un mejoramiento en el servicio, de hecho lo han estado evaluando en cuanto a recorridos\u201d, expres\u00f3, tras lo cual dijo que desde las firmas prestadoras atan esa posibilidad a tener certezas sobre el reajuste tarifario. Las expectativas est\u00e1n puestas tambi\u00e9n en que se avance en una Ley Emergencia del Transporte a nivel nacional que posibilite aumentos de los subsidios que recibe el sector. \u201cTodas estas son especulaciones que no le resuelven nada al usuario porque el servicio del transporte sigue siendo deficiente\u201d, sostuvo, tras lo que reafirm\u00f3 ante el dato aportado por la mesa de periodistas del programa que hab\u00eda aumentado a 75 mil la cantidad por d\u00eda de pasajeros, que ser\u00edan m\u00e1s las personas que elegir\u00edan viajar en colectivos si se mejorar\u00eda la prestaci\u00f3n.<\/div>\n<\/div>\n<div class=\"cxmmr5t8 oygrvhab hcukyx3x c1et5uql o9v6fnle ii04i59q\">\n<div dir=\"auto\">En una pr\u00f3xima reuni\u00f3n se tratar\u00e1 el pedido, por parte de la Defensor\u00eda del Pueblo, de la propuesta de mejoramiento de servicio. Ayer, se evaluaron las estimaciones presentadas por el oficialismo, el Bloque Pol\u00edticas para la Rep\u00fablica. En tanto, el bloque de concejales Juntos por el Cambio presentar\u00e1 su estimaci\u00f3n en los pr\u00f3ximos d\u00edas.<\/div>\n<\/div>\n<\/div>\n<\/div>\n<\/div>\n<\/div>\n<div id=\"jsc_c_6f\" class=\"l9j0dhe7\">\n<div class=\"l9j0dhe7\">\n<div>\n<div class=\"bp9cbjyn cwj9ozl2 j83agx80 cbu4d94t ni8dbmo4 stjgntxs l9j0dhe7 k4urcfbm\">\n<div>\n<div class=\"do00u71z ni8dbmo4 stjgntxs l9j0dhe7\">\n<div class=\"pmk7jnqg kr520xx4\"><img loading=\"lazy\" class=\"i09qtzwb n7fi1qx3 datstx6m pmk7jnqg j9ispegn kr520xx4 k4urcfbm bixrwtb6\" src=\"https:\/\/scontent.fros2-1.fna.fbcdn.net\/v\/t39.30808-6\/293741495_2246533355500910_1468412532696220513_n.jpg?stp=dst-jpg_p180x540&amp;_nc_cat=102&amp;ccb=1-7&amp;_nc_sid=730e14&amp;_nc_ohc=fALcTusuMjkAX8rP_Df&amp;_nc_ht=scontent.fros2-1.fna&amp;oh=00_AT_cYStpZxiPAIiq7IzepCZE3HFzbT5cA-8cGkxx51KEyw&amp;oe=62E7D50F\" alt=\"Puede ser una imagen de 5 personas\" width=\"960\" height=\"540\" \/><\/div>\n<\/div>\n<\/div>\n<\/div>\n<div class=\"linmgsc8 opwvks06 i09qtzwb n7fi1qx3 hzruof5a pmk7jnqg j9ispegn kr520xx4\"><\/div>\n<div class=\"n00je7tq arfg74bv qs9ysxi8 k77z8yql i09qtzwb n7fi1qx3 b5wmifdl hzruof5a pmk7jnqg j9ispegn kr520xx4 c5ndavph art1omkt ot9fgl3s\" data-visualcompletion=\"ignore\"><\/div>\n<\/div>\n<\/div>\n<\/div>\n<\/div>\n<div class=\"bq4bzpyk s1tcr66n l6v480f0 j83agx80 btwxx1t3 i1fnvgqd pybr56ya d1544ag0 f10w8fjw c4f5jtg6\">\n<div class=\"j83agx80 bkfpd7mw\">\n<div class=\"l9j0dhe7 du4w35lb j83agx80 pfnyh3mw taijpn5t bp9cbjyn owycx6da btwxx1t3 kt9q3ron ak7q8e6j isp2s0ed ri5dt5u2 rt8b4zig n8ej3o3l agehan2d sk4xxmp2 rq0escxv d1544ag0 tw6a2znq s1i5eluu qypqp5cg\">\n<div class=\"bp9cbjyn j83agx80 taijpn5t c4xchbtz by2jbhx6 a0jftqn4\">\n<div class=\"rq0escxv l9j0dhe7 du4w35lb d2edcug0 hpfvmrgz bp9cbjyn j83agx80 pfnyh3mw j5wkysh0 hytbnt81\"><\/div>\n<\/div>\n<\/div>\n<\/div>\n<\/div>\n<div>\n<div class=\"stjgntxs ni8dbmo4 l82x9zwi uo3d90p7 h905i5nu monazrh9\" data-visualcompletion=\"ignore-dynamic\">\n<div>\n<div>\n<div>\n<div class=\"l9j0dhe7\">\n<div class=\"bp9cbjyn m9osqain j83agx80 jq4qci2q bkfpd7mw a3bd9o3v kvgmc6g5 wkznzc2l oygrvhab dhix69tm jktsbyx5 rz4wbd8a osnr6wyh a8nywdso s1tcr66n\">\n<div class=\"bp9cbjyn j83agx80 buofh1pr ni8dbmo4 stjgntxs\">\n<div class=\"\">\n<div class=\"oajrlxb2 g5ia77u1 qu0x051f esr5mh6w e9989ue4 r7d6kgcz rq0escxv nhd2j8a9 p7hjln8o kvgmc6g5 cxmmr5t8 oygrvhab hcukyx3x jb3vyjys rz4wbd8a qt6c0cv9 a8nywdso i1ao9s8h esuyzwwr f1sip0of n00je7tq arfg74bv qs9ysxi8 k77z8yql l9j0dhe7 abiwlrkh p8dawk7l lzcic4wl gmql0nx0 ce9h75a5 ni8dbmo4 stjgntxs tkr6xdv7 a8c37x1j\" tabindex=\"0\" role=\"button\"><\/div>\n<\/div>\n<\/div>\n<div class=\"kb5gq1qc pfnyh3mw c0wkt4kp\"><\/div>\n<\/div>\n<\/div>\n<\/div>\n<\/div>\n<\/div>\n<\/div>\n<\/div>\n","protected":false},"excerpt":{"rendered":"<p>La Defensora del Pueblo de Paran\u00e1, Marcia L\u00f3pez, solicit\u00f3 en el \u00e1mbito de la \u00faltima reuni\u00f3n del \u00d3rgano de Control y Monitoreo del Sistema Integral del Transporte Urbano (SITU), realizada el mi\u00e9rcoles 13 de julio, que junto a la presentaci\u00f3n del pedido de aumento del boleto de colectivo por parte de las empresas prestadoras, se [&hellip;]<\/p>\n","protected":false},"author":2,"featured_media":2566,"comment_status":"open","ping_status":"open","sticky":false,"template":"","format":"standard","meta":{"om_disable_all_campaigns":false,"_monsterinsights_skip_tracking":false,"_monsterinsights_sitenote_active":false,"_monsterinsights_sitenote_note":"","_monsterinsights_sitenote_category":0},"categories":[1],"tags":[],"_links":{"self":[{"href":"https:\/\/defensoriaparana.com.ar\/index.php\/wp-json\/wp\/v2\/posts\/2565"}],"collection":[{"href":"https:\/\/defensoriaparana.com.ar\/index.php\/wp-json\/wp\/v2\/posts"}],"about":[{"href":"https:\/\/defensoriaparana.com.ar\/index.php\/wp-json\/wp\/v2\/types\/post"}],"author":[{"embeddable":true,"href":"https:\/\/defensoriaparana.com.ar\/index.php\/wp-json\/wp\/v2\/users\/2"}],"replies":[{"embeddable":true,"href":"https:\/\/defensoriaparana.com.ar\/index.php\/wp-json\/wp\/v2\/comments?post=2565"}],"version-history":[{"count":1,"href":"https:\/\/defensoriaparana.com.ar\/index.php\/wp-json\/wp\/v2\/posts\/2565\/revisions"}],"predecessor-version":[{"id":2567,"href":"https:\/\/defensoriaparana.com.ar\/index.php\/wp-json\/wp\/v2\/posts\/2565\/revisions\/2567"}],"wp:featuredmedia":[{"embeddable":true,"href":"https:\/\/defensoriaparana.com.ar\/index.php\/wp-json\/wp\/v2\/media\/2566"}],"wp:attachment":[{"href":"https:\/\/defensoriaparana.com.ar\/index.php\/wp-json\/wp\/v2\/media?parent=2565"}],"wp:term":[{"taxonomy":"category","embeddable":true,"href":"https:\/\/defensoriaparana.com.ar\/index.php\/wp-json\/wp\/v2\/categories?post=2565"},{"taxonomy":"post_tag","embeddable":true,"href":"https:\/\/defensoriaparana.com.ar\/index.php\/wp-json\/wp\/v2\/tags?post=2565"}],"curies":[{"name":"wp","href":"https:\/\/api.w.org\/{rel}","templated":true}]}}