{"id":2568,"date":"2022-07-12T16:23:05","date_gmt":"2022-07-12T16:23:05","guid":{"rendered":"http:\/\/defensoriaparana.com.ar\/?p=2568"},"modified":"2022-07-28T16:33:58","modified_gmt":"2022-07-28T16:33:58","slug":"las-defensoras-del-pueblo-de-parana-participaron-de-un-plenario-de-defensorias-del-pais-y-del-congreso-de-mediacion","status":"publish","type":"post","link":"https:\/\/defensoriaparana.com.ar\/index.php\/2022\/07\/12\/las-defensoras-del-pueblo-de-parana-participaron-de-un-plenario-de-defensorias-del-pais-y-del-congreso-de-mediacion\/","title":{"rendered":"Las Defensoras del Pueblo de Paran\u00e1 participaron de un plenario de Defensor\u00edas del pa\u00eds y del Congreso de Mediaci\u00f3n"},"content":{"rendered":"<div class=\"kvgmc6g5 cxmmr5t8 oygrvhab hcukyx3x c1et5uql ii04i59q\">\n<div dir=\"auto\"><\/div>\n<\/div>\n<div class=\"cxmmr5t8 oygrvhab hcukyx3x c1et5uql o9v6fnle ii04i59q\">\n<div dir=\"auto\">El 7 de julio se celebr\u00f3, en Rosario, el II Plenario Anual de la Asociaci\u00f3n de Defensor\u00edas del Pueblo de la Rep\u00fablica Argentina (Adpra), en el marco del Congreso Internacional de Mediaci\u00f3n realizado en esa ciudad. Esta \u00faltima actividad, organizada por la Defensor\u00edas del Pueblo de Santa Fe, se extendi\u00f3 durante tres jornadas \u20135, 6 y 7 de julio-, expusieron m\u00e1s de cuarenta referentes y expertos de catorce pa\u00edses y participaron m\u00e1s de 2.500 personas de manera presencial y virtual.<\/div>\n<div dir=\"auto\"><img loading=\"lazy\" class=\"alignnone  wp-image-2570\" src=\"http:\/\/defensoriaparana.com.ar\/wp-content\/uploads\/2022\/07\/Esta-va-1-300x135.jpg\" alt=\"\" width=\"280\" height=\"126\" srcset=\"https:\/\/defensoriaparana.com.ar\/wp-content\/uploads\/2022\/07\/Esta-va-1-300x135.jpg 300w, https:\/\/defensoriaparana.com.ar\/wp-content\/uploads\/2022\/07\/Esta-va-1-1024x461.jpg 1024w, https:\/\/defensoriaparana.com.ar\/wp-content\/uploads\/2022\/07\/Esta-va-1-768x346.jpg 768w, https:\/\/defensoriaparana.com.ar\/wp-content\/uploads\/2022\/07\/Esta-va-1.jpg 1422w\" sizes=\"(max-width: 280px) 100vw, 280px\" \/><\/div>\n<\/div>\n<div class=\"cxmmr5t8 oygrvhab hcukyx3x c1et5uql o9v6fnle ii04i59q\">\n<div dir=\"auto\">Las Defensoras del Pueblo de la Ciudad de Paran\u00e1, Marcia L\u00f3pez y Cecilia Pautaso (Adjunta), participaron de instancias del congreso y de las reuniones y el plenario de Adpra.<\/div>\n<\/div>\n<div class=\"cxmmr5t8 oygrvhab hcukyx3x c1et5uql o9v6fnle ii04i59q\">\n<div dir=\"auto\">Las palabras de bienvenida al encuentro de autoridades de Defensor\u00edas del pa\u00eds estuvieron a cargo del Presidente de la Asociaci\u00f3n, Lionel Su\u00e1rez, titular de la Defensor\u00eda del Pueblo de la Provincia de Santiago del Estero, quien reclam\u00f3 el consenso pol\u00edtico para que el Congreso de la Naci\u00f3n designe al Defensor del Pueblo de la Naci\u00f3n, ac\u00e9fala hace trece a\u00f1os. La bienvenida fue dada tambi\u00e9n por los titulares de la instituci\u00f3n anfitriona, los Defensores santafesinos Gabriel Savino y Jorge Henn.<\/div>\n<div dir=\"auto\"><img loading=\"lazy\" class=\"alignnone size-medium wp-image-2571\" src=\"http:\/\/defensoriaparana.com.ar\/wp-content\/uploads\/2022\/07\/Esta-va-2-300x135.jpg\" alt=\"\" width=\"300\" height=\"135\" srcset=\"https:\/\/defensoriaparana.com.ar\/wp-content\/uploads\/2022\/07\/Esta-va-2-300x135.jpg 300w, https:\/\/defensoriaparana.com.ar\/wp-content\/uploads\/2022\/07\/Esta-va-2-1024x461.jpg 1024w, https:\/\/defensoriaparana.com.ar\/wp-content\/uploads\/2022\/07\/Esta-va-2-768x346.jpg 768w, https:\/\/defensoriaparana.com.ar\/wp-content\/uploads\/2022\/07\/Esta-va-2.jpg 1422w\" sizes=\"(max-width: 300px) 100vw, 300px\" \/><\/div>\n<\/div>\n<div class=\"cxmmr5t8 oygrvhab hcukyx3x c1et5uql o9v6fnle ii04i59q\">\n<div dir=\"auto\">Durante el plenario se abord\u00f3 un amplio temario en el que se analizaron diferentes problem\u00e1ticas en base a los ejes de salud, servicios p\u00fablicos, transporte, ley de Discapacidad, entre otros.<\/div>\n<div dir=\"auto\">Adpra decidi\u00f3 sumarse al debate abierto en el pa\u00eds para el dictado de una nueva ley de Discapacidad y consumos problem\u00e1ticos y articular para ello los trabajos y estudios realizados por equipos de diferentes Defensor\u00edas. Entre otros temas, se resolvi\u00f3 la creaci\u00f3n de Comisiones Tem\u00e1ticas internas de la Asociaci\u00f3n y la articulaci\u00f3n de trabajo con el Instituto de Formaci\u00f3n de Adpra, avanzar con un acercamiento y eventual convenio de colaboraci\u00f3n mutua con la Federaci\u00f3n Argentina de Municipios y se dict\u00f3 una declaraci\u00f3n de apoyo a la Defensor\u00eda de Gral. Pueyrred\u00f3n alertando sobre posibles intentos de acciones del Ejecutivo de esa jurisdicci\u00f3n que podr\u00edan debilitar su institucionalidad, entre otros temas.<\/div>\n<div dir=\"auto\"><img loading=\"lazy\" class=\"alignnone size-medium wp-image-2572\" src=\"http:\/\/defensoriaparana.com.ar\/wp-content\/uploads\/2022\/07\/Esta-va-4-300x135.jpg\" alt=\"\" width=\"300\" height=\"135\" srcset=\"https:\/\/defensoriaparana.com.ar\/wp-content\/uploads\/2022\/07\/Esta-va-4-300x135.jpg 300w, https:\/\/defensoriaparana.com.ar\/wp-content\/uploads\/2022\/07\/Esta-va-4-1024x461.jpg 1024w, https:\/\/defensoriaparana.com.ar\/wp-content\/uploads\/2022\/07\/Esta-va-4-768x346.jpg 768w, https:\/\/defensoriaparana.com.ar\/wp-content\/uploads\/2022\/07\/Esta-va-4.jpg 1422w\" sizes=\"(max-width: 300px) 100vw, 300px\" \/><\/div>\n<div dir=\"auto\">Finalmente, una vez m\u00e1s, los 65 representantes de Defensor\u00edas provinciales y municipales de Argentina declararon la necesidad de nombrar un nuevo titular para la Defensor\u00eda de la Naci\u00f3n, cargo que est\u00e1 vacante hace m\u00e1s de una d\u00e9cada.<\/div>\n<\/div>\n<div class=\"cxmmr5t8 oygrvhab hcukyx3x c1et5uql o9v6fnle ii04i59q\">\n<div dir=\"auto\">El pr\u00f3ximo Plenario de Adpra, el tercero del a\u00f1o, ser\u00e1 en la ciudad de Resistencia, capital de la provincia del Chaco, a partir del 25 de agosto.<\/div>\n<div dir=\"auto\">.<img loading=\"lazy\" class=\"alignnone size-medium wp-image-2573\" src=\"http:\/\/defensoriaparana.com.ar\/wp-content\/uploads\/2022\/07\/Esta-va-300x300.jpg\" alt=\"\" width=\"300\" height=\"300\" srcset=\"https:\/\/defensoriaparana.com.ar\/wp-content\/uploads\/2022\/07\/Esta-va-300x300.jpg 300w, https:\/\/defensoriaparana.com.ar\/wp-content\/uploads\/2022\/07\/Esta-va-150x150.jpg 150w, https:\/\/defensoriaparana.com.ar\/wp-content\/uploads\/2022\/07\/Esta-va.jpg 600w\" sizes=\"(max-width: 300px) 100vw, 300px\" \/><\/div>\n<div dir=\"auto\"><strong>Congreso Internacional de Mediaci\u00f3n<\/strong><\/div>\n<div dir=\"auto\">.<\/div>\n<div dir=\"auto\">\u201cEl abordaje del conflicto en la agenda global\u201d fue el t\u00edtulo del Congreso Internacional de Mediaci\u00f3n realizado entre el 5 y 7 de julio, en el auditorio de la Bolsa de Comercio de la ciudad Rosario.<\/div>\n<div dir=\"auto\">Participaron expositores de Espa\u00f1a, Chile, M\u00e9xico, Argentina, Noruega, Rep\u00fablica Dominicana, Costa Rica, Colombia, Bolivia, Brasil, Per\u00fa, Angola, Australia e Israel.<\/div>\n<div dir=\"auto\"><img loading=\"lazy\" class=\"alignnone size-medium wp-image-2574\" src=\"http:\/\/defensoriaparana.com.ar\/wp-content\/uploads\/2022\/07\/Esta-va-7-300x225.jpg\" alt=\"\" width=\"300\" height=\"225\" srcset=\"https:\/\/defensoriaparana.com.ar\/wp-content\/uploads\/2022\/07\/Esta-va-7-300x225.jpg 300w, https:\/\/defensoriaparana.com.ar\/wp-content\/uploads\/2022\/07\/Esta-va-7-1024x768.jpg 1024w, https:\/\/defensoriaparana.com.ar\/wp-content\/uploads\/2022\/07\/Esta-va-7-768x576.jpg 768w, https:\/\/defensoriaparana.com.ar\/wp-content\/uploads\/2022\/07\/Esta-va-7-1536x1152.jpg 1536w, https:\/\/defensoriaparana.com.ar\/wp-content\/uploads\/2022\/07\/Esta-va-7.jpg 1600w\" sizes=\"(max-width: 300px) 100vw, 300px\" \/><img loading=\"lazy\" class=\"alignnone size-medium wp-image-2575\" src=\"http:\/\/defensoriaparana.com.ar\/wp-content\/uploads\/2022\/07\/Esta-va-6-225x300.jpg\" alt=\"\" width=\"225\" height=\"300\" srcset=\"https:\/\/defensoriaparana.com.ar\/wp-content\/uploads\/2022\/07\/Esta-va-6-225x300.jpg 225w, https:\/\/defensoriaparana.com.ar\/wp-content\/uploads\/2022\/07\/Esta-va-6-768x1024.jpg 768w, https:\/\/defensoriaparana.com.ar\/wp-content\/uploads\/2022\/07\/Esta-va-6-1152x1536.jpg 1152w, https:\/\/defensoriaparana.com.ar\/wp-content\/uploads\/2022\/07\/Esta-va-6.jpg 1200w\" sizes=\"(max-width: 225px) 100vw, 225px\" \/><\/div>\n<\/div>\n<div class=\"cxmmr5t8 oygrvhab hcukyx3x c1et5uql o9v6fnle ii04i59q\">\n<div dir=\"auto\">Durante las numerosas instancias del Congreso se debati\u00f3 sobre qu\u00e9 es el conflicto, se compartieron experiencias sobre conflictos ambientales, sobre c\u00f3mo abordar la ense\u00f1anza sobre los conflictos en las escuelas, el desaf\u00edo de la paz, el ombudsman en la gesti\u00f3n de conflictos globales y locales, el conflicto en el espacio digital, el conflicto en la agenda internacional y el abordaje de la multiculturalidad del conflicto, entre otros puntos.<\/div>\n<\/div>\n<div class=\"cxmmr5t8 oygrvhab hcukyx3x c1et5uql o9v6fnle ii04i59q\">\n<div dir=\"auto\">La actividad fue declarada de inter\u00e9s por la C\u00e1mara de Senadores y la C\u00e1mara de Diputadas y Diputados de la provincia y por el Concejo de la ciudad de Rosario.<\/div>\n<\/div>\n<div class=\"cxmmr5t8 oygrvhab hcukyx3x c1et5uql o9v6fnle ii04i59q\">\n<div dir=\"auto\"><span class=\"pq6dq46d tbxw36s4 knj5qynh kvgmc6g5 ditlmg2l oygrvhab nvdbi5me sf5mxxl7 gl3lb2sf hhz5lgdu\"><img loading=\"lazy\" src=\"https:\/\/static.xx.fbcdn.net\/images\/emoji.php\/v9\/t51\/1\/16\/1f449.png\" alt=\"\ud83d\udc49\" width=\"16\" height=\"16\" \/><\/span>Con informaci\u00f3n de las Defensor\u00edas del Pueblo de Santa Fe y de Santiago del Estero.<\/div>\n<\/div>\n","protected":false},"excerpt":{"rendered":"<p>El 7 de julio se celebr\u00f3, en Rosario, el II Plenario Anual de la Asociaci\u00f3n de Defensor\u00edas del Pueblo de la Rep\u00fablica Argentina (Adpra), en el marco del Congreso Internacional de Mediaci\u00f3n realizado en esa ciudad. Esta \u00faltima actividad, organizada por la Defensor\u00edas del Pueblo de Santa Fe, se extendi\u00f3 durante tres jornadas \u20135, 6 [&hellip;]<\/p>\n","protected":false},"author":2,"featured_media":2569,"comment_status":"open","ping_status":"open","sticky":false,"template":"","format":"standard","meta":{"om_disable_all_campaigns":false,"_monsterinsights_skip_tracking":false,"_monsterinsights_sitenote_active":false,"_monsterinsights_sitenote_note":"","_monsterinsights_sitenote_category":0},"categories":[1],"tags":[],"_links":{"self":[{"href":"https:\/\/defensoriaparana.com.ar\/index.php\/wp-json\/wp\/v2\/posts\/2568"}],"collection":[{"href":"https:\/\/defensoriaparana.com.ar\/index.php\/wp-json\/wp\/v2\/posts"}],"about":[{"href":"https:\/\/defensoriaparana.com.ar\/index.php\/wp-json\/wp\/v2\/types\/post"}],"author":[{"embeddable":true,"href":"https:\/\/defensoriaparana.com.ar\/index.php\/wp-json\/wp\/v2\/users\/2"}],"replies":[{"embeddable":true,"href":"https:\/\/defensoriaparana.com.ar\/index.php\/wp-json\/wp\/v2\/comments?post=2568"}],"version-history":[{"count":1,"href":"https:\/\/defensoriaparana.com.ar\/index.php\/wp-json\/wp\/v2\/posts\/2568\/revisions"}],"predecessor-version":[{"id":2576,"href":"https:\/\/defensoriaparana.com.ar\/index.php\/wp-json\/wp\/v2\/posts\/2568\/revisions\/2576"}],"wp:featuredmedia":[{"embeddable":true,"href":"https:\/\/defensoriaparana.com.ar\/index.php\/wp-json\/wp\/v2\/media\/2569"}],"wp:attachment":[{"href":"https:\/\/defensoriaparana.com.ar\/index.php\/wp-json\/wp\/v2\/media?parent=2568"}],"wp:term":[{"taxonomy":"category","embeddable":true,"href":"https:\/\/defensoriaparana.com.ar\/index.php\/wp-json\/wp\/v2\/categories?post=2568"},{"taxonomy":"post_tag","embeddable":true,"href":"https:\/\/defensoriaparana.com.ar\/index.php\/wp-json\/wp\/v2\/tags?post=2568"}],"curies":[{"name":"wp","href":"https:\/\/api.w.org\/{rel}","templated":true}]}}