{"id":2614,"date":"2022-07-08T21:53:05","date_gmt":"2022-07-08T21:53:05","guid":{"rendered":"http:\/\/defensoriaparana.com.ar\/?p=2614"},"modified":"2022-07-28T22:00:53","modified_gmt":"2022-07-28T22:00:53","slug":"se-comenzo-a-pintar-un-mural-por-los-50-anos-del-jardin-de-la-escuela-magnasco","status":"publish","type":"post","link":"https:\/\/defensoriaparana.com.ar\/index.php\/2022\/07\/08\/se-comenzo-a-pintar-un-mural-por-los-50-anos-del-jardin-de-la-escuela-magnasco\/","title":{"rendered":"Se comenz\u00f3 a pintar un mural por los 50 a\u00f1os del jard\u00edn de la Escuela Magnasco"},"content":{"rendered":"<div class=\"kvgmc6g5 cxmmr5t8 oygrvhab hcukyx3x c1et5uql ii04i59q\">\n<div dir=\"auto\"><\/div>\n<\/div>\n<div class=\"cxmmr5t8 oygrvhab hcukyx3x c1et5uql o9v6fnle ii04i59q\">\n<div dir=\"auto\">Con las manitos llenas de colores y con un entusiasmo colmado de risas, abrazos y saltitos nerviosos, las nenas y nenes de 4 y 5 a\u00f1os del Jard\u00edn La Tortuga Andariega de la Escuela N\u00ba 181 Osvaldo Magnasco de Paran\u00e1, junto a sus mam\u00e1s, pap\u00e1s y docentes, comenzaron a pintar un mural en las paredes del establecimiento, ubicado en Avenida Almafuerte 1060.<\/div>\n<div dir=\"auto\"><img loading=\"lazy\" class=\"alignnone size-medium wp-image-2616\" src=\"http:\/\/defensoriaparana.com.ar\/wp-content\/uploads\/2022\/07\/jardin-dibujos-225x300.jpg\" alt=\"\" width=\"225\" height=\"300\" srcset=\"https:\/\/defensoriaparana.com.ar\/wp-content\/uploads\/2022\/07\/jardin-dibujos-225x300.jpg 225w, https:\/\/defensoriaparana.com.ar\/wp-content\/uploads\/2022\/07\/jardin-dibujos-768x1024.jpg 768w, https:\/\/defensoriaparana.com.ar\/wp-content\/uploads\/2022\/07\/jardin-dibujos-1152x1536.jpg 1152w, https:\/\/defensoriaparana.com.ar\/wp-content\/uploads\/2022\/07\/jardin-dibujos.jpg 1200w\" sizes=\"(max-width: 225px) 100vw, 225px\" \/><\/div>\n<\/div>\n<div class=\"cxmmr5t8 oygrvhab hcukyx3x c1et5uql o9v6fnle ii04i59q\">\n<div dir=\"auto\">La obra es en el marco de la conmemoraci\u00f3n de los 50 a\u00f1os del jard\u00edn, al que asisten alrededor de 80 ni\u00f1os y ni\u00f1as, y se realiza con la colaboraci\u00f3n y coordinaci\u00f3n del Centro de Mediaci\u00f3n de la Defensor\u00eda del Pueblo de la Ciudad de Paran\u00e1.<\/div>\n<\/div>\n<div class=\"cxmmr5t8 oygrvhab hcukyx3x c1et5uql o9v6fnle ii04i59q\">\n<div dir=\"auto\">El mural comenz\u00f3 a gestarse a partir de encuentros en la escuela, en los que jardineritos y se\u00f1os comenzaron a plantear ideas, que se fueron plasmando en dibujos, que terminaron en un boceto que fue deline\u00e1ndose en las paredes del frente y en el pasillo de ingreso de la instituci\u00f3n.<\/div>\n<div dir=\"auto\"><img loading=\"lazy\" class=\"alignnone size-medium wp-image-2617\" src=\"http:\/\/defensoriaparana.com.ar\/wp-content\/uploads\/2022\/07\/boceto-300x225.jpg\" alt=\"\" width=\"300\" height=\"225\" srcset=\"https:\/\/defensoriaparana.com.ar\/wp-content\/uploads\/2022\/07\/boceto-300x225.jpg 300w, https:\/\/defensoriaparana.com.ar\/wp-content\/uploads\/2022\/07\/boceto-1024x768.jpg 1024w, https:\/\/defensoriaparana.com.ar\/wp-content\/uploads\/2022\/07\/boceto-768x576.jpg 768w, https:\/\/defensoriaparana.com.ar\/wp-content\/uploads\/2022\/07\/boceto-1536x1152.jpg 1536w, https:\/\/defensoriaparana.com.ar\/wp-content\/uploads\/2022\/07\/boceto.jpg 1600w\" sizes=\"(max-width: 300px) 100vw, 300px\" \/><img loading=\"lazy\" class=\"alignnone size-medium wp-image-2618\" src=\"http:\/\/defensoriaparana.com.ar\/wp-content\/uploads\/2022\/07\/jardin-mamas-y-nenes-225x300.jpg\" alt=\"\" width=\"225\" height=\"300\" srcset=\"https:\/\/defensoriaparana.com.ar\/wp-content\/uploads\/2022\/07\/jardin-mamas-y-nenes-225x300.jpg 225w, https:\/\/defensoriaparana.com.ar\/wp-content\/uploads\/2022\/07\/jardin-mamas-y-nenes-768x1024.jpg 768w, https:\/\/defensoriaparana.com.ar\/wp-content\/uploads\/2022\/07\/jardin-mamas-y-nenes-1152x1536.jpg 1152w, https:\/\/defensoriaparana.com.ar\/wp-content\/uploads\/2022\/07\/jardin-mamas-y-nenes.jpg 1200w\" sizes=\"(max-width: 225px) 100vw, 225px\" \/><img loading=\"lazy\" class=\"alignnone size-medium wp-image-2623\" src=\"http:\/\/defensoriaparana.com.ar\/wp-content\/uploads\/2022\/07\/jardin-varon-300x225.jpg\" alt=\"\" width=\"300\" height=\"225\" srcset=\"https:\/\/defensoriaparana.com.ar\/wp-content\/uploads\/2022\/07\/jardin-varon-300x225.jpg 300w, https:\/\/defensoriaparana.com.ar\/wp-content\/uploads\/2022\/07\/jardin-varon-1024x768.jpg 1024w, https:\/\/defensoriaparana.com.ar\/wp-content\/uploads\/2022\/07\/jardin-varon-768x576.jpg 768w, https:\/\/defensoriaparana.com.ar\/wp-content\/uploads\/2022\/07\/jardin-varon-1536x1152.jpg 1536w, https:\/\/defensoriaparana.com.ar\/wp-content\/uploads\/2022\/07\/jardin-varon.jpg 1600w\" sizes=\"(max-width: 300px) 100vw, 300px\" \/><\/div>\n<\/div>\n<div class=\"cxmmr5t8 oygrvhab hcukyx3x c1et5uql o9v6fnle ii04i59q\">\n<div dir=\"auto\">\u201cEn talleres trabajamos la idea de la tortuga que anda por todos lados, que es muy lenta, pero va adquiriendo distintos conocimientos y experiencias por tener esa condici\u00f3n de andariega, de marcha pausada y tranquila\u201d, cuenta Andr\u00e9s Leiva, muralista y artista pl\u00e1stico, integrante del equipo de trabajo del Centro de Mediaci\u00f3n.<\/div>\n<div dir=\"auto\">De esa instancia \u201cde trabajo con los chicos y las docentes, salieron diferentes ideas de tortugas, con distintas interacciones\u201d, a\u00f1ade y reafirma que la obra se funda en \u201cla idea de pintura comunitaria que siempre est\u00e1 presente\u201d en cada mural concretado desde la Defensor\u00eda de Pueblo.<\/div>\n<div dir=\"auto\"><img loading=\"lazy\" class=\"alignnone size-medium wp-image-2624\" src=\"http:\/\/defensoriaparana.com.ar\/wp-content\/uploads\/2022\/07\/Jardin-madres-225x300.jpg\" alt=\"\" width=\"225\" height=\"300\" srcset=\"https:\/\/defensoriaparana.com.ar\/wp-content\/uploads\/2022\/07\/Jardin-madres-225x300.jpg 225w, https:\/\/defensoriaparana.com.ar\/wp-content\/uploads\/2022\/07\/Jardin-madres-768x1024.jpg 768w, https:\/\/defensoriaparana.com.ar\/wp-content\/uploads\/2022\/07\/Jardin-madres-1152x1536.jpg 1152w, https:\/\/defensoriaparana.com.ar\/wp-content\/uploads\/2022\/07\/Jardin-madres.jpg 1200w\" sizes=\"(max-width: 225px) 100vw, 225px\" \/><img loading=\"lazy\" class=\"alignnone size-medium wp-image-2625\" src=\"http:\/\/defensoriaparana.com.ar\/wp-content\/uploads\/2022\/07\/Jardin-1-135x300.jpg\" alt=\"\" width=\"135\" height=\"300\" srcset=\"https:\/\/defensoriaparana.com.ar\/wp-content\/uploads\/2022\/07\/Jardin-1-135x300.jpg 135w, https:\/\/defensoriaparana.com.ar\/wp-content\/uploads\/2022\/07\/Jardin-1-460x1024.jpg 460w, https:\/\/defensoriaparana.com.ar\/wp-content\/uploads\/2022\/07\/Jardin-1.jpg 575w\" sizes=\"(max-width: 135px) 100vw, 135px\" \/><img loading=\"lazy\" class=\"alignnone size-medium wp-image-2626\" src=\"http:\/\/defensoriaparana.com.ar\/wp-content\/uploads\/2022\/07\/jardin-135x300.jpg\" alt=\"\" width=\"135\" height=\"300\" srcset=\"https:\/\/defensoriaparana.com.ar\/wp-content\/uploads\/2022\/07\/jardin-135x300.jpg 135w, https:\/\/defensoriaparana.com.ar\/wp-content\/uploads\/2022\/07\/jardin-460x1024.jpg 460w, https:\/\/defensoriaparana.com.ar\/wp-content\/uploads\/2022\/07\/jardin.jpg 575w\" sizes=\"(max-width: 135px) 100vw, 135px\" \/><img loading=\"lazy\" class=\"alignnone size-medium wp-image-2627\" src=\"http:\/\/defensoriaparana.com.ar\/wp-content\/uploads\/2022\/07\/jardin-frente-300x225.jpg\" alt=\"\" width=\"300\" height=\"225\" srcset=\"https:\/\/defensoriaparana.com.ar\/wp-content\/uploads\/2022\/07\/jardin-frente-300x225.jpg 300w, https:\/\/defensoriaparana.com.ar\/wp-content\/uploads\/2022\/07\/jardin-frente-1024x768.jpg 1024w, https:\/\/defensoriaparana.com.ar\/wp-content\/uploads\/2022\/07\/jardin-frente-768x576.jpg 768w, https:\/\/defensoriaparana.com.ar\/wp-content\/uploads\/2022\/07\/jardin-frente-1536x1152.jpg 1536w, https:\/\/defensoriaparana.com.ar\/wp-content\/uploads\/2022\/07\/jardin-frente.jpg 1600w\" sizes=\"(max-width: 300px) 100vw, 300px\" \/><\/div>\n<\/div>\n<div class=\"cxmmr5t8 oygrvhab hcukyx3x c1et5uql o9v6fnle ii04i59q\">\n<div dir=\"auto\">En base a esa convicci\u00f3n, mam\u00e1s, pap\u00e1s y docentes, junto a los ni\u00f1os y ni\u00f1as, empezaron en la ma\u00f1ana gris y fr\u00eda del mi\u00e9rcoles 6 de julio a darle color a un dibujo hermoso, lleno de verde, en el que la tortuga andariega se va encontrando, en medio de un vergel, con ni\u00f1os, con otras tortugas, con distintos animales, flores y plantas.<\/div>\n<\/div>\n<div class=\"cxmmr5t8 oygrvhab hcukyx3x c1et5uql o9v6fnle ii04i59q\">\n<div dir=\"auto\">\u201cCon ayuda de los pap\u00e1s y las mam\u00e1s, estamos ense\u00f1ando y promoviendo el arte comunitario, de una manera que se pueda trabajar y disfrutar entre todos\u201d, afirma Andr\u00e9s Leiva, quien realiza el trabajo con la colaboraci\u00f3n de integrantes del Centro de Mediaci\u00f3n.<\/div>\n<div dir=\"auto\">Un boceto, pegado en la pared, gu\u00eda en la tarea de elegir los colores, los distintos tonos de verde y los contornos de los dibujos.<\/div>\n<div dir=\"auto\"><\/div>\n<\/div>\n<div class=\"cxmmr5t8 oygrvhab hcukyx3x c1et5uql o9v6fnle ii04i59q\">\n<div dir=\"auto\"><strong>Representativo<\/strong><\/div>\n<div dir=\"auto\"><\/div>\n<\/div>\n<div class=\"cxmmr5t8 oygrvhab hcukyx3x c1et5uql o9v6fnle ii04i59q\">\n<div dir=\"auto\">Adem\u00e1s de ser una manera de conmemorar el medio siglo de existencia del jard\u00edn, la intenci\u00f3n es que el mural se constituya en una bella manera de expresar el sentido de pertenencia a la instituci\u00f3n e identificar el sector de ingreso de los m\u00e1s peque\u00f1os a las salitas, explica la docente Mirta Ponce.<\/div>\n<div dir=\"auto\">Se busc\u00f3 \u201calgo representativo\u201d, se\u00f1ala y comenta que se realiz\u00f3 una recopilaci\u00f3n de informaci\u00f3n que permiti\u00f3 determinar el aniversario del jard\u00edn, que se celebrar\u00e1 con distintas actividades hasta fin de a\u00f1o.<\/div>\n<div dir=\"auto\">La pintura iniciada esta semana avanz\u00f3 hasta lo que permitieron los d\u00edas grises y fr\u00edos. El trabajo pudo realizarse en la parte cubierta y queda para el retorno a clases el sector del frente del edificio.<\/div>\n<\/div>\n<div class=\"cxmmr5t8 oygrvhab hcukyx3x c1et5uql o9v6fnle ii04i59q\">\n<div dir=\"auto\"><\/div>\n<div dir=\"auto\"><strong>En la ciudad<\/strong><\/div>\n<div dir=\"auto\"><\/div>\n<\/div>\n<div class=\"cxmmr5t8 oygrvhab hcukyx3x c1et5uql o9v6fnle ii04i59q\">\n<div dir=\"auto\">La Defensor\u00eda del Pueblo, a trav\u00e9s del artista pl\u00e1stico Andr\u00e9s Leiva, viene impulsando desde 2018 diversos proyectos participativos en espacios comunitarios de distintos barrios de la ciudad, en el marco del Programa Arte y Convivencia de la instituci\u00f3n. A trav\u00e9s de los murales, se buscan visibilizar derechos ciudadanos, generar reflexi\u00f3n sobre distintas realidades y tem\u00e1ticas, as\u00ed como realizar homenajes a, por ejemplo, personas trabajadoras de una comunidad, y reivindicaciones a procesos hist\u00f3ricos de instituciones, como es el caso de la existencia del jard\u00edn de la escuela Magnasco. Todo ello se logra en base a herramientas de las artes pl\u00e1sticas, el di\u00e1logo, del trabajo multidisciplinario y de la participaci\u00f3n comunitaria.<\/div>\n<\/div>\n","protected":false},"excerpt":{"rendered":"<p>Con las manitos llenas de colores y con un entusiasmo colmado de risas, abrazos y saltitos nerviosos, las nenas y nenes de 4 y 5 a\u00f1os del Jard\u00edn La Tortuga Andariega de la Escuela N\u00ba 181 Osvaldo Magnasco de Paran\u00e1, junto a sus mam\u00e1s, pap\u00e1s y docentes, comenzaron a pintar un mural en las paredes [&hellip;]<\/p>\n","protected":false},"author":2,"featured_media":2615,"comment_status":"open","ping_status":"open","sticky":false,"template":"","format":"standard","meta":{"om_disable_all_campaigns":false,"_monsterinsights_skip_tracking":false,"_monsterinsights_sitenote_active":false,"_monsterinsights_sitenote_note":"","_monsterinsights_sitenote_category":0},"categories":[1],"tags":[],"_links":{"self":[{"href":"https:\/\/defensoriaparana.com.ar\/index.php\/wp-json\/wp\/v2\/posts\/2614"}],"collection":[{"href":"https:\/\/defensoriaparana.com.ar\/index.php\/wp-json\/wp\/v2\/posts"}],"about":[{"href":"https:\/\/defensoriaparana.com.ar\/index.php\/wp-json\/wp\/v2\/types\/post"}],"author":[{"embeddable":true,"href":"https:\/\/defensoriaparana.com.ar\/index.php\/wp-json\/wp\/v2\/users\/2"}],"replies":[{"embeddable":true,"href":"https:\/\/defensoriaparana.com.ar\/index.php\/wp-json\/wp\/v2\/comments?post=2614"}],"version-history":[{"count":1,"href":"https:\/\/defensoriaparana.com.ar\/index.php\/wp-json\/wp\/v2\/posts\/2614\/revisions"}],"predecessor-version":[{"id":2628,"href":"https:\/\/defensoriaparana.com.ar\/index.php\/wp-json\/wp\/v2\/posts\/2614\/revisions\/2628"}],"wp:featuredmedia":[{"embeddable":true,"href":"https:\/\/defensoriaparana.com.ar\/index.php\/wp-json\/wp\/v2\/media\/2615"}],"wp:attachment":[{"href":"https:\/\/defensoriaparana.com.ar\/index.php\/wp-json\/wp\/v2\/media?parent=2614"}],"wp:term":[{"taxonomy":"category","embeddable":true,"href":"https:\/\/defensoriaparana.com.ar\/index.php\/wp-json\/wp\/v2\/categories?post=2614"},{"taxonomy":"post_tag","embeddable":true,"href":"https:\/\/defensoriaparana.com.ar\/index.php\/wp-json\/wp\/v2\/tags?post=2614"}],"curies":[{"name":"wp","href":"https:\/\/api.w.org\/{rel}","templated":true}]}}