{"id":2633,"date":"2022-07-01T22:08:01","date_gmt":"2022-07-01T22:08:01","guid":{"rendered":"http:\/\/defensoriaparana.com.ar\/?p=2633"},"modified":"2022-07-28T22:11:08","modified_gmt":"2022-07-28T22:11:08","slug":"la-defensoria-del-pueblo-ofrece-talleres-a-instituciones-sobre-como-promover-una-convivencia-saludable","status":"publish","type":"post","link":"https:\/\/defensoriaparana.com.ar\/index.php\/2022\/07\/01\/la-defensoria-del-pueblo-ofrece-talleres-a-instituciones-sobre-como-promover-una-convivencia-saludable\/","title":{"rendered":"La Defensor\u00eda del Pueblo ofrece talleres a instituciones sobre c\u00f3mo promover una convivencia saludable"},"content":{"rendered":"<div>\n<div class=\"\" dir=\"auto\">\n<div id=\"jsc_c_es\" class=\"ecm0bbzt hv4rvrfc ihqw7lf3 dati1w0a\" data-ad-comet-preview=\"message\" data-ad-preview=\"message\">\n<div class=\"j83agx80 cbu4d94t ew0dbk1b irj2b8pg\">\n<div class=\"qzhwtbm6 knvmm38d\">\n<div class=\"kvgmc6g5 cxmmr5t8 oygrvhab hcukyx3x c1et5uql ii04i59q\">\n<div dir=\"auto\"><\/div>\n<\/div>\n<div class=\"cxmmr5t8 oygrvhab hcukyx3x c1et5uql o9v6fnle ii04i59q\">\n<div dir=\"auto\">El Centro de Mediaci\u00f3n Comunitaria de la Defensor\u00eda del Pueblo de Paran\u00e1 brinda talleres en instituciones de la ciudad en el marco de uno de los objetivos b\u00e1sicos de trabajo: la prevenci\u00f3n de la violencia y la promoci\u00f3n del di\u00e1logo y la escucha con el fin de fomentar relaciones sociales saludables.<\/div>\n<div dir=\"auto\">Los talleres son instancias de capacitaci\u00f3n que la Defensor\u00eda del Pueblo desarrolla en forma gratuita y a pedido de distintas organizaciones e instituciones de \u00e1mbitos educativos, laborales y de la comunidad en general.<\/div>\n<div dir=\"auto\">La propuesta se comenz\u00f3 a desarrollar casi a la par del nacimiento de la Defensor\u00eda del Pueblo y su Centro de Mediaci\u00f3n, en 2003. En el tiempo transcurrido, la experiencia se consolid\u00f3 en base a los excelentes resultados y adhesi\u00f3n de parte de la comunidad.<\/div>\n<div dir=\"auto\">As\u00ed, se llevan concretados centenares de talleres, con miles de asistentes.<\/div>\n<div dir=\"auto\">\u201cTenemos siempre abierta la posibilidad de ofrecer talleres para diferentes \u00e1mbitos donde les resulte \u00fatil. Muchas veces es en \u00e1mbitos escolares, a los docentes, en oficinas p\u00fablicas municipales o provinciales y tambi\u00e9n en comisiones vecinales o centros de salud\u201d, expres\u00f3 Irina Chausovsky, Coordinadora del Centro de Mediaci\u00f3n.<\/div>\n<div dir=\"auto\">En declaraciones al programa Para Empezar de Radio Costa Paran\u00e1, explic\u00f3 que se trata de \u201cun espacio de reflexi\u00f3n y capacitaci\u00f3n que invita a pensar los v\u00ednculos y el cuidado de las relaciones cotidianas\u201d. Una de las bases de trabajo consiste en la propuesta de \u201campliar la mirada, cambiar la perspectiva estrictamente negativa de los conflictos\u201d y asumir la responsabilidad personal en la construcci\u00f3n de esos conflictos.<\/div>\n<\/div>\n<div class=\"cxmmr5t8 oygrvhab hcukyx3x c1et5uql o9v6fnle ii04i59q\">\n<div dir=\"auto\"><\/div>\n<div dir=\"auto\"><strong>Para repensar los v\u00ednculos<\/strong><\/div>\n<\/div>\n<div class=\"cxmmr5t8 oygrvhab hcukyx3x c1et5uql o9v6fnle ii04i59q\">\n<div dir=\"auto\"><\/div>\n<div dir=\"auto\">La Coordinadora inform\u00f3 que \u00faltimamente se realizaron talleres para docentes en la Escuela Enrique Carb\u00f3 T\u00e9cnica N 3 y en la pr\u00f3xima semana se desarrollar\u00e1n en la Escuela N 24 Maximio Victoria. Se trata de espacios que organiza cada instituci\u00f3n y convoca a docentes y, en casos, a padres y estudiantes. Tambi\u00e9n se han desarrollado talleres para polic\u00edas y personal de salud, entre otros.<\/div>\n<div dir=\"auto\">Paralelamente, la Defensor\u00eda cuenta con propuestas de capacitaci\u00f3n abiertas que instrumenta cada a\u00f1o. Se trata del Ciclo de Talleres Di\u00e1logos en la Comunidad que se realiza desde 2015 en forma ininterrumpida, con la participaci\u00f3n de docentes invitados.<\/div>\n<div dir=\"auto\">\u201cEs una tarea que hacemos desde el inicio de funcionamiento del Centro de Mediaci\u00f3n, hace casi 19 a\u00f1os. Siempre ha sido un espacio de mucho reconocimiento, de mucho agradecimiento por parte de quienes los reciben porque es una posibilidad de repensar los v\u00ednculos, de mirarnos a nosotros mismos. Muchas veces creemos que va a venir alguien de afuera a traernos la caja m\u00e1gica de herramientas para resolver los conflictos, pero en realidad se trata de asumirnos como protagonistas y ver qu\u00e9 aporte hacemos cada uno, de qu\u00e9 manera manejamos nuestras emociones, qu\u00e9 posibilidad de escucha y apertura tenemos y a partir de ah\u00ed trabajar, en el caso de los docentes, por ejemplo, con los estudiantes. Pero primero necesitamos mirarnos nosotros, los adultos\u201d, destall\u00f3 la Coordinadora.<\/div>\n<div dir=\"auto\">En cuanto a lo que significan los espacios en s\u00ed, dijo que \u201chay mucha emocionalidad en juego, cada uno de los participantes tiene la suya\u201d. Por eso \u201cpropiciamos, proponemos espacios donde las personas puedan manifestar c\u00f3mo se sienten, donde pueda primar el contacto personal y la escucha desde las emociones\u201d.<\/div>\n<\/div>\n<div class=\"cxmmr5t8 oygrvhab hcukyx3x c1et5uql o9v6fnle ii04i59q\">\n<div dir=\"auto\">Las instituciones y organizaciones interesadas en desarrollar estos talleres pueden comunicarse de 8 a 13 con el Centro de Mediaci\u00f3n. Funciona en la sede de la Defensor\u00eda del Pueblo, en calle H. Yrigoyen 236, los n\u00fameros telef\u00f3nicos son el (0343) 4211029 y el 4211051, la l\u00ednea de whatsapp es 3435 163712 y el mail mediacionparana@hotmail.com.<\/div>\n<\/div>\n<\/div>\n<\/div>\n<\/div>\n<\/div>\n<div id=\"jsc_c_et\" class=\"l9j0dhe7\">\n<div class=\"l9j0dhe7\">\n<div>\n<div>\n<div class=\"l9j0dhe7\">\n<div class=\"l9j0dhe7\">\n<div class=\"ni8dbmo4 stjgntxs pmk7jnqg\">\n<div class=\"stjgntxs ni8dbmo4\">\n<div class=\"do00u71z ni8dbmo4 stjgntxs l9j0dhe7\">\n<div class=\"pmk7jnqg kr520xx4\"><img class=\"i09qtzwb n7fi1qx3 datstx6m pmk7jnqg j9ispegn kr520xx4 k4urcfbm\" src=\"https:\/\/scontent.fros2-2.fna.fbcdn.net\/v\/t39.30808-6\/289272403_2236007866553459_2813295792237456613_n.jpg?stp=dst-jpg_s600x600&amp;_nc_cat=110&amp;ccb=1-7&amp;_nc_sid=730e14&amp;_nc_ohc=bHZeCqq6v34AX8kcL9l&amp;_nc_ht=scontent.fros2-2.fna&amp;oh=00_AT-21p9iuFFOtePUlNQbti7p8oluMD-iFIfqwFf7loTe9w&amp;oe=62E7E7DB\" alt=\"\" \/><\/div>\n<\/div>\n<div class=\"kr520xx4 j9ispegn pmk7jnqg hzruof5a n7fi1qx3 rq0escxv i09qtzwb opwvks06 linmgsc8\"><\/div>\n<\/div>\n<div class=\"n00je7tq arfg74bv qs9ysxi8 k77z8yql i09qtzwb n7fi1qx3 b5wmifdl hzruof5a pmk7jnqg j9ispegn kr520xx4 c5ndavph art1omkt ot9fgl3s\" data-visualcompletion=\"ignore\"><\/div>\n<\/div>\n<div class=\"ni8dbmo4 stjgntxs pmk7jnqg\">\n<div class=\"stjgntxs ni8dbmo4\">\n<div class=\"do00u71z ni8dbmo4 stjgntxs l9j0dhe7\">\n<div class=\"pmk7jnqg kr520xx4\"><img class=\"i09qtzwb n7fi1qx3 datstx6m pmk7jnqg j9ispegn kr520xx4 k4urcfbm\" src=\"https:\/\/scontent.fros2-2.fna.fbcdn.net\/v\/t39.30808-6\/289654005_2236008016553444_4737017748320450048_n.jpg?stp=dst-jpg_s600x600&amp;_nc_cat=106&amp;ccb=1-7&amp;_nc_sid=730e14&amp;_nc_ohc=wynkLAtQrq8AX_qnmaz&amp;_nc_ht=scontent.fros2-2.fna&amp;oh=00_AT-BZTEEm6-Cbh-Tm-jSudTo0YzUGHkHkWL3AsQ6y5l0aw&amp;oe=62E8D5F4\" alt=\"\" \/><\/div>\n<\/div>\n<div class=\"kr520xx4 j9ispegn pmk7jnqg hzruof5a n7fi1qx3 rq0escxv i09qtzwb opwvks06 linmgsc8\"><\/div>\n<\/div>\n<div class=\"n00je7tq arfg74bv qs9ysxi8 k77z8yql i09qtzwb n7fi1qx3 b5wmifdl hzruof5a pmk7jnqg j9ispegn kr520xx4 c5ndavph art1omkt ot9fgl3s\" data-visualcompletion=\"ignore\"><\/div>\n<\/div>\n<div class=\"ni8dbmo4 stjgntxs pmk7jnqg\">\n<div class=\"stjgntxs ni8dbmo4\">\n<div class=\"do00u71z ni8dbmo4 stjgntxs l9j0dhe7\">\n<div class=\"pmk7jnqg kr520xx4\"><img class=\"i09qtzwb n7fi1qx3 datstx6m pmk7jnqg j9ispegn kr520xx4 k4urcfbm\" src=\"https:\/\/scontent.fros2-1.fna.fbcdn.net\/v\/t39.30808-6\/291015819_2236008156553430_8697405518864104371_n.jpg?stp=dst-jpg_s600x600&amp;_nc_cat=104&amp;ccb=1-7&amp;_nc_sid=730e14&amp;_nc_ohc=urpW6OOYDZMAX8H9era&amp;_nc_ht=scontent.fros2-1.fna&amp;oh=00_AT9rRXYx1wZsKSd_Rb0-EIE2Yudu_QgfwJLH6GPKYP-pSA&amp;oe=62E8D5D4\" alt=\"\" \/><\/div>\n<\/div>\n<div class=\"kr520xx4 j9ispegn pmk7jnqg hzruof5a n7fi1qx3 rq0escxv i09qtzwb opwvks06 linmgsc8\"><\/div>\n<\/div>\n<div class=\"n00je7tq arfg74bv qs9ysxi8 k77z8yql i09qtzwb n7fi1qx3 b5wmifdl hzruof5a pmk7jnqg j9ispegn kr520xx4 c5ndavph art1omkt ot9fgl3s\" data-visualcompletion=\"ignore\"><\/div>\n<\/div>\n<\/div>\n<\/div>\n<\/div>\n<\/div>\n<\/div>\n<\/div>\n<\/div>\n<div>\n<div class=\"stjgntxs ni8dbmo4 l82x9zwi uo3d90p7 h905i5nu monazrh9\" data-visualcompletion=\"ignore-dynamic\">\n<div>\n<div class=\"cwj9ozl2 tvmbv18p\"><\/div>\n<\/div>\n<\/div>\n<\/div>\n","protected":false},"excerpt":{"rendered":"<p>El Centro de Mediaci\u00f3n Comunitaria de la Defensor\u00eda del Pueblo de Paran\u00e1 brinda talleres en instituciones de la ciudad en el marco de uno de los objetivos b\u00e1sicos de trabajo: la prevenci\u00f3n de la violencia y la promoci\u00f3n del di\u00e1logo y la escucha con el fin de fomentar relaciones sociales saludables. Los talleres son instancias [&hellip;]<\/p>\n","protected":false},"author":2,"featured_media":2634,"comment_status":"open","ping_status":"open","sticky":false,"template":"","format":"standard","meta":{"om_disable_all_campaigns":false,"_monsterinsights_skip_tracking":false,"_monsterinsights_sitenote_active":false,"_monsterinsights_sitenote_note":"","_monsterinsights_sitenote_category":0},"categories":[1],"tags":[],"_links":{"self":[{"href":"https:\/\/defensoriaparana.com.ar\/index.php\/wp-json\/wp\/v2\/posts\/2633"}],"collection":[{"href":"https:\/\/defensoriaparana.com.ar\/index.php\/wp-json\/wp\/v2\/posts"}],"about":[{"href":"https:\/\/defensoriaparana.com.ar\/index.php\/wp-json\/wp\/v2\/types\/post"}],"author":[{"embeddable":true,"href":"https:\/\/defensoriaparana.com.ar\/index.php\/wp-json\/wp\/v2\/users\/2"}],"replies":[{"embeddable":true,"href":"https:\/\/defensoriaparana.com.ar\/index.php\/wp-json\/wp\/v2\/comments?post=2633"}],"version-history":[{"count":1,"href":"https:\/\/defensoriaparana.com.ar\/index.php\/wp-json\/wp\/v2\/posts\/2633\/revisions"}],"predecessor-version":[{"id":2635,"href":"https:\/\/defensoriaparana.com.ar\/index.php\/wp-json\/wp\/v2\/posts\/2633\/revisions\/2635"}],"wp:featuredmedia":[{"embeddable":true,"href":"https:\/\/defensoriaparana.com.ar\/index.php\/wp-json\/wp\/v2\/media\/2634"}],"wp:attachment":[{"href":"https:\/\/defensoriaparana.com.ar\/index.php\/wp-json\/wp\/v2\/media?parent=2633"}],"wp:term":[{"taxonomy":"category","embeddable":true,"href":"https:\/\/defensoriaparana.com.ar\/index.php\/wp-json\/wp\/v2\/categories?post=2633"},{"taxonomy":"post_tag","embeddable":true,"href":"https:\/\/defensoriaparana.com.ar\/index.php\/wp-json\/wp\/v2\/tags?post=2633"}],"curies":[{"name":"wp","href":"https:\/\/api.w.org\/{rel}","templated":true}]}}