{"id":2648,"date":"2022-06-23T22:23:35","date_gmt":"2022-06-23T22:23:35","guid":{"rendered":"http:\/\/defensoriaparana.com.ar\/?p=2648"},"modified":"2022-07-28T22:26:39","modified_gmt":"2022-07-28T22:26:39","slug":"la-defensoria-del-pueblo-estuvo-en-el-barrio-los-gobernadores","status":"publish","type":"post","link":"https:\/\/defensoriaparana.com.ar\/index.php\/2022\/06\/23\/la-defensoria-del-pueblo-estuvo-en-el-barrio-los-gobernadores\/","title":{"rendered":"La Defensor\u00eda del Pueblo estuvo en el barrio Los Gobernadores"},"content":{"rendered":"<div>\n<div class=\"\" dir=\"auto\">\n<div id=\"jsc_c_1f7\" class=\"ecm0bbzt hv4rvrfc ihqw7lf3 dati1w0a\" data-ad-comet-preview=\"message\" data-ad-preview=\"message\">\n<div class=\"j83agx80 cbu4d94t ew0dbk1b irj2b8pg\">\n<div class=\"qzhwtbm6 knvmm38d\">\n<div class=\"kvgmc6g5 cxmmr5t8 oygrvhab hcukyx3x c1et5uql ii04i59q\">\n<div dir=\"auto\"><\/div>\n<div dir=\"auto\">La jornada de atenci\u00f3n a la comunidad que se realiza de manera semanal desde el a\u00f1o pasado, se desarroll\u00f3 este jueves en el barrio Los Gobernadores de Paran\u00e1.<\/div>\n<div dir=\"auto\"><\/div>\n<div dir=\"auto\">La Defensor\u00eda del Pueblo, junto a \u00e1reas municipales, provinciales y nacionales, se instal\u00f3 en las inmediaciones de la Plaza Alemania, ubicada en las calles Gobernador Antelo y Basavilbaso.<\/div>\n<div dir=\"auto\">Ante la ma\u00f1ana helada, las \u00e1reas se ubicaron en el sal\u00f3n de la comisi\u00f3n vecinal, hasta donde llegaron vecinos de la zona sureste de la ciudad.<\/div>\n<div dir=\"auto\">A trav\u00e9s de la oficina m\u00f3vil, la Defensor\u00eda brinda asesoramiento e informaci\u00f3n, atiende consultas, reclamos, solicitudes de mediaci\u00f3n y cuestiones referidas a derechos de la personas mayores, entre otras. Personal de la instituci\u00f3n y las Defensoras del Pueblo est\u00e1n a cargo de la recepci\u00f3n y atenci\u00f3n de las dudas, pedidos de informaci\u00f3n y reclamos referidos a una variedad de temas.<\/div>\n<div dir=\"auto\">De la jornada participan tambi\u00e9n oficinas de Defensa del Consumidor, Anses, Pami, tarjeta Sube, Progresar, Programa Acompa\u00f1ar, Ministerio de Desarrollo Social, Oficina de Empleo, Subsecretar\u00eda de Integraci\u00f3n Socio Urbana (Programa Mi pieza), Centro de Acceso a la Justicia (CAJ), Departamental de Escuelas, Instituto Becario y Plan Nacional Primera Infancia, entre otras.<\/div>\n<\/div>\n<\/div>\n<\/div>\n<\/div>\n<\/div>\n<div id=\"jsc_c_1f8\" class=\"l9j0dhe7\">\n<div class=\"l9j0dhe7\">\n<div>\n<div class=\"bp9cbjyn cwj9ozl2 j83agx80 cbu4d94t ni8dbmo4 stjgntxs l9j0dhe7 k4urcfbm\">\n<div>\n<div class=\"do00u71z ni8dbmo4 stjgntxs l9j0dhe7\">\n<div class=\"pmk7jnqg kr520xx4\"><img loading=\"lazy\" class=\"i09qtzwb n7fi1qx3 datstx6m pmk7jnqg j9ispegn kr520xx4 k4urcfbm bixrwtb6\" src=\"https:\/\/scontent.fros2-2.fna.fbcdn.net\/v\/t39.30808-6\/289589259_2229556677198578_5807233981210003539_n.jpg?stp=dst-jpg_p180x540&amp;_nc_cat=109&amp;ccb=1-7&amp;_nc_sid=a26aad&amp;_nc_ohc=G0MXagrL4rQAX8QlOch&amp;_nc_ht=scontent.fros2-2.fna&amp;oh=00_AT8Jd5-mhcnuggGbQVj0BC9ukAFBKUOZf0gOuU68ObgxsQ&amp;oe=62E868DF\" alt=\"Puede ser una imagen de 3 personas y personas sentadas\" width=\"456\" height=\"348\" \/><\/div>\n<\/div>\n<\/div>\n<\/div>\n<div class=\"linmgsc8 opwvks06 i09qtzwb n7fi1qx3 hzruof5a pmk7jnqg j9ispegn kr520xx4\"><\/div>\n<div class=\"n00je7tq arfg74bv qs9ysxi8 k77z8yql i09qtzwb n7fi1qx3 b5wmifdl hzruof5a pmk7jnqg j9ispegn kr520xx4 c5ndavph art1omkt ot9fgl3s\" data-visualcompletion=\"ignore\"><\/div>\n<\/div>\n<\/div>\n<\/div>\n<\/div>\n<div>\n<div class=\"stjgntxs ni8dbmo4 l82x9zwi uo3d90p7 h905i5nu monazrh9\" data-visualcompletion=\"ignore-dynamic\">\n<div>\n<div>\n<div>\n<div class=\"l9j0dhe7\">\n<div class=\"bp9cbjyn m9osqain j83agx80 jq4qci2q bkfpd7mw a3bd9o3v kvgmc6g5 wkznzc2l oygrvhab dhix69tm jktsbyx5 rz4wbd8a osnr6wyh a8nywdso s1tcr66n\">\n<div class=\"kb5gq1qc pfnyh3mw c0wkt4kp\"><\/div>\n<\/div>\n<\/div>\n<\/div>\n<\/div>\n<\/div>\n<\/div>\n<\/div>\n","protected":false},"excerpt":{"rendered":"<p>La jornada de atenci\u00f3n a la comunidad que se realiza de manera semanal desde el a\u00f1o pasado, se desarroll\u00f3 este jueves en el barrio Los Gobernadores de Paran\u00e1. La Defensor\u00eda del Pueblo, junto a \u00e1reas municipales, provinciales y nacionales, se instal\u00f3 en las inmediaciones de la Plaza Alemania, ubicada en las calles Gobernador Antelo y [&hellip;]<\/p>\n","protected":false},"author":2,"featured_media":2649,"comment_status":"open","ping_status":"open","sticky":false,"template":"","format":"standard","meta":{"om_disable_all_campaigns":false,"_monsterinsights_skip_tracking":false,"_monsterinsights_sitenote_active":false,"_monsterinsights_sitenote_note":"","_monsterinsights_sitenote_category":0},"categories":[1],"tags":[],"_links":{"self":[{"href":"https:\/\/defensoriaparana.com.ar\/index.php\/wp-json\/wp\/v2\/posts\/2648"}],"collection":[{"href":"https:\/\/defensoriaparana.com.ar\/index.php\/wp-json\/wp\/v2\/posts"}],"about":[{"href":"https:\/\/defensoriaparana.com.ar\/index.php\/wp-json\/wp\/v2\/types\/post"}],"author":[{"embeddable":true,"href":"https:\/\/defensoriaparana.com.ar\/index.php\/wp-json\/wp\/v2\/users\/2"}],"replies":[{"embeddable":true,"href":"https:\/\/defensoriaparana.com.ar\/index.php\/wp-json\/wp\/v2\/comments?post=2648"}],"version-history":[{"count":1,"href":"https:\/\/defensoriaparana.com.ar\/index.php\/wp-json\/wp\/v2\/posts\/2648\/revisions"}],"predecessor-version":[{"id":2650,"href":"https:\/\/defensoriaparana.com.ar\/index.php\/wp-json\/wp\/v2\/posts\/2648\/revisions\/2650"}],"wp:featuredmedia":[{"embeddable":true,"href":"https:\/\/defensoriaparana.com.ar\/index.php\/wp-json\/wp\/v2\/media\/2649"}],"wp:attachment":[{"href":"https:\/\/defensoriaparana.com.ar\/index.php\/wp-json\/wp\/v2\/media?parent=2648"}],"wp:term":[{"taxonomy":"category","embeddable":true,"href":"https:\/\/defensoriaparana.com.ar\/index.php\/wp-json\/wp\/v2\/categories?post=2648"},{"taxonomy":"post_tag","embeddable":true,"href":"https:\/\/defensoriaparana.com.ar\/index.php\/wp-json\/wp\/v2\/tags?post=2648"}],"curies":[{"name":"wp","href":"https:\/\/api.w.org\/{rel}","templated":true}]}}