{"id":2651,"date":"2022-06-21T22:29:40","date_gmt":"2022-06-21T22:29:40","guid":{"rendered":"http:\/\/defensoriaparana.com.ar\/?p=2651"},"modified":"2022-07-28T22:30:42","modified_gmt":"2022-07-28T22:30:42","slug":"la-defensoria-del-pueblo-celebro-el-primer-ano-de-la-nueva-sede","status":"publish","type":"post","link":"https:\/\/defensoriaparana.com.ar\/index.php\/2022\/06\/21\/la-defensoria-del-pueblo-celebro-el-primer-ano-de-la-nueva-sede\/","title":{"rendered":"La Defensor\u00eda del Pueblo celebr\u00f3 el primer a\u00f1o de la nueva sede"},"content":{"rendered":"<div>\n<div class=\"\" dir=\"auto\">\n<div id=\"jsc_c_1fq\" class=\"ecm0bbzt hv4rvrfc ihqw7lf3 dati1w0a\" data-ad-comet-preview=\"message\" data-ad-preview=\"message\">\n<div class=\"j83agx80 cbu4d94t ew0dbk1b irj2b8pg\">\n<div class=\"qzhwtbm6 knvmm38d\">\n<div dir=\"auto\"><\/div>\n<div class=\"cxmmr5t8 oygrvhab hcukyx3x c1et5uql o9v6fnle ii04i59q\">\n<div dir=\"auto\">El equipo de la Defensor\u00eda del Pueblo de la Ciudad de Paran\u00e1 celebr\u00f3 este martes, en una reuni\u00f3n de trabajo, el primer a\u00f1o del funcionamiento de la nueva casa de la instituci\u00f3n.<\/div>\n<div dir=\"auto\">Trabajadores y Defensoras del Pueblo se reunieron a primera hora de la jornada con el fin de realizar un reconocimiento y balance del traslado de la instituci\u00f3n -que funcion\u00f3 desde su creaci\u00f3n en 2003 hasta el a\u00f1o pasado en calle Monte Caseros 159- a la nueva casa ubicada en H. Yrigoyen 236.<\/div>\n<\/div>\n<div class=\"cxmmr5t8 oygrvhab hcukyx3x c1et5uql o9v6fnle ii04i59q\">\n<div dir=\"auto\">La posibilidad de ofrecer a la ciudadan\u00eda un espacio edilicio en condiciones de accesibilidad para la totalidad de las personas fue un anhelo expresado por las Defensoras del Pueblo, Marcia L\u00f3pez y Cecilia Pautaso (Adjunta), en los proyectos que ambas presentaron para la instituci\u00f3n ante el Concejo Deliberante con motivo de la elecci\u00f3n de las nuevas autoridades de la Defensor\u00eda, proceso que se desarroll\u00f3 durante 2020.<\/div>\n<\/div>\n<div class=\"cxmmr5t8 oygrvhab hcukyx3x c1et5uql o9v6fnle ii04i59q\">\n<div dir=\"auto\">Cabe recordar, que la sede anterior de la instituci\u00f3n (en calle Monte Caseros 159) ten\u00eda un escollo importante a la hora de acceder a las oficinas: una escalera larga y empinada que, en ocasiones, consist\u00eda en un obst\u00e1culo insalvable para personas con dificultades de movilidad o mayores.<\/div>\n<div dir=\"auto\">Por ello, se reafirm\u00f3 que el cambio fue un logro, un avance, que permite acercar la Defensor\u00eda a los vecinos, promoviendo que los paranaenses accedan a realizar consultas, reclamos o simplemente a conocer y tomar contacto con una instituci\u00f3n del sistema democr\u00e1tico, cuyo fin es promocionar y salvaguardar los derechos de los ciudadanos.<\/div>\n<div dir=\"auto\">Con ese fin, la Defensor\u00eda tambi\u00e9n se traslada a distintos puntos de la ciudad, a trav\u00e9s de su oficina m\u00f3vil. Todas las semanas, participa de la jornada de atenci\u00f3n ciudadana que, junto con otras \u00e1reas de los Estados municipal, provincial y nacional, se realiza en distintos barrios de la ciudad.<\/div>\n<div dir=\"auto\">Sobre este tema y otros tantos del trabajo habitual de la instituci\u00f3n se convers\u00f3 en la reuni\u00f3n, en conmemoraci\u00f3n de un hecho fundamental para la instituci\u00f3n como fue el cambio de sede.<\/div>\n<\/div>\n<\/div>\n<\/div>\n<\/div>\n<\/div>\n<div id=\"jsc_c_1fr\" class=\"l9j0dhe7\">\n<div class=\"l9j0dhe7\">\n<div>\n<div>\n<div class=\"l9j0dhe7\">\n<div class=\"l9j0dhe7\">\n<div class=\"ni8dbmo4 stjgntxs pmk7jnqg\">\n<div class=\"stjgntxs ni8dbmo4\">\n<div class=\"do00u71z ni8dbmo4 stjgntxs l9j0dhe7\">\n<div class=\"pmk7jnqg kr520xx4\"><img loading=\"lazy\" class=\"i09qtzwb n7fi1qx3 datstx6m pmk7jnqg j9ispegn kr520xx4 k4urcfbm\" src=\"https:\/\/scontent.fros2-2.fna.fbcdn.net\/v\/t39.30808-6\/289086223_2228046987349547_6963476238096465824_n.jpg?_nc_cat=106&amp;ccb=1-7&amp;_nc_sid=730e14&amp;_nc_ohc=_XXpY0g2ibYAX8A4cBN&amp;_nc_ht=scontent.fros2-2.fna&amp;oh=00_AT-wu9ddQityCNAG2UFb_SDMyUgW0GtHHYB-B4utzzNfGQ&amp;oe=62E72692\" alt=\"\" width=\"374\" height=\"437\" \/><\/div>\n<\/div>\n<div class=\"kr520xx4 j9ispegn pmk7jnqg hzruof5a n7fi1qx3 rq0escxv i09qtzwb opwvks06 linmgsc8\"><\/div>\n<\/div>\n<div class=\"n00je7tq arfg74bv qs9ysxi8 k77z8yql i09qtzwb n7fi1qx3 b5wmifdl hzruof5a pmk7jnqg j9ispegn kr520xx4 c5ndavph art1omkt ot9fgl3s\" data-visualcompletion=\"ignore\"><\/div>\n<\/div>\n<div class=\"ni8dbmo4 stjgntxs pmk7jnqg\">\n<div class=\"stjgntxs ni8dbmo4\">\n<div class=\"do00u71z ni8dbmo4 stjgntxs l9j0dhe7\">\n<div class=\"pmk7jnqg kr520xx4\"><img loading=\"lazy\" class=\"i09qtzwb n7fi1qx3 datstx6m pmk7jnqg j9ispegn kr520xx4 k4urcfbm\" src=\"https:\/\/scontent.fros2-1.fna.fbcdn.net\/v\/t39.30808-6\/288329737_2228050834015829_4268271860103414843_n.jpg?stp=dst-jpg_s600x600&amp;_nc_cat=102&amp;ccb=1-7&amp;_nc_sid=730e14&amp;_nc_ohc=rUKBUFT51swAX_K5MLH&amp;_nc_ht=scontent.fros2-1.fna&amp;oh=00_AT-w-evuOw1V_fChiDTzVqPPN1YSeq_4eLstbDVLpSz8WQ&amp;oe=62E72089\" alt=\"\" width=\"479\" height=\"359\" \/><\/div>\n<\/div>\n<div class=\"kr520xx4 j9ispegn pmk7jnqg hzruof5a n7fi1qx3 rq0escxv i09qtzwb opwvks06 linmgsc8\"><\/div>\n<\/div>\n<div class=\"n00je7tq arfg74bv qs9ysxi8 k77z8yql i09qtzwb n7fi1qx3 b5wmifdl hzruof5a pmk7jnqg j9ispegn kr520xx4 c5ndavph art1omkt ot9fgl3s\" data-visualcompletion=\"ignore\"><\/div>\n<\/div>\n<div class=\"ni8dbmo4 stjgntxs pmk7jnqg\">\n<div class=\"stjgntxs ni8dbmo4\">\n<div class=\"do00u71z ni8dbmo4 stjgntxs l9j0dhe7\">\n<div class=\"pmk7jnqg kr520xx4\"><img loading=\"lazy\" class=\"i09qtzwb n7fi1qx3 datstx6m pmk7jnqg j9ispegn kr520xx4 k4urcfbm\" src=\"https:\/\/scontent.fros2-1.fna.fbcdn.net\/v\/t39.30808-6\/288596091_2228051267349119_5008025045954591491_n.jpg?stp=dst-jpg_s600x600&amp;_nc_cat=102&amp;ccb=1-7&amp;_nc_sid=730e14&amp;_nc_ohc=4dH5RWB5-3YAX-qis9m&amp;tn=RCGu9Z8jobJv-7SP&amp;_nc_ht=scontent.fros2-1.fna&amp;oh=00_AT_sMgGC8R6KWO7RHTstZQc2MqrENT5A6WdIr2xkT3sDOQ&amp;oe=62E7DCFA\" alt=\"\" width=\"507\" height=\"380\" \/><\/div>\n<\/div>\n<div class=\"kr520xx4 j9ispegn pmk7jnqg hzruof5a n7fi1qx3 rq0escxv i09qtzwb opwvks06 linmgsc8\"><\/div>\n<\/div>\n<div class=\"n00je7tq arfg74bv qs9ysxi8 k77z8yql i09qtzwb n7fi1qx3 b5wmifdl hzruof5a pmk7jnqg j9ispegn kr520xx4 c5ndavph art1omkt ot9fgl3s\" data-visualcompletion=\"ignore\"><\/div>\n<\/div>\n<div class=\"ni8dbmo4 stjgntxs pmk7jnqg\">\n<div class=\"stjgntxs ni8dbmo4\">\n<div class=\"do00u71z ni8dbmo4 stjgntxs l9j0dhe7\">\n<div class=\"pmk7jnqg kr520xx4\"><img loading=\"lazy\" class=\"i09qtzwb n7fi1qx3 datstx6m pmk7jnqg j9ispegn kr520xx4 k4urcfbm\" src=\"https:\/\/scontent.fros2-1.fna.fbcdn.net\/v\/t39.30808-6\/289605895_2228051454015767_8269738652841758313_n.jpg?stp=dst-jpg_s600x600&amp;_nc_cat=104&amp;ccb=1-7&amp;_nc_sid=730e14&amp;_nc_ohc=I_Y7GyomVoUAX9aFjPD&amp;_nc_ht=scontent.fros2-1.fna&amp;oh=00_AT-GjnDVYPCK1o7btiRl-tCw2hLia3C96r2JPgaBG3P4SQ&amp;oe=62E7D3A4\" alt=\"\" width=\"492\" height=\"369\" \/><\/div>\n<\/div>\n<div class=\"kr520xx4 j9ispegn pmk7jnqg hzruof5a n7fi1qx3 rq0escxv i09qtzwb opwvks06 linmgsc8\"><\/div>\n<\/div>\n<div class=\"n00je7tq arfg74bv qs9ysxi8 k77z8yql i09qtzwb n7fi1qx3 b5wmifdl hzruof5a pmk7jnqg j9ispegn kr520xx4 c5ndavph art1omkt ot9fgl3s\" data-visualcompletion=\"ignore\"><\/div>\n<\/div>\n<\/div>\n<\/div>\n<\/div>\n<\/div>\n<\/div>\n<\/div>\n<\/div>\n<div>\n<div class=\"stjgntxs ni8dbmo4 l82x9zwi uo3d90p7 h905i5nu monazrh9\" data-visualcompletion=\"ignore-dynamic\">\n<div>\n<div>\n<div>\n<div class=\"l9j0dhe7\">\n<div class=\"bp9cbjyn m9osqain j83agx80 jq4qci2q bkfpd7mw a3bd9o3v kvgmc6g5 wkznzc2l oygrvhab dhix69tm jktsbyx5 rz4wbd8a osnr6wyh a8nywdso s1tcr66n\">\n<div class=\"bp9cbjyn j83agx80 buofh1pr ni8dbmo4 stjgntxs\">\n<div class=\"oajrlxb2 gs1a9yip g5ia77u1 mtkw9kbi tlpljxtp qensuy8j ppp5ayq2 goun2846 ccm00jje s44p3ltw mk2mc5f4 rt8b4zig n8ej3o3l agehan2d sk4xxmp2 rq0escxv nhd2j8a9 mg4g778l pfnyh3mw p7hjln8o kvgmc6g5 cxmmr5t8 oygrvhab hcukyx3x tgvbjcpo hpfvmrgz jb3vyjys rz4wbd8a qt6c0cv9 a8nywdso l9j0dhe7 i1ao9s8h esuyzwwr f1sip0of du4w35lb n00je7tq arfg74bv qs9ysxi8 k77z8yql pq6dq46d btwxx1t3 abiwlrkh p8dawk7l lzcic4wl\" tabindex=\"0\" role=\"button\" aria-label=\"Me gusta: 21 personas\"><\/div>\n<\/div>\n<\/div>\n<\/div>\n<\/div>\n<\/div>\n<div class=\"cwj9ozl2 tvmbv18p\"><\/div>\n<\/div>\n<\/div>\n<\/div>\n","protected":false},"excerpt":{"rendered":"<p>El equipo de la Defensor\u00eda del Pueblo de la Ciudad de Paran\u00e1 celebr\u00f3 este martes, en una reuni\u00f3n de trabajo, el primer a\u00f1o del funcionamiento de la nueva casa de la instituci\u00f3n. Trabajadores y Defensoras del Pueblo se reunieron a primera hora de la jornada con el fin de realizar un reconocimiento y balance del [&hellip;]<\/p>\n","protected":false},"author":2,"featured_media":2652,"comment_status":"open","ping_status":"open","sticky":false,"template":"","format":"standard","meta":{"om_disable_all_campaigns":false,"_monsterinsights_skip_tracking":false,"_monsterinsights_sitenote_active":false,"_monsterinsights_sitenote_note":"","_monsterinsights_sitenote_category":0},"categories":[1],"tags":[],"_links":{"self":[{"href":"https:\/\/defensoriaparana.com.ar\/index.php\/wp-json\/wp\/v2\/posts\/2651"}],"collection":[{"href":"https:\/\/defensoriaparana.com.ar\/index.php\/wp-json\/wp\/v2\/posts"}],"about":[{"href":"https:\/\/defensoriaparana.com.ar\/index.php\/wp-json\/wp\/v2\/types\/post"}],"author":[{"embeddable":true,"href":"https:\/\/defensoriaparana.com.ar\/index.php\/wp-json\/wp\/v2\/users\/2"}],"replies":[{"embeddable":true,"href":"https:\/\/defensoriaparana.com.ar\/index.php\/wp-json\/wp\/v2\/comments?post=2651"}],"version-history":[{"count":1,"href":"https:\/\/defensoriaparana.com.ar\/index.php\/wp-json\/wp\/v2\/posts\/2651\/revisions"}],"predecessor-version":[{"id":2653,"href":"https:\/\/defensoriaparana.com.ar\/index.php\/wp-json\/wp\/v2\/posts\/2651\/revisions\/2653"}],"wp:featuredmedia":[{"embeddable":true,"href":"https:\/\/defensoriaparana.com.ar\/index.php\/wp-json\/wp\/v2\/media\/2652"}],"wp:attachment":[{"href":"https:\/\/defensoriaparana.com.ar\/index.php\/wp-json\/wp\/v2\/media?parent=2651"}],"wp:term":[{"taxonomy":"category","embeddable":true,"href":"https:\/\/defensoriaparana.com.ar\/index.php\/wp-json\/wp\/v2\/categories?post=2651"},{"taxonomy":"post_tag","embeddable":true,"href":"https:\/\/defensoriaparana.com.ar\/index.php\/wp-json\/wp\/v2\/tags?post=2651"}],"curies":[{"name":"wp","href":"https:\/\/api.w.org\/{rel}","templated":true}]}}