{"id":2663,"date":"2022-06-16T22:43:53","date_gmt":"2022-06-16T22:43:53","guid":{"rendered":"http:\/\/defensoriaparana.com.ar\/?p=2663"},"modified":"2022-07-28T22:46:31","modified_gmt":"2022-07-28T22:46:31","slug":"la-oficina-movil-de-la-defensoria-atendio-consultas-en-la-zona-del-parque-industrial","status":"publish","type":"post","link":"https:\/\/defensoriaparana.com.ar\/index.php\/2022\/06\/16\/la-oficina-movil-de-la-defensoria-atendio-consultas-en-la-zona-del-parque-industrial\/","title":{"rendered":"La oficina m\u00f3vil de la Defensor\u00eda atendi\u00f3 consultas en la zona del Parque Industrial"},"content":{"rendered":"<div>\n<div class=\"\" dir=\"auto\">\n<div id=\"jsc_c_256\" class=\"ecm0bbzt hv4rvrfc ihqw7lf3 dati1w0a\" data-ad-comet-preview=\"message\" data-ad-preview=\"message\">\n<div class=\"j83agx80 cbu4d94t ew0dbk1b irj2b8pg\">\n<div class=\"qzhwtbm6 knvmm38d\">\n<div class=\"kvgmc6g5 cxmmr5t8 oygrvhab hcukyx3x c1et5uql ii04i59q\">\n<div dir=\"auto\"><\/div>\n<div dir=\"auto\">La Defensor\u00eda del Pueblo de la Ciudad de Paran\u00e1 atendi\u00f3 este jueves consultas y reclamos en el Centro de Formaci\u00f3n, Innovaci\u00f3n y Servicios del Parque Industrial, ubicado en las calles Antonio Salellas y Hernandarias.<\/div>\n<\/div>\n<div class=\"cxmmr5t8 oygrvhab hcukyx3x c1et5uql o9v6fnle ii04i59q\">\n<div dir=\"auto\">La actividad se desarroll\u00f3 en conjunto con \u00e1reas municipales, provinciales y nacionales que participan de las jornadas de atenci\u00f3n comunitaria que se realizan en forma semanal en distintos puntos de la ciudad.<\/div>\n<div dir=\"auto\">La oficina m\u00f3vil de la Defensor\u00eda atendi\u00f3 a vecinos de la zona que se acercaron hasta el lugar: la mayor\u00eda de las consultas se refirieron a pedidos de exenci\u00f3n del sellado para acceder al Documento Nacional de Identidad (DNI), una constancia que emite la Defensor\u00eda en el marco de un acuerdo con el Registro Civil de la provincia a la personas carentes de recursos.<\/div>\n<div dir=\"auto\">De la jornada de atenci\u00f3n, participan tambi\u00e9n oficinas de Defensa del Consumidor, Progresar, Programa Acompa\u00f1ar, Oficina de Empleo, Pami, Subsecretar\u00eda de Integraci\u00f3n Socio Urbana (Programa Mi pieza), Centro de Acceso a la Justicia (CAJ), Departamental de Escuelas, Instituto Becario y Plan Nacional Primera Infancia, entre otras.<\/div>\n<div dir=\"auto\">En la oficina m\u00f3vil, la Defensor\u00eda brinda asesoramiento e informaci\u00f3n, atienden consultas, reclamos, solicitudes de mediaci\u00f3n y cuestiones referidas a derechos de la personas mayores, entre otras.<\/div>\n<div dir=\"auto\">La salida a los barrios constituye uno de los principales pilares del trabajo de la Defensor\u00eda del Pueblo. A trav\u00e9s del programa \u201cLa Defensor\u00eda al encuentro\u201d de la ciudadan\u00eda, se busca acercar la instituci\u00f3n y facilitar sus servicios a habitantes de distintas zonas de la ciudad.<\/div>\n<\/div>\n<\/div>\n<\/div>\n<\/div>\n<\/div>\n<div id=\"jsc_c_257\" class=\"l9j0dhe7\">\n<div class=\"l9j0dhe7\">\n<div>\n<div>\n<div class=\"l9j0dhe7\">\n<div class=\"l9j0dhe7\">\n<div class=\"ni8dbmo4 stjgntxs pmk7jnqg\">\n<div class=\"stjgntxs ni8dbmo4\">\n<div class=\"do00u71z ni8dbmo4 stjgntxs l9j0dhe7\">\n<div class=\"pmk7jnqg kr520xx4\"><img loading=\"lazy\" class=\"i09qtzwb n7fi1qx3 datstx6m pmk7jnqg j9ispegn kr520xx4 k4urcfbm\" src=\"https:\/\/scontent.fros2-1.fna.fbcdn.net\/v\/t39.30808-6\/288439210_2223805067773739_8485304426004822775_n.jpg?stp=dst-jpg_p600x600&amp;_nc_cat=104&amp;ccb=1-7&amp;_nc_sid=a26aad&amp;_nc_ohc=JcMNTtWgaM8AX-t9TXc&amp;tn=RCGu9Z8jobJv-7SP&amp;_nc_ht=scontent.fros2-1.fna&amp;oh=00_AT8-TGFwmuE9OPe2S8atsRX60-vA8yNdO7JW6b6JsVd7-g&amp;oe=62E89955\" alt=\"\" width=\"358\" height=\"358\" \/><\/div>\n<\/div>\n<div class=\"kr520xx4 j9ispegn pmk7jnqg hzruof5a n7fi1qx3 rq0escxv i09qtzwb opwvks06 linmgsc8\"><\/div>\n<\/div>\n<div class=\"n00je7tq arfg74bv qs9ysxi8 k77z8yql i09qtzwb n7fi1qx3 b5wmifdl hzruof5a pmk7jnqg j9ispegn kr520xx4 c5ndavph art1omkt ot9fgl3s\" data-visualcompletion=\"ignore\"><\/div>\n<\/div>\n<div class=\"ni8dbmo4 stjgntxs pmk7jnqg\">\n<div class=\"stjgntxs ni8dbmo4\">\n<div class=\"do00u71z ni8dbmo4 stjgntxs l9j0dhe7\">\n<div class=\"pmk7jnqg kr520xx4\"><img loading=\"lazy\" class=\"i09qtzwb n7fi1qx3 datstx6m pmk7jnqg j9ispegn kr520xx4 k4urcfbm\" src=\"https:\/\/scontent.fros2-1.fna.fbcdn.net\/v\/t39.30808-6\/288466916_2223805064440406_3988273991442778285_n.jpg?stp=dst-jpg_p600x600&amp;_nc_cat=107&amp;ccb=1-7&amp;_nc_sid=a26aad&amp;_nc_ohc=5xa46ZV1BUYAX8bCKtI&amp;_nc_ht=scontent.fros2-1.fna&amp;oh=00_AT_8mCn05vl2kzbgEH1UvnvIYVro3pXA5QUWnlG-FTWehA&amp;oe=62E7EE92\" alt=\"\" width=\"365\" height=\"365\" \/><\/div>\n<\/div>\n<div class=\"kr520xx4 j9ispegn pmk7jnqg hzruof5a n7fi1qx3 rq0escxv i09qtzwb opwvks06 linmgsc8\"><\/div>\n<\/div>\n<div class=\"n00je7tq arfg74bv qs9ysxi8 k77z8yql i09qtzwb n7fi1qx3 b5wmifdl hzruof5a pmk7jnqg j9ispegn kr520xx4 c5ndavph art1omkt ot9fgl3s\" data-visualcompletion=\"ignore\"><\/div>\n<\/div>\n<\/div>\n<\/div>\n<\/div>\n<\/div>\n<\/div>\n<\/div>\n<\/div>\n<div>\n<div class=\"stjgntxs ni8dbmo4 l82x9zwi uo3d90p7 h905i5nu monazrh9\" data-visualcompletion=\"ignore-dynamic\">\n<div>\n<div>\n<div>\n<div class=\"l9j0dhe7\">\n<div class=\"bp9cbjyn m9osqain j83agx80 jq4qci2q bkfpd7mw a3bd9o3v kvgmc6g5 wkznzc2l oygrvhab dhix69tm jktsbyx5 rz4wbd8a osnr6wyh a8nywdso s1tcr66n\">\n<div class=\"bp9cbjyn j83agx80 buofh1pr ni8dbmo4 stjgntxs\">\n<div class=\"\">\n<div class=\"oajrlxb2 g5ia77u1 qu0x051f esr5mh6w e9989ue4 r7d6kgcz rq0escxv nhd2j8a9 p7hjln8o kvgmc6g5 cxmmr5t8 oygrvhab hcukyx3x jb3vyjys rz4wbd8a qt6c0cv9 a8nywdso i1ao9s8h esuyzwwr f1sip0of n00je7tq arfg74bv qs9ysxi8 k77z8yql l9j0dhe7 abiwlrkh p8dawk7l lzcic4wl gmql0nx0 ce9h75a5 ni8dbmo4 stjgntxs tkr6xdv7 a8c37x1j\" tabindex=\"0\" role=\"button\"><\/div>\n<\/div>\n<\/div>\n<div class=\"kb5gq1qc pfnyh3mw c0wkt4kp\"><\/div>\n<\/div>\n<\/div>\n<\/div>\n<\/div>\n<\/div>\n<\/div>\n<\/div>\n","protected":false},"excerpt":{"rendered":"<p>La Defensor\u00eda del Pueblo de la Ciudad de Paran\u00e1 atendi\u00f3 este jueves consultas y reclamos en el Centro de Formaci\u00f3n, Innovaci\u00f3n y Servicios del Parque Industrial, ubicado en las calles Antonio Salellas y Hernandarias. La actividad se desarroll\u00f3 en conjunto con \u00e1reas municipales, provinciales y nacionales que participan de las jornadas de atenci\u00f3n comunitaria que [&hellip;]<\/p>\n","protected":false},"author":2,"featured_media":2664,"comment_status":"open","ping_status":"open","sticky":false,"template":"","format":"standard","meta":{"om_disable_all_campaigns":false,"_monsterinsights_skip_tracking":false,"_monsterinsights_sitenote_active":false,"_monsterinsights_sitenote_note":"","_monsterinsights_sitenote_category":0},"categories":[1],"tags":[],"_links":{"self":[{"href":"https:\/\/defensoriaparana.com.ar\/index.php\/wp-json\/wp\/v2\/posts\/2663"}],"collection":[{"href":"https:\/\/defensoriaparana.com.ar\/index.php\/wp-json\/wp\/v2\/posts"}],"about":[{"href":"https:\/\/defensoriaparana.com.ar\/index.php\/wp-json\/wp\/v2\/types\/post"}],"author":[{"embeddable":true,"href":"https:\/\/defensoriaparana.com.ar\/index.php\/wp-json\/wp\/v2\/users\/2"}],"replies":[{"embeddable":true,"href":"https:\/\/defensoriaparana.com.ar\/index.php\/wp-json\/wp\/v2\/comments?post=2663"}],"version-history":[{"count":1,"href":"https:\/\/defensoriaparana.com.ar\/index.php\/wp-json\/wp\/v2\/posts\/2663\/revisions"}],"predecessor-version":[{"id":2665,"href":"https:\/\/defensoriaparana.com.ar\/index.php\/wp-json\/wp\/v2\/posts\/2663\/revisions\/2665"}],"wp:featuredmedia":[{"embeddable":true,"href":"https:\/\/defensoriaparana.com.ar\/index.php\/wp-json\/wp\/v2\/media\/2664"}],"wp:attachment":[{"href":"https:\/\/defensoriaparana.com.ar\/index.php\/wp-json\/wp\/v2\/media?parent=2663"}],"wp:term":[{"taxonomy":"category","embeddable":true,"href":"https:\/\/defensoriaparana.com.ar\/index.php\/wp-json\/wp\/v2\/categories?post=2663"},{"taxonomy":"post_tag","embeddable":true,"href":"https:\/\/defensoriaparana.com.ar\/index.php\/wp-json\/wp\/v2\/tags?post=2663"}],"curies":[{"name":"wp","href":"https:\/\/api.w.org\/{rel}","templated":true}]}}