{"id":2699,"date":"2022-07-30T12:28:34","date_gmt":"2022-07-30T12:28:34","guid":{"rendered":"http:\/\/defensoriaparana.com.ar\/?p=2699"},"modified":"2022-07-30T12:29:43","modified_gmt":"2022-07-30T12:29:43","slug":"espacios-para-estacionar-en-la-costanera-con-prioridad-para-adultos-mayores-personas-con-discapacidad-y-embarazas","status":"publish","type":"post","link":"https:\/\/defensoriaparana.com.ar\/index.php\/2022\/07\/30\/espacios-para-estacionar-en-la-costanera-con-prioridad-para-adultos-mayores-personas-con-discapacidad-y-embarazas\/","title":{"rendered":"Espacios para estacionar en la Costanera con prioridad para adultos mayores, personas con discapacidad y embarazas"},"content":{"rendered":"<p>&nbsp;<\/p>\n<p>La Defensor\u00eda de los Derechos de las Personas Mayores, de la Defensor\u00eda del Pueblo de la Ciudad de Paran\u00e1, brega para que se difunda, se mantenga la se\u00f1alizaci\u00f3n correspondiente y se respete la accesibilidad de estacionamientos exclusivos en el Parque Urquiza para adultos mayores, personas con discapacidad y embarazadas.<\/p>\n<p>La Defensor\u00eda de los Derechos de las Personas Mayores participa del impulso de la campa\u00f1a municipal Nos respetamos, con el fin de que se garanticen derechos ciudadanos.<\/p>\n<p>Ante las restricciones de estacionamiento a lo largo del tramo principal de la Costanera debido a la instrumentaci\u00f3n del sistema de bicisendas en 2021, la Defensora de los Derechos de las Personas Mayores, Ligia Blanco, inici\u00f3 gestiones ante el Municipio para que se difundan y se se\u00f1alicen debidamente lugares accesibles con prioridad para personas mayores, con discapacidad y embarazas.<\/p>\n<p>La iniciativa surgi\u00f3 de la Mesa de Pol\u00edticas P\u00fablicas Municipales sobre Personas Mayores, \u00e1mbito que coordina la Defensora Blanco y que re\u00fane a referentes de instituciones y organizaciones de la ciudad que trabajan en tem\u00e1ticas referidas a esta franja etaria.<\/p>\n<p>El pedido fue elevado por la Defensora en marzo de este a\u00f1o, mediante una nota, a la Secretar\u00eda de Planeamiento y Desarrollo Territorial del Municipio. En la oportunidad, la Defensora recalc\u00f3 que la inquietud surgida en la Mesa fue consensuada por los miembros participantes con el fin de que \u201cse garantice el derecho a la recreaci\u00f3n, al esparcimiento y al deporte, expresado en la Ley Nacional N 27.360\u201d. Para finalizar, la nota consigna que \u201cse solicita que dicha petici\u00f3n se realice con el objetivo de que la Costanera sea accesible en cuanto a circulaci\u00f3n y permanencia en la misma\u201d.<\/p>\n<p>Los estacionamientos, seg\u00fan inform\u00f3 la Municipalidad, est\u00e1n ubicados en calles de acceso a la Costanera y \u00a0est\u00e1n destinados -exclusivamente y por ley- a personas con discapacidad, embarazadas y adultos mayores.<\/p>\n<p>La ubicaci\u00f3n de dichos espacios es en las siguientes calles: Cuesta de Izaguirre, Acuerdo de San Nicol\u00e1s, Gregoria Matorras de San Mart\u00edn, H\u00e9roes y M\u00e1rtires del 9 de junio de 1955, Plaza Le Petit Pisant, D\u00e1rsena Rowing y Puerto Nuevo Presidente Dr. Ra\u00fal Alfons\u00edn.<\/p>\n<p>Desde el Municipio se remarc\u00f3 que la accesibilidad a estos lugares debe respetarse para evitar multas. Las leyes nacionales que amparan estos derechos son, entre otras, la N\u00b0 27360 (Adultos Mayores), N\u00b0 22.431 (Personas con Discapacidad), N\u00b0 24314 (Personas con Movilidad Reducida).<\/p>\n","protected":false},"excerpt":{"rendered":"<p>&nbsp; La Defensor\u00eda de los Derechos de las Personas Mayores, de la Defensor\u00eda del Pueblo de la Ciudad de Paran\u00e1, brega para que se difunda, se mantenga la se\u00f1alizaci\u00f3n correspondiente y se respete la accesibilidad de estacionamientos exclusivos en el Parque Urquiza para adultos mayores, personas con discapacidad y embarazadas. La Defensor\u00eda de los Derechos [&hellip;]<\/p>\n","protected":false},"author":2,"featured_media":2702,"comment_status":"open","ping_status":"open","sticky":false,"template":"","format":"standard","meta":{"om_disable_all_campaigns":false,"_monsterinsights_skip_tracking":false,"_monsterinsights_sitenote_active":false,"_monsterinsights_sitenote_note":"","_monsterinsights_sitenote_category":0},"categories":[1],"tags":[],"_links":{"self":[{"href":"https:\/\/defensoriaparana.com.ar\/index.php\/wp-json\/wp\/v2\/posts\/2699"}],"collection":[{"href":"https:\/\/defensoriaparana.com.ar\/index.php\/wp-json\/wp\/v2\/posts"}],"about":[{"href":"https:\/\/defensoriaparana.com.ar\/index.php\/wp-json\/wp\/v2\/types\/post"}],"author":[{"embeddable":true,"href":"https:\/\/defensoriaparana.com.ar\/index.php\/wp-json\/wp\/v2\/users\/2"}],"replies":[{"embeddable":true,"href":"https:\/\/defensoriaparana.com.ar\/index.php\/wp-json\/wp\/v2\/comments?post=2699"}],"version-history":[{"count":2,"href":"https:\/\/defensoriaparana.com.ar\/index.php\/wp-json\/wp\/v2\/posts\/2699\/revisions"}],"predecessor-version":[{"id":2704,"href":"https:\/\/defensoriaparana.com.ar\/index.php\/wp-json\/wp\/v2\/posts\/2699\/revisions\/2704"}],"wp:featuredmedia":[{"embeddable":true,"href":"https:\/\/defensoriaparana.com.ar\/index.php\/wp-json\/wp\/v2\/media\/2702"}],"wp:attachment":[{"href":"https:\/\/defensoriaparana.com.ar\/index.php\/wp-json\/wp\/v2\/media?parent=2699"}],"wp:term":[{"taxonomy":"category","embeddable":true,"href":"https:\/\/defensoriaparana.com.ar\/index.php\/wp-json\/wp\/v2\/categories?post=2699"},{"taxonomy":"post_tag","embeddable":true,"href":"https:\/\/defensoriaparana.com.ar\/index.php\/wp-json\/wp\/v2\/tags?post=2699"}],"curies":[{"name":"wp","href":"https:\/\/api.w.org\/{rel}","templated":true}]}}