{"id":2705,"date":"2022-06-15T22:16:13","date_gmt":"2022-06-15T22:16:13","guid":{"rendered":"http:\/\/defensoriaparana.com.ar\/?p=2705"},"modified":"2022-07-31T22:19:40","modified_gmt":"2022-07-31T22:19:40","slug":"la-defensora-de-los-derechos-de-las-personas-mayores-se-refirio-a-la-toma-de-conciencia-sobre-el-maltrato-a-la-vejez","status":"publish","type":"post","link":"https:\/\/defensoriaparana.com.ar\/index.php\/2022\/06\/15\/la-defensora-de-los-derechos-de-las-personas-mayores-se-refirio-a-la-toma-de-conciencia-sobre-el-maltrato-a-la-vejez\/","title":{"rendered":"La Defensora de los Derechos de las Personas Mayores se refiri\u00f3 a la toma de conciencia sobre el maltrato a la vejez"},"content":{"rendered":"<div class=\"kvgmc6g5 cxmmr5t8 oygrvhab hcukyx3x c1et5uql ii04i59q\">\n<div dir=\"auto\"><\/div>\n<\/div>\n<div class=\"cxmmr5t8 oygrvhab hcukyx3x c1et5uql o9v6fnle ii04i59q\">\n<div dir=\"auto\">En el D\u00eda Mundial de Toma de Conciencia del Abuso y Maltrato en la Vejez, que se conmemora cada 15 de junio, la Defensora de los Derechos de las Personas Mayores de la Defensor\u00eda del Pueblo de Paran\u00e1, Ligia Blanco, se refiri\u00f3 a la fecha y a las actividades de su \u00e1rea, en una nota en el programa Primera Ma\u00f1ana de LT 14 Radio General Urquiza.<\/div>\n<\/div>\n<div class=\"cxmmr5t8 oygrvhab hcukyx3x c1et5uql o9v6fnle ii04i59q\">\n<div dir=\"auto\"><\/div>\n<div dir=\"auto\">La Defensora indic\u00f3, en el marco de la efem\u00e9ride considerada emblem\u00e1tica, la necesidad de continuar y profundizar el trabajo de concientizaci\u00f3n sobre los derechos de las personas mayores a gozar de una vida de calidad, donde el abuso, el maltrato y el abandono no sean permitidos ni aceptados.<\/div>\n<div dir=\"auto\"><\/div>\n<div dir=\"auto\">Justamente, en las pr\u00e1cticas del buen trato y de la promoci\u00f3n de los derechos ciudadanos se funda la tarea realizada desde la Defensor\u00eda por los Derechos de las Persona Mayores: \u201cEn cada actividad que hacemos o lugar al que nos comunicamos hablamos de los derechos de las personas mayores y tratamos de avanzar para que la gente conozca sus derechos y que no se genere ese prejuicio que hay en torno a la vejez y al envejecimiento. Trabajamos en esos estereotipos que complican la comunicaci\u00f3n y las relaciones\u201d, indic\u00f3 Ligia Blanco.<\/div>\n<div dir=\"auto\"><\/div>\n<div dir=\"auto\">Al respecto, y a modo de ejemplo, mencion\u00f3 las ideas que se imponen en el sistema actual y que reflejan las publicidades, haciendo eje la belleza, juventud, nivel socio econ\u00f3mico, entre otros. Lo que no encaja en esos c\u00e1nones, \u201cpuede sufrir cierta discriminaci\u00f3n\u201d, a\u00f1adi\u00f3. Y mencion\u00f3 que en cada oportunidad que puede, hace hincapi\u00e9 en el rol que, en general, se le otorgan a las personas mayores en la publicidad: suelen ser protagonistas en avisos de farmacias o de enfermedades.<\/div>\n<div dir=\"auto\"><\/div>\n<div dir=\"auto\">\u201cLa idea es que nos pongamos a pensar en eso, a trabajar para cambiarlo. Tratar de reducir los prejuicios, porque la vejez es una etapa, el envejecimiento sucede todos los d\u00edas y la idea es tratar de aceptarlo, as\u00ed como se aceptan las dem\u00e1s etapas de la vida\u201d, apunt\u00f3.<\/div>\n<div dir=\"auto\"><\/div>\n<div dir=\"auto\"><strong>Actividades<\/strong><\/div>\n<div dir=\"auto\"><\/div>\n<div dir=\"auto\">La Defensora Ligia Blanco coment\u00f3 que este a\u00f1o se realizaron charlas para sensibilizar sobre el buen trato a personas mayores destinadas al personal de la Municipalidad de Paran\u00e1. El ciclo de encuentros se desarroll\u00f3 durante abril y mayo, en el marco de un convenio rubricado entre la Defensor\u00eda del Pueblo y la Facultad de Ciencias de la Vida y la Salud (Uader). El trabajo se articul\u00f3 con el Departamento Adultos Mayores de la casa de estudio y el objetivo fue brindar informaci\u00f3n sobre la vejez y el envejecimiento y tratar de proporcionar recursos a las personas que est\u00e1n al frente de la atenci\u00f3n al p\u00fablico, en el caso del Municipio.<\/div>\n<div dir=\"auto\"><\/div>\n<div dir=\"auto\">La Defensora tambi\u00e9n se refiri\u00f3 al trabajo que est\u00e1 realizando en relaci\u00f3n a la elaboraci\u00f3n de Recomendaciones, que es el instrumento mediante el que la Defensor\u00eda puede expedirse formalmente, referidas al buen trato.<\/div>\n<div dir=\"auto\"><\/div>\n<div dir=\"auto\">En cuanto a los temas en general, inform\u00f3 sobre la tarea desarrollada durante la cuarentena decretada por la pandemia, cuyos efectos repercutieron con mayor crudeza en las personas mayores. En ese sentido, mencion\u00f3 que se realizaron \u201cmuch\u00edsimas gestiones\u201d a trav\u00e9s de tel\u00e9fonos fijos, celulares, mails, tratando de acompa\u00f1ar a las personas en las gestiones y tr\u00e1mites que se deb\u00edan realizar de manera virtual, con las exigencias del uso de usuarios y contrase\u00f1as. \u201cNo todos tienen el conocimiento y el manejo de la tecnolog\u00eda y especialmente las personas mayores que se manejaban de otra manera antes de la pandemia\u201d, afirm\u00f3.<\/div>\n<div dir=\"auto\"><\/div>\n<div dir=\"auto\">Seguidamente, inform\u00f3 sobre un reclamo presentado que daba cuenta de la inexistencia de una lista de geri\u00e1tricos y residencias con autorizaci\u00f3n municipal y provincial en Paran\u00e1. Ante el requerimiento, se trabaj\u00f3 desde la Defensor\u00eda en forma conjunta el \u00e1rea de Habilitaciones municipal y a fines de abril se public\u00f3 la lista con 31 establecimientos que tienen la autorizaci\u00f3n municipal, que regula principalmente las condiciones edilicias y de seguridad (rampas, ventanas, matafuegos, espacios adecuados, etc). Y el paso siguiente consiste en la habilitaci\u00f3n desde la provincia, que contrala el servicio en s\u00ed que se brinda.<\/div>\n<div dir=\"auto\"><\/div>\n<div dir=\"auto\">As\u00ed, en la lista aparece la treintena de establecimientos con habilitaciones municipales y una parte con los permisos provinciales en tr\u00e1mite (Acceso a listado <a class=\"oajrlxb2 g5ia77u1 qu0x051f esr5mh6w e9989ue4 r7d6kgcz rq0escxv nhd2j8a9 nc684nl6 p7hjln8o kvgmc6g5 cxmmr5t8 oygrvhab hcukyx3x jb3vyjys rz4wbd8a qt6c0cv9 a8nywdso i1ao9s8h esuyzwwr f1sip0of lzcic4wl gpro0wi8 py34i1dx\" tabindex=\"0\" role=\"link\" href=\"https:\/\/l.facebook.com\/l.php?u=https%3A%2F%2Fmi.parana.gob.ar%2FArchivos%2Fformularios%2FGeri%25C3%25A1tricos%2520habilitados.pdf%3Ffbclid%3DIwAR3bRMP_vsulIliGOGMNFknixawS2-GbpK-U8hwpKgiACNNK3JeuIwi67I0&amp;h=AT2cKCHngiKnAqNMPLjbRHSxoJmpn66Lc39dILdXnzhrvE4tBjc5Ak_heua0NzQqgE6n4e3XWUUw6WAzPCmcrtqNblARB5sFBObPrjzbvwP4PqI7WO6LblM2mdqu1UNr1pEX&amp;__tn__=-UK-R&amp;c[0]=AT3Ceca5JTSmPyPfN_ki9ZO0prU5l84jCxhGdZeMqJZy7cdbyjVmMApUYGsKmwQxao5MdFuuZTxA1AaDwGzLqp7lxb996DaryZaobOmzqUHVDQ3VlP5LXo1t6i14RWD5NTMs5QN6UP5LFbM1gz-4LN_nLM3rOiu6qY2UhbmBlsSyCNipRmh4OMUyQykesAwJsGdOSEiJvA\" target=\"_blank\" rel=\"nofollow noopener\">https:\/\/mi.parana.gob.ar\/&#8230;\/Geri%C3%A1tricos&#8230;<\/a>). Al respecto, la Defensora indic\u00f3 que la n\u00f3mina autorizada ha permitido detectar lugares que estaban funcionando de manera clandestina. Es que en el caso de que un ciudadano constate la existencia de un establecimiento que no est\u00e9 incluido en el listado, podr\u00e1 advertir de la situaci\u00f3n llamando al 147, la l\u00ednea gratuita municipal de atenci\u00f3n al vecino, o comunic\u00e1ndose con la Defensora de los Derechos de las Personas Mayores, Ligia Blanco, al n\u00famero 4202322 o a la l\u00ednea de WhatsApp al 343 5346616, de 8 a 13. Tambi\u00e9n, las personas interesadas pueden enviar un mail a defensoriaparana@gmail.com o dirigirse a la sede de la Defensor\u00eda, en calle H. Yrigoyen 236.<\/div>\n<div dir=\"auto\"><\/div>\n<div dir=\"auto\">Consultada sobre su \u00e1rea, Ligia Blanco explic\u00f3 que se trata de una funci\u00f3n que se denomina Defensor de los Derechos de las Personas Mayores, creada en 2016 por ordenanza en el \u00e1mbito de la Defensor\u00eda del Pueblo de la Ciudad de Paran\u00e1. Blanco es la primera en desempe\u00f1ar la funci\u00f3n, ya que el \u00e1rea se instrument\u00f3 en 2020. Al respecto, remarc\u00f3 que tuvo \u201cel desaf\u00edo de empezar con la funci\u00f3n\u201d en una etapa in\u00e9dita, como fue la de la pandemia y el encierro, y que trabaja en base a una serie de objetivos y proyectos en pos de reafirmar acciones y medidas que resguarden en forma efectiva los derechos de las personas mayores de Paran\u00e1.<\/div>\n<\/div>\n","protected":false},"excerpt":{"rendered":"<p>En el D\u00eda Mundial de Toma de Conciencia del Abuso y Maltrato en la Vejez, que se conmemora cada 15 de junio, la Defensora de los Derechos de las Personas Mayores de la Defensor\u00eda del Pueblo de Paran\u00e1, Ligia Blanco, se refiri\u00f3 a la fecha y a las actividades de su \u00e1rea, en una nota [&hellip;]<\/p>\n","protected":false},"author":2,"featured_media":2706,"comment_status":"open","ping_status":"open","sticky":false,"template":"","format":"standard","meta":{"om_disable_all_campaigns":false,"_monsterinsights_skip_tracking":false,"_monsterinsights_sitenote_active":false,"_monsterinsights_sitenote_note":"","_monsterinsights_sitenote_category":0},"categories":[1],"tags":[],"_links":{"self":[{"href":"https:\/\/defensoriaparana.com.ar\/index.php\/wp-json\/wp\/v2\/posts\/2705"}],"collection":[{"href":"https:\/\/defensoriaparana.com.ar\/index.php\/wp-json\/wp\/v2\/posts"}],"about":[{"href":"https:\/\/defensoriaparana.com.ar\/index.php\/wp-json\/wp\/v2\/types\/post"}],"author":[{"embeddable":true,"href":"https:\/\/defensoriaparana.com.ar\/index.php\/wp-json\/wp\/v2\/users\/2"}],"replies":[{"embeddable":true,"href":"https:\/\/defensoriaparana.com.ar\/index.php\/wp-json\/wp\/v2\/comments?post=2705"}],"version-history":[{"count":1,"href":"https:\/\/defensoriaparana.com.ar\/index.php\/wp-json\/wp\/v2\/posts\/2705\/revisions"}],"predecessor-version":[{"id":2707,"href":"https:\/\/defensoriaparana.com.ar\/index.php\/wp-json\/wp\/v2\/posts\/2705\/revisions\/2707"}],"wp:featuredmedia":[{"embeddable":true,"href":"https:\/\/defensoriaparana.com.ar\/index.php\/wp-json\/wp\/v2\/media\/2706"}],"wp:attachment":[{"href":"https:\/\/defensoriaparana.com.ar\/index.php\/wp-json\/wp\/v2\/media?parent=2705"}],"wp:term":[{"taxonomy":"category","embeddable":true,"href":"https:\/\/defensoriaparana.com.ar\/index.php\/wp-json\/wp\/v2\/categories?post=2705"},{"taxonomy":"post_tag","embeddable":true,"href":"https:\/\/defensoriaparana.com.ar\/index.php\/wp-json\/wp\/v2\/tags?post=2705"}],"curies":[{"name":"wp","href":"https:\/\/api.w.org\/{rel}","templated":true}]}}