{"id":2709,"date":"2022-06-13T22:23:30","date_gmt":"2022-06-13T22:23:30","guid":{"rendered":"http:\/\/defensoriaparana.com.ar\/?p=2709"},"modified":"2022-07-31T22:26:17","modified_gmt":"2022-07-31T22:26:17","slug":"la-defensoria-del-pueblo-de-parana-recuerda-y-rinde-homenaje-a-horacio-gaitan","status":"publish","type":"post","link":"https:\/\/defensoriaparana.com.ar\/index.php\/2022\/06\/13\/la-defensoria-del-pueblo-de-parana-recuerda-y-rinde-homenaje-a-horacio-gaitan\/","title":{"rendered":"La Defensor\u00eda del Pueblo de Paran\u00e1 recuerda y rinde homenaje a Horacio Gait\u00e1n"},"content":{"rendered":"<div class=\"kvgmc6g5 cxmmr5t8 oygrvhab hcukyx3x c1et5uql ii04i59q\">\n<div dir=\"auto\"><\/div>\n<div dir=\"auto\">Hoy, 13 de junio, se cumple un a\u00f1o del fallecimiento de Horacio Gait\u00e1n, integrante del equipo de la Defensor\u00eda del Pueblo de Paran\u00e1 desde los inicios de la instituci\u00f3n.<\/div>\n<\/div>\n<div class=\"cxmmr5t8 oygrvhab hcukyx3x c1et5uql o9v6fnle ii04i59q\">\n<div dir=\"auto\">Horacio fue un trabajador incansable que breg\u00f3 por el cumplimiento de los derechos ciudadanos desde su funci\u00f3n y un compa\u00f1ero y amigo entra\u00f1able para el grupo de la Defensor\u00eda.<\/div>\n<\/div>\n<div class=\"cxmmr5t8 oygrvhab hcukyx3x c1et5uql o9v6fnle ii04i59q\">\n<div dir=\"auto\">Falleci\u00f3 a causa del Covid con 56 a\u00f1os y una familia hermosa.<\/div>\n<\/div>\n<div class=\"cxmmr5t8 oygrvhab hcukyx3x c1et5uql o9v6fnle ii04i59q\">\n<div dir=\"auto\">Su recuerdo, sus conversaciones, su risa, su bonhom\u00eda est\u00e1n siempre presentes en la Defensor\u00eda del Pueblo, la instituci\u00f3n que fue un lugar que quiso profundamente y ayud\u00f3 a construir desde sus convicciones.<\/div>\n<\/div>\n<div class=\"cxmmr5t8 oygrvhab hcukyx3x c1et5uql o9v6fnle ii04i59q\">\n<div dir=\"auto\">En este primer aniversario se renueva la a\u00f1oranza y la valorizaci\u00f3n de su paso por la instituci\u00f3n y por la vida de quienes compartimos parte de su historia.<\/div>\n<\/div>\n<div class=\"cxmmr5t8 oygrvhab hcukyx3x c1et5uql o9v6fnle ii04i59q\">\n<div dir=\"auto\">Nuestro recuerdo, en esta fotograf\u00eda, con su sonrisa caracter\u00edstica, habitual.<\/div>\n<div dir=\"auto\"><img loading=\"lazy\" class=\"alignnone size-medium wp-image-2710\" src=\"http:\/\/defensoriaparana.com.ar\/wp-content\/uploads\/2022\/07\/Horacio-Gaitan-300x281.jpg\" alt=\"\" width=\"300\" height=\"281\" srcset=\"https:\/\/defensoriaparana.com.ar\/wp-content\/uploads\/2022\/07\/Horacio-Gaitan-300x281.jpg 300w, https:\/\/defensoriaparana.com.ar\/wp-content\/uploads\/2022\/07\/Horacio-Gaitan.jpg 552w\" sizes=\"(max-width: 300px) 100vw, 300px\" \/><\/div>\n<\/div>\n","protected":false},"excerpt":{"rendered":"<p>Hoy, 13 de junio, se cumple un a\u00f1o del fallecimiento de Horacio Gait\u00e1n, integrante del equipo de la Defensor\u00eda del Pueblo de Paran\u00e1 desde los inicios de la instituci\u00f3n. Horacio fue un trabajador incansable que breg\u00f3 por el cumplimiento de los derechos ciudadanos desde su funci\u00f3n y un compa\u00f1ero y amigo entra\u00f1able para el grupo [&hellip;]<\/p>\n","protected":false},"author":2,"featured_media":2710,"comment_status":"open","ping_status":"open","sticky":false,"template":"","format":"standard","meta":{"om_disable_all_campaigns":false,"_monsterinsights_skip_tracking":false,"_monsterinsights_sitenote_active":false,"_monsterinsights_sitenote_note":"","_monsterinsights_sitenote_category":0},"categories":[1],"tags":[],"_links":{"self":[{"href":"https:\/\/defensoriaparana.com.ar\/index.php\/wp-json\/wp\/v2\/posts\/2709"}],"collection":[{"href":"https:\/\/defensoriaparana.com.ar\/index.php\/wp-json\/wp\/v2\/posts"}],"about":[{"href":"https:\/\/defensoriaparana.com.ar\/index.php\/wp-json\/wp\/v2\/types\/post"}],"author":[{"embeddable":true,"href":"https:\/\/defensoriaparana.com.ar\/index.php\/wp-json\/wp\/v2\/users\/2"}],"replies":[{"embeddable":true,"href":"https:\/\/defensoriaparana.com.ar\/index.php\/wp-json\/wp\/v2\/comments?post=2709"}],"version-history":[{"count":1,"href":"https:\/\/defensoriaparana.com.ar\/index.php\/wp-json\/wp\/v2\/posts\/2709\/revisions"}],"predecessor-version":[{"id":2711,"href":"https:\/\/defensoriaparana.com.ar\/index.php\/wp-json\/wp\/v2\/posts\/2709\/revisions\/2711"}],"wp:featuredmedia":[{"embeddable":true,"href":"https:\/\/defensoriaparana.com.ar\/index.php\/wp-json\/wp\/v2\/media\/2710"}],"wp:attachment":[{"href":"https:\/\/defensoriaparana.com.ar\/index.php\/wp-json\/wp\/v2\/media?parent=2709"}],"wp:term":[{"taxonomy":"category","embeddable":true,"href":"https:\/\/defensoriaparana.com.ar\/index.php\/wp-json\/wp\/v2\/categories?post=2709"},{"taxonomy":"post_tag","embeddable":true,"href":"https:\/\/defensoriaparana.com.ar\/index.php\/wp-json\/wp\/v2\/tags?post=2709"}],"curies":[{"name":"wp","href":"https:\/\/api.w.org\/{rel}","templated":true}]}}