{"id":2712,"date":"2022-06-08T22:26:29","date_gmt":"2022-06-08T22:26:29","guid":{"rendered":"http:\/\/defensoriaparana.com.ar\/?p=2712"},"modified":"2022-10-05T23:03:13","modified_gmt":"2022-10-05T23:03:13","slug":"las-defensoras-del-pueblo-participaron-via-online-del-plenario-de-adpra-en-viedma","status":"publish","type":"post","link":"https:\/\/defensoriaparana.com.ar\/index.php\/2022\/06\/08\/las-defensoras-del-pueblo-participaron-via-online-del-plenario-de-adpra-en-viedma\/","title":{"rendered":"Las Defensoras del Pueblo participaron v\u00eda online del plenario de Adpra en Viedma"},"content":{"rendered":"<div class=\"kvgmc6g5 cxmmr5t8 oygrvhab hcukyx3x c1et5uql ii04i59q\">\n<div dir=\"auto\"><\/div>\n<div dir=\"auto\"><\/div>\n<\/div>\n<div class=\"cxmmr5t8 oygrvhab hcukyx3x c1et5uql o9v6fnle ii04i59q\">\n<div dir=\"auto\">Entre el lunes 6\u00a0 y el martes 7 de junio se desarroll\u00f3 en Viedma, R\u00edo Negro, el I Plenario Anual de la Asociaci\u00f3n de Defensor\u00edas del Pueblo del pa\u00eds.<\/div>\n<div dir=\"auto\"><\/div>\n<\/div>\n<div dir=\"auto\">\n<figure id=\"attachment_2713\" aria-describedby=\"caption-attachment-2713\" style=\"width: 300px\" class=\"wp-caption alignnone\"><img loading=\"lazy\" class=\"size-medium wp-image-2713\" src=\"http:\/\/defensoriaparana.com.ar\/wp-content\/uploads\/2022\/07\/adpra-300x200.jpg\" alt=\"\" width=\"300\" height=\"200\" srcset=\"https:\/\/defensoriaparana.com.ar\/wp-content\/uploads\/2022\/07\/adpra-300x200.jpg 300w, https:\/\/defensoriaparana.com.ar\/wp-content\/uploads\/2022\/07\/adpra-768x512.jpg 768w, https:\/\/defensoriaparana.com.ar\/wp-content\/uploads\/2022\/07\/adpra.jpg 1024w\" sizes=\"(max-width: 300px) 100vw, 300px\" \/><figcaption id=\"caption-attachment-2713\" class=\"wp-caption-text\">Las Defensoras de Paran\u00e1 participaron a distancia.<\/figcaption><\/figure>\n<p>&nbsp;<\/p>\n<\/div>\n<div class=\"cxmmr5t8 oygrvhab hcukyx3x c1et5uql o9v6fnle ii04i59q\">\n<div dir=\"auto\">El encuentro reuni\u00f3 a representantes de instituciones de manera presencial y tambi\u00e9n de forma virtual. Parte de este \u00faltimo grupo fueron las Defensoras del Pueblo de la Ciudad de Paran\u00e1, Marcia L\u00f3pez y Cecilia Pautaso (Adjunta), quienes participaron activamente del plenario y dem\u00e1s actividades v\u00eda online.<\/div>\n<\/div>\n<div class=\"cxmmr5t8 oygrvhab hcukyx3x c1et5uql o9v6fnle ii04i59q\">\n<div dir=\"auto\">Entre los principales temas que conformaron la agenda de trabajo figuraron: el an\u00e1lisis de la Ley nacional de Discapacidad, el aumento de tarifas en los servicios p\u00fablicos, la situaci\u00f3n de la seguridad nacional vial, el derecho a la vivienda y la necesidad de promover el alquiler social, la presentaci\u00f3n de la Resoluci\u00f3n 03-2021 sobre \u201cEmergencia Clim\u00e1tica\u201d, la situaci\u00f3n de los deudores de planes de autoahorro, entre otros.<\/div>\n<\/div>\n<div class=\"cxmmr5t8 oygrvhab hcukyx3x c1et5uql o9v6fnle ii04i59q\">\n<div dir=\"auto\">La situaci\u00f3n de las personas que viven en la calle fue una tem\u00e1tica abordada por las Defensoras del Pueblo de Paran\u00e1, quienes comentaron el trabajo de la instituci\u00f3n y respecto de la experiencia de la Red por los Derechos de las Personas en Situaci\u00f3n de Calle. El espacio fue creado en 2019 y es conformado por una veintena de organizaciones e instituciones de la ciudad, entre ella la Defensor\u00eda del Pueblo de Paran\u00e1.<\/div>\n<\/div>\n<div class=\"cxmmr5t8 oygrvhab hcukyx3x c1et5uql o9v6fnle ii04i59q\">\n<div dir=\"auto\">Otros temas analizados fueron los de discapacidad y adicciones, por parte de Luis Di Giacomo, legislador nacional por esa provincia. Adem\u00e1s, se fij\u00f3 fecha para pr\u00f3ximos encuentros en distintas localidades por regi\u00f3n y se expuso la preocupaci\u00f3n respecto a las Defensor\u00edas ac\u00e9falas o sin constituir en municipios, por lo que se plante\u00f3 una reuni\u00f3n con la Federaci\u00f3n Argentina de Municipios.<\/div>\n<\/div>\n<div class=\"cxmmr5t8 oygrvhab hcukyx3x c1et5uql o9v6fnle ii04i59q\">\n<div dir=\"auto\">La apertura del plenario estuvo a cargo de la gobernadora, Arabela Carreras, en el Sal\u00f3n Gris de la Casa de Gobierno. En tanto, la reuni\u00f3n propiamente dicha fue presidida por el titular de Adpra (Asociaci\u00f3n de Defensor\u00edas del Pueblo de la Rep\u00fablica Argentina) y Defensor del Pueblo de Santiago del Estero, Lionel Su\u00e1rez, y por la Defensora del Pueblo de la Provincia de R\u00edo Negro en su calidad de anfitriona, Adriana Santagati.<\/div>\n<div dir=\"auto\"><\/div>\n<\/div>\n<div dir=\"auto\"><img loading=\"lazy\" class=\"alignnone size-medium wp-image-2714\" src=\"http:\/\/defensoriaparana.com.ar\/wp-content\/uploads\/2022\/07\/MARCIA-LOPEZ-ADPRA-300x169.jpg\" alt=\"\" width=\"300\" height=\"169\" srcset=\"https:\/\/defensoriaparana.com.ar\/wp-content\/uploads\/2022\/07\/MARCIA-LOPEZ-ADPRA-300x169.jpg 300w, https:\/\/defensoriaparana.com.ar\/wp-content\/uploads\/2022\/07\/MARCIA-LOPEZ-ADPRA-1024x577.jpg 1024w, https:\/\/defensoriaparana.com.ar\/wp-content\/uploads\/2022\/07\/MARCIA-LOPEZ-ADPRA-768x432.jpg 768w, https:\/\/defensoriaparana.com.ar\/wp-content\/uploads\/2022\/07\/MARCIA-LOPEZ-ADPRA-1536x865.jpg 1536w, https:\/\/defensoriaparana.com.ar\/wp-content\/uploads\/2022\/07\/MARCIA-LOPEZ-ADPRA.jpg 1600w\" sizes=\"(max-width: 300px) 100vw, 300px\" \/><\/div>\n<h5 dir=\"auto\">Marcia L\u00f3pez, Defensora del Pueblo.<\/h5>\n<div dir=\"auto\"><\/div>\n<div class=\"cxmmr5t8 oygrvhab hcukyx3x c1et5uql o9v6fnle ii04i59q\">\n<div dir=\"auto\">Se realiz\u00f3 un reconocimiento a periodistas en su d\u00eda y una condolencia por lo ocurrido a ra\u00edz de un alud de barro en Bariloche, que produjo al menos el fallecimiento de un turista.<\/div>\n<\/div>\n<div class=\"cxmmr5t8 oygrvhab hcukyx3x c1et5uql o9v6fnle ii04i59q\">\n<div dir=\"auto\">Desde la organizaci\u00f3n, se inform\u00f3 que el plenario se instrument\u00f3 de forma presencial y virtual, considerando esta segunda opci\u00f3n para los casos de aquellas Defensor\u00edas que, por distintos motivos, no pudieron llegar hasta la ciudad de Viedma.<\/div>\n<\/div>\n<div class=\"cxmmr5t8 oygrvhab hcukyx3x c1et5uql o9v6fnle ii04i59q\">\n<div dir=\"auto\">Entre las actividades preparatorias a la sesi\u00f3n plenaria que comenzaron el lunes 6 se mencion\u00f3 la ponencia del Proyecto de Hidr\u00f3geno Verde en la Provincia de R\u00edo Negro, a cargo del secretario de Estado de Planificaci\u00f3n, Daniel Sanguinetti.<\/div>\n<div dir=\"auto\">Luego, tuvo lugar la presentaci\u00f3n del libro \u201cDiccionario de las Defensor\u00edas del Pueblo\u201d, a cargo del reconocido especialista Alejandro Nat\u00f3, quien coordin\u00f3 la publicaci\u00f3n junto a Carlos Constenla y Mar\u00eda Soledad Man\u00edn, en calidad de integrantes del Instituto Latinoamericano del Ombudsman (ILO). Se trata de la primera publicaci\u00f3n en su tipo que tiene como objetivo principal contribuir al mejor desempe\u00f1o de estas instituciones. Es una obra que tiene multiplicidad de autores latinoamericanos y europeos.<\/div>\n<\/div>\n<div class=\"cxmmr5t8 oygrvhab hcukyx3x c1et5uql o9v6fnle ii04i59q\">\n<div dir=\"auto\">En ese marco, se record\u00f3 que Adpra \u201ces una asociaci\u00f3n civil que nuclea a las Defensor\u00edas del Pueblo municipales y provinciales del pa\u00eds. Su misi\u00f3n central es reafirmar y fortalecer el rol de las Defensor\u00edas como instituciones de la democracia garante de los derechos humanos. Tiene representaci\u00f3n en destacados organismos internacionales como la Federaci\u00f3n Iberoamericana del Ombudsman (FIO), el Instituto latinoamericano del Ombudsman (ILO) y el Instituto Internacional del Ombudsman (IOI)\u201d.<\/div>\n<\/div>\n<div dir=\"auto\"><\/div>\n","protected":false},"excerpt":{"rendered":"<p>Entre el lunes 6\u00a0 y el martes 7 de junio se desarroll\u00f3 en Viedma, R\u00edo Negro, el I Plenario Anual de la Asociaci\u00f3n de Defensor\u00edas del Pueblo del pa\u00eds. &nbsp; El encuentro reuni\u00f3 a representantes de instituciones de manera presencial y tambi\u00e9n de forma virtual. Parte de este \u00faltimo grupo fueron las Defensoras del Pueblo [&hellip;]<\/p>\n","protected":false},"author":2,"featured_media":2714,"comment_status":"open","ping_status":"open","sticky":false,"template":"","format":"standard","meta":{"om_disable_all_campaigns":false,"_monsterinsights_skip_tracking":false,"_monsterinsights_sitenote_active":false,"_monsterinsights_sitenote_note":"","_monsterinsights_sitenote_category":0},"categories":[14,1],"tags":[],"_links":{"self":[{"href":"https:\/\/defensoriaparana.com.ar\/index.php\/wp-json\/wp\/v2\/posts\/2712"}],"collection":[{"href":"https:\/\/defensoriaparana.com.ar\/index.php\/wp-json\/wp\/v2\/posts"}],"about":[{"href":"https:\/\/defensoriaparana.com.ar\/index.php\/wp-json\/wp\/v2\/types\/post"}],"author":[{"embeddable":true,"href":"https:\/\/defensoriaparana.com.ar\/index.php\/wp-json\/wp\/v2\/users\/2"}],"replies":[{"embeddable":true,"href":"https:\/\/defensoriaparana.com.ar\/index.php\/wp-json\/wp\/v2\/comments?post=2712"}],"version-history":[{"count":2,"href":"https:\/\/defensoriaparana.com.ar\/index.php\/wp-json\/wp\/v2\/posts\/2712\/revisions"}],"predecessor-version":[{"id":2716,"href":"https:\/\/defensoriaparana.com.ar\/index.php\/wp-json\/wp\/v2\/posts\/2712\/revisions\/2716"}],"wp:featuredmedia":[{"embeddable":true,"href":"https:\/\/defensoriaparana.com.ar\/index.php\/wp-json\/wp\/v2\/media\/2714"}],"wp:attachment":[{"href":"https:\/\/defensoriaparana.com.ar\/index.php\/wp-json\/wp\/v2\/media?parent=2712"}],"wp:term":[{"taxonomy":"category","embeddable":true,"href":"https:\/\/defensoriaparana.com.ar\/index.php\/wp-json\/wp\/v2\/categories?post=2712"},{"taxonomy":"post_tag","embeddable":true,"href":"https:\/\/defensoriaparana.com.ar\/index.php\/wp-json\/wp\/v2\/tags?post=2712"}],"curies":[{"name":"wp","href":"https:\/\/api.w.org\/{rel}","templated":true}]}}