{"id":2731,"date":"2022-05-27T22:56:34","date_gmt":"2022-05-27T22:56:34","guid":{"rendered":"http:\/\/defensoriaparana.com.ar\/?p=2731"},"modified":"2022-07-31T23:00:23","modified_gmt":"2022-07-31T23:00:23","slug":"curso-de-capacitacion-y-reunion-con-la-titular-del-concejo-deliberante","status":"publish","type":"post","link":"https:\/\/defensoriaparana.com.ar\/index.php\/2022\/05\/27\/curso-de-capacitacion-y-reunion-con-la-titular-del-concejo-deliberante\/","title":{"rendered":"Curso de capacitaci\u00f3n y reuni\u00f3n con la titular del Concejo Deliberante"},"content":{"rendered":"<div>\n<div class=\"\" dir=\"auto\">\n<div id=\"jsc_c_3c6\" class=\"ecm0bbzt hv4rvrfc ihqw7lf3 dati1w0a\" data-ad-comet-preview=\"message\" data-ad-preview=\"message\">\n<div class=\"j83agx80 cbu4d94t ew0dbk1b irj2b8pg\">\n<div class=\"qzhwtbm6 knvmm38d\">\n<div class=\"kvgmc6g5 cxmmr5t8 oygrvhab hcukyx3x c1et5uql ii04i59q\">\n<div dir=\"auto\"><\/div>\n<div dir=\"auto\"><\/div>\n<div dir=\"auto\">Con motivo de la realizaci\u00f3n del curso anual de actualizaci\u00f3n que brinda la Defensor\u00eda del Pueblo de Paran\u00e1 a los m\u00e1s de cien mediadores comunitarios del Registro voluntario y ad honorem de la instituci\u00f3n, la Defensora Marcia L\u00f3pez, junto a la Coordinadora del Centro de Mediaci\u00f3n, Irina Chausovsky, y Paty Wilensky, docente a cargo de la capacitac\u00f3n, se reunieron con la presidenta del Concejo Deliberante de la ciudad, Andrea Zoff.<\/div>\n<\/div>\n<div class=\"cxmmr5t8 oygrvhab hcukyx3x c1et5uql o9v6fnle ii04i59q\">\n<div dir=\"auto\">El curso, con una duraci\u00f3n de 20 horas, se dicta desde el jueves y hasta el s\u00e1bado 28 de mayo. El jueves fue en la Escuela \u201cManuel Belgrano\u201d y el viernes y s\u00e1bado en el Centro Cultural \u201cGloria Montoya\u201d.<\/div>\n<\/div>\n<div class=\"cxmmr5t8 oygrvhab hcukyx3x c1et5uql o9v6fnle ii04i59q\">\n<div dir=\"auto\">\u201cLa capacitaci\u00f3n del recurso humano es un valor indispensable para el correcto abordaje integral que los mediadores llevan a cabo. Por eso es un gusto contar con la presencia de Paty y su experiencia en este campo de acci\u00f3n\u201d, destac\u00f3 Zoff, consigna el parte de prensa emitido por el Concejo Deliberante. Irina Chausovsky, por su parte, dijo que como todos los a\u00f1os, la instituci\u00f3n brinda y exige la capacitaci\u00f3n de los mediadores del Registro. En esta oportunidad, resalt\u00f3 la posibilidad de haber podido retornar la presencialidad luego de dos a\u00f1os en los que se debi\u00f3 apelar a la capacitaci\u00f3n online debido a la pandemia.<\/div>\n<\/div>\n<div class=\"cxmmr5t8 oygrvhab hcukyx3x c1et5uql o9v6fnle ii04i59q\">\n<div dir=\"auto\">La especialista en la tem\u00e1tica, Paty Wilensky, expres\u00f3 que estos cursos \u201cpermitir\u00e1n a los mediadores acompa\u00f1ar a los vecinos con toda integridad y entereza, creando un mejor clima\u201d. Por \u00faltimo, la Defensora Marcia L\u00f3pez celebr\u00f3 que a trav\u00e9s de este programa de capacitaci\u00f3n se pueda dotar \u201ca nuestros mediadores de mejores elementos y herramientas en su tarea\u201d.<\/div>\n<div dir=\"auto\"><\/div>\n<div dir=\"auto\">Fuente informaci\u00f3n y fotos: Concejo Deliberante.<\/div>\n<div dir=\"auto\"><\/div>\n<\/div>\n<\/div>\n<\/div>\n<\/div>\n<\/div>\n<div id=\"jsc_c_3c7\" class=\"l9j0dhe7\">\n<div class=\"l9j0dhe7\">\n<div>\n<div>\n<div class=\"l9j0dhe7\">\n<div class=\"l9j0dhe7\">\n<div class=\"ni8dbmo4 stjgntxs pmk7jnqg\">\n<div class=\"stjgntxs ni8dbmo4\">\n<div class=\"do00u71z ni8dbmo4 stjgntxs l9j0dhe7\">\n<div class=\"pmk7jnqg kr520xx4\"><img loading=\"lazy\" class=\"i09qtzwb n7fi1qx3 datstx6m pmk7jnqg j9ispegn kr520xx4 k4urcfbm\" src=\"https:\/\/scontent.fros2-1.fna.fbcdn.net\/v\/t39.30808-6\/283977538_2207925296028383_9106974093031062795_n.jpg?stp=dst-jpg_p526x395&amp;_nc_cat=104&amp;ccb=1-7&amp;_nc_sid=730e14&amp;_nc_ohc=_WG1h2BIlMQAX8l0-9q&amp;_nc_ht=scontent.fros2-1.fna&amp;oh=00_AT9w9cChIMppt8x3hz2tWXgJiir_KeFsv9y-lrmgnpFDwA&amp;oe=62EBDB93\" alt=\"\" width=\"405\" height=\"270\" \/><\/div>\n<\/div>\n<div class=\"kr520xx4 j9ispegn pmk7jnqg hzruof5a n7fi1qx3 rq0escxv i09qtzwb opwvks06 linmgsc8\"><\/div>\n<\/div>\n<div class=\"n00je7tq arfg74bv qs9ysxi8 k77z8yql i09qtzwb n7fi1qx3 b5wmifdl hzruof5a pmk7jnqg j9ispegn kr520xx4 c5ndavph art1omkt ot9fgl3s\" data-visualcompletion=\"ignore\"><\/div>\n<\/div>\n<div class=\"ni8dbmo4 stjgntxs pmk7jnqg\">\n<div class=\"stjgntxs ni8dbmo4\">\n<div class=\"do00u71z ni8dbmo4 stjgntxs l9j0dhe7\">\n<div class=\"pmk7jnqg kr520xx4\"><img loading=\"lazy\" class=\"i09qtzwb n7fi1qx3 datstx6m pmk7jnqg j9ispegn kr520xx4 k4urcfbm\" src=\"https:\/\/scontent.fros2-1.fna.fbcdn.net\/v\/t39.30808-6\/283702729_2207925412695038_7453822928336406319_n.jpg?stp=dst-jpg_p526x395&amp;_nc_cat=107&amp;ccb=1-7&amp;_nc_sid=730e14&amp;_nc_ohc=11YIcfiRQ3EAX9HckOf&amp;_nc_ht=scontent.fros2-1.fna&amp;oh=00_AT90cBpphbiD7uUot_2nIylsr3AsYF--OSxOoXX0WQcyBA&amp;oe=62EC745E\" alt=\"\" width=\"437\" height=\"291\" \/><\/div>\n<\/div>\n<div class=\"kr520xx4 j9ispegn pmk7jnqg hzruof5a n7fi1qx3 rq0escxv i09qtzwb opwvks06 linmgsc8\"><\/div>\n<\/div>\n<div class=\"n00je7tq arfg74bv qs9ysxi8 k77z8yql i09qtzwb n7fi1qx3 b5wmifdl hzruof5a pmk7jnqg j9ispegn kr520xx4 c5ndavph art1omkt ot9fgl3s\" data-visualcompletion=\"ignore\"><\/div>\n<\/div>\n<\/div>\n<\/div>\n<\/div>\n<\/div>\n<\/div>\n<div class=\"stjgntxs ni8dbmo4\"><\/div>\n<\/div>\n<\/div>\n<div class=\"bq4bzpyk s1tcr66n l6v480f0 j83agx80 btwxx1t3 i1fnvgqd pybr56ya d1544ag0 f10w8fjw c4f5jtg6\">\n<div class=\"bp9cbjyn j83agx80 jifvfom9\"><\/div>\n<\/div>\n<div>\n<div class=\"stjgntxs ni8dbmo4 l82x9zwi uo3d90p7 h905i5nu monazrh9\" data-visualcompletion=\"ignore-dynamic\">\n<div>\n<div>\n<div>\n<div class=\"l9j0dhe7\">\n<div class=\"bp9cbjyn m9osqain j83agx80 jq4qci2q bkfpd7mw a3bd9o3v kvgmc6g5 wkznzc2l oygrvhab dhix69tm jktsbyx5 rz4wbd8a osnr6wyh a8nywdso s1tcr66n\">\n<div class=\"kb5gq1qc pfnyh3mw c0wkt4kp\"><\/div>\n<\/div>\n<\/div>\n<\/div>\n<\/div>\n<\/div>\n<\/div>\n<\/div>\n","protected":false},"excerpt":{"rendered":"<p>Con motivo de la realizaci\u00f3n del curso anual de actualizaci\u00f3n que brinda la Defensor\u00eda del Pueblo de Paran\u00e1 a los m\u00e1s de cien mediadores comunitarios del Registro voluntario y ad honorem de la instituci\u00f3n, la Defensora Marcia L\u00f3pez, junto a la Coordinadora del Centro de Mediaci\u00f3n, Irina Chausovsky, y Paty Wilensky, docente a cargo de [&hellip;]<\/p>\n","protected":false},"author":2,"featured_media":2732,"comment_status":"open","ping_status":"open","sticky":false,"template":"","format":"standard","meta":{"om_disable_all_campaigns":false,"_monsterinsights_skip_tracking":false,"_monsterinsights_sitenote_active":false,"_monsterinsights_sitenote_note":"","_monsterinsights_sitenote_category":0},"categories":[1],"tags":[],"_links":{"self":[{"href":"https:\/\/defensoriaparana.com.ar\/index.php\/wp-json\/wp\/v2\/posts\/2731"}],"collection":[{"href":"https:\/\/defensoriaparana.com.ar\/index.php\/wp-json\/wp\/v2\/posts"}],"about":[{"href":"https:\/\/defensoriaparana.com.ar\/index.php\/wp-json\/wp\/v2\/types\/post"}],"author":[{"embeddable":true,"href":"https:\/\/defensoriaparana.com.ar\/index.php\/wp-json\/wp\/v2\/users\/2"}],"replies":[{"embeddable":true,"href":"https:\/\/defensoriaparana.com.ar\/index.php\/wp-json\/wp\/v2\/comments?post=2731"}],"version-history":[{"count":1,"href":"https:\/\/defensoriaparana.com.ar\/index.php\/wp-json\/wp\/v2\/posts\/2731\/revisions"}],"predecessor-version":[{"id":2733,"href":"https:\/\/defensoriaparana.com.ar\/index.php\/wp-json\/wp\/v2\/posts\/2731\/revisions\/2733"}],"wp:featuredmedia":[{"embeddable":true,"href":"https:\/\/defensoriaparana.com.ar\/index.php\/wp-json\/wp\/v2\/media\/2732"}],"wp:attachment":[{"href":"https:\/\/defensoriaparana.com.ar\/index.php\/wp-json\/wp\/v2\/media?parent=2731"}],"wp:term":[{"taxonomy":"category","embeddable":true,"href":"https:\/\/defensoriaparana.com.ar\/index.php\/wp-json\/wp\/v2\/categories?post=2731"},{"taxonomy":"post_tag","embeddable":true,"href":"https:\/\/defensoriaparana.com.ar\/index.php\/wp-json\/wp\/v2\/tags?post=2731"}],"curies":[{"name":"wp","href":"https:\/\/api.w.org\/{rel}","templated":true}]}}