{"id":2734,"date":"2022-05-27T23:00:46","date_gmt":"2022-05-27T23:00:46","guid":{"rendered":"http:\/\/defensoriaparana.com.ar\/?p=2734"},"modified":"2022-07-31T23:04:59","modified_gmt":"2022-07-31T23:04:59","slug":"se-capacitan-mas-de-100-mediadores-de-la-defensoria","status":"publish","type":"post","link":"https:\/\/defensoriaparana.com.ar\/index.php\/2022\/05\/27\/se-capacitan-mas-de-100-mediadores-de-la-defensoria\/","title":{"rendered":"Se capacitan m\u00e1s de 100 mediadores de la Defensor\u00eda"},"content":{"rendered":"<div class=\"\" dir=\"auto\">\n<div id=\"jsc_c_48h\" class=\"ecm0bbzt hv4rvrfc ihqw7lf3 dati1w0a\" data-ad-comet-preview=\"message\" data-ad-preview=\"message\">\n<div class=\"j83agx80 cbu4d94t ew0dbk1b irj2b8pg\">\n<div class=\"qzhwtbm6 knvmm38d\">\n<div class=\"kvgmc6g5 cxmmr5t8 oygrvhab hcukyx3x c1et5uql ii04i59q\">\n<div dir=\"auto\">M\u00e1s de cien mediadores del Registro voluntario ad honorem de la Defensor\u00eda del Pueblo de Paran\u00e1 realizan una capacitaci\u00f3n anual. Sobre el curso, que vuelve a la presencialidad tras dos a\u00f1os, se refieren la Coordinadora del Centro de Mediaci\u00f3n, Irina Chausovsky, y la docente Paty Wilensky, en la siguiente nota<span class=\"pq6dq46d tbxw36s4 knj5qynh kvgmc6g5 ditlmg2l oygrvhab nvdbi5me sf5mxxl7 gl3lb2sf hhz5lgdu\"><img loading=\"lazy\" src=\"https:\/\/static.xx.fbcdn.net\/images\/emoji.php\/v9\/t4f\/1\/16\/1f447.png\" alt=\"\ud83d\udc47\" width=\"16\" height=\"16\" \/><\/span><span class=\"pq6dq46d tbxw36s4 knj5qynh kvgmc6g5 ditlmg2l oygrvhab nvdbi5me sf5mxxl7 gl3lb2sf hhz5lgdu\"><img loading=\"lazy\" src=\"https:\/\/static.xx.fbcdn.net\/images\/emoji.php\/v9\/t4f\/1\/16\/1f447.png\" alt=\"\ud83d\udc47\" width=\"16\" height=\"16\" \/><\/span><\/div>\n<div dir=\"auto\"><\/div>\n<div dir=\"auto\"><a href=\"https:\/\/www.youtube.com\/watch?v=4GmNO9NUmVU\">https:\/\/www.youtube.com\/watch?v=4GmNO9NUmVU<\/a><\/div>\n<div dir=\"auto\"><\/div>\n<\/div>\n<\/div>\n<\/div>\n<\/div>\n<\/div>\n<div id=\"jsc_c_48i\" class=\"l9j0dhe7\">\n<div class=\"l9j0dhe7\">\n<div>\n<div class=\"b3i9ofy5 l9j0dhe7\">\n<div class=\"j83agx80 soycq5t1 ni8dbmo4 stjgntxs l9j0dhe7\">\n<div class=\"bp9cbjyn cwj9ozl2 j83agx80 cbu4d94t ni8dbmo4 stjgntxs l9j0dhe7 k4urcfbm\">\n<div>\n<div class=\"do00u71z ni8dbmo4 stjgntxs l9j0dhe7\">\n<div class=\"pmk7jnqg kr520xx4\"><img loading=\"lazy\" class=\"i09qtzwb n7fi1qx3 datstx6m pmk7jnqg j9ispegn kr520xx4 k4urcfbm bixrwtb6\" src=\"https:\/\/external.fros2-1.fna.fbcdn.net\/emg1\/v\/t13\/9874006455695118271?url=https%3A%2F%2Fi.ytimg.com%2Fvi%2F4GmNO9NUmVU%2Fmaxresdefault.jpg&amp;fb_obo=1&amp;utld=ytimg.com&amp;stp=c0.5000x0.5000f_dst-jpg_flffffff_p500x261_q75&amp;ccb=13-1&amp;oh=00_AT_zkouiJxw_wsFKmLt7y-HKbSArmP5T42Kd0weCGs3RHw&amp;oe=62E8AD9F&amp;_nc_sid=c504da\" alt=\"M\u00e1s de 100 mediadores se capacitan este viernes y s\u00e1bado en Paran\u00e1\" width=\"500\" height=\"261\" \/><\/div>\n<\/div>\n<\/div>\n<\/div>\n<\/div>\n<\/div>\n<\/div>\n<\/div>\n<\/div>\n","protected":false},"excerpt":{"rendered":"<p>M\u00e1s de cien mediadores del Registro voluntario ad honorem de la Defensor\u00eda del Pueblo de Paran\u00e1 realizan una capacitaci\u00f3n anual. Sobre el curso, que vuelve a la presencialidad tras dos a\u00f1os, se refieren la Coordinadora del Centro de Mediaci\u00f3n, Irina Chausovsky, y la docente Paty Wilensky, en la siguiente nota https:\/\/www.youtube.com\/watch?v=4GmNO9NUmVU<\/p>\n","protected":false},"author":2,"featured_media":2735,"comment_status":"open","ping_status":"open","sticky":false,"template":"","format":"standard","meta":{"om_disable_all_campaigns":false,"_monsterinsights_skip_tracking":false,"_monsterinsights_sitenote_active":false,"_monsterinsights_sitenote_note":"","_monsterinsights_sitenote_category":0},"categories":[1],"tags":[],"_links":{"self":[{"href":"https:\/\/defensoriaparana.com.ar\/index.php\/wp-json\/wp\/v2\/posts\/2734"}],"collection":[{"href":"https:\/\/defensoriaparana.com.ar\/index.php\/wp-json\/wp\/v2\/posts"}],"about":[{"href":"https:\/\/defensoriaparana.com.ar\/index.php\/wp-json\/wp\/v2\/types\/post"}],"author":[{"embeddable":true,"href":"https:\/\/defensoriaparana.com.ar\/index.php\/wp-json\/wp\/v2\/users\/2"}],"replies":[{"embeddable":true,"href":"https:\/\/defensoriaparana.com.ar\/index.php\/wp-json\/wp\/v2\/comments?post=2734"}],"version-history":[{"count":1,"href":"https:\/\/defensoriaparana.com.ar\/index.php\/wp-json\/wp\/v2\/posts\/2734\/revisions"}],"predecessor-version":[{"id":2736,"href":"https:\/\/defensoriaparana.com.ar\/index.php\/wp-json\/wp\/v2\/posts\/2734\/revisions\/2736"}],"wp:featuredmedia":[{"embeddable":true,"href":"https:\/\/defensoriaparana.com.ar\/index.php\/wp-json\/wp\/v2\/media\/2735"}],"wp:attachment":[{"href":"https:\/\/defensoriaparana.com.ar\/index.php\/wp-json\/wp\/v2\/media?parent=2734"}],"wp:term":[{"taxonomy":"category","embeddable":true,"href":"https:\/\/defensoriaparana.com.ar\/index.php\/wp-json\/wp\/v2\/categories?post=2734"},{"taxonomy":"post_tag","embeddable":true,"href":"https:\/\/defensoriaparana.com.ar\/index.php\/wp-json\/wp\/v2\/tags?post=2734"}],"curies":[{"name":"wp","href":"https:\/\/api.w.org\/{rel}","templated":true}]}}