{"id":2737,"date":"2022-05-24T23:05:06","date_gmt":"2022-05-24T23:05:06","guid":{"rendered":"http:\/\/defensoriaparana.com.ar\/?p=2737"},"modified":"2022-07-31T23:09:27","modified_gmt":"2022-07-31T23:09:27","slug":"empieza-una-capacitacion-para-los-mas-de-100-mediadores-comunitarios-del-registro-de-la-defensoria","status":"publish","type":"post","link":"https:\/\/defensoriaparana.com.ar\/index.php\/2022\/05\/24\/empieza-una-capacitacion-para-los-mas-de-100-mediadores-comunitarios-del-registro-de-la-defensoria\/","title":{"rendered":"Empieza una capacitaci\u00f3n para los m\u00e1s de 100 mediadores comunitarios del Registro de la Defensor\u00eda"},"content":{"rendered":"<div>\n<div class=\"\" dir=\"auto\">\n<div id=\"jsc_c_4a5\" class=\"ecm0bbzt hv4rvrfc ihqw7lf3 dati1w0a\" data-ad-comet-preview=\"message\" data-ad-preview=\"message\">\n<div class=\"j83agx80 cbu4d94t ew0dbk1b irj2b8pg\">\n<div class=\"qzhwtbm6 knvmm38d\">\n<div class=\"kvgmc6g5 cxmmr5t8 oygrvhab hcukyx3x c1et5uql ii04i59q\">\n<div dir=\"auto\"><\/div>\n<\/div>\n<div dir=\"auto\">Desde este jueves hasta el pr\u00f3ximo s\u00e1bado 28 se desarrollar\u00e1 una capacitaci\u00f3n anual que brinda la Defensor\u00eda del Pueblo de la Ciudad de Paran\u00e1 a los m\u00e1s de 100 mediadores comunitarios que forman parte del Registro voluntario y ad honorem de la instituci\u00f3n.<\/div>\n<div class=\"cxmmr5t8 oygrvhab hcukyx3x c1et5uql o9v6fnle ii04i59q\">\n<div dir=\"auto\">La Defensor\u00eda del Pueblo atiende m\u00e1s de 500 consultas y solicitudes de mediaci\u00f3n por a\u00f1o y lo hace mediante el personal del Centro de Mediaci\u00f3n Comunitaria con el valioso trabajo de los integrantes del Registro.<\/div>\n<\/div>\n<div class=\"cxmmr5t8 oygrvhab hcukyx3x c1et5uql o9v6fnle ii04i59q\">\n<div dir=\"auto\">\u201cReversibilidad y Auto-Realizaci\u00f3n. El tr\u00e1nsito de la polarizaci\u00f3n a la integraci\u00f3n a trav\u00e9s de din\u00e1micas l\u00fadicas\u201d es el t\u00edtulo del curso de 20 horas de duraci\u00f3n que estar\u00e1 a cargo de la especialista Paty Wilensky. Se trata de una reconocida profesional de la ciudad de Buenos Aires, quien es facilitadora de procesos de aprendizaje, con base en las disciplinas de coaching, inteligencia emocional, liderazgo, gesti\u00f3n del cambio, creatividad y motivaci\u00f3n, entre otras. Se especializa en dos grandes \u00e1reas: La Capacitaci\u00f3n a trav\u00e9s de juegos y el Aprendizaje emocional reversible. El a\u00f1o pasado brind\u00f3 tres talleres sobre estas tem\u00e1ticas a trav\u00e9s de la modalidad online, con lo que ahora los integrantes del Registro podr\u00e1n profundizar los conocimientos y tomar un contacto directo con la profesional.<\/div>\n<div dir=\"auto\">.<\/div>\n<div dir=\"auto\"><strong>Una instancia fundamental<\/strong><\/div>\n<div dir=\"auto\">.<\/div>\n<div dir=\"auto\">La capacitaci\u00f3n, en esta oportunidad, vuelve a ser presencial luego de dos a\u00f1os de comunicaci\u00f3n online. Y esta instancia es parte del programa anual de aprendizajes te\u00f3ricos-pr\u00e1cticos que ofrece la instituci\u00f3n a los mediadores del Registro con el fin de garantizar la calidad del servicio de mediaci\u00f3n que la Defensor\u00eda brinda de manera gratuita a los vecinos de Paran\u00e1.<\/div>\n<\/div>\n<div class=\"cxmmr5t8 oygrvhab hcukyx3x c1et5uql o9v6fnle ii04i59q\">\n<div dir=\"auto\">El curso anual es una instancia fundamental y obligatoria que la Defensor\u00eda del Pueblo instrumenta cada a\u00f1o a trav\u00e9s de su Centro de Mediaci\u00f3n.<\/div>\n<\/div>\n<div class=\"cxmmr5t8 oygrvhab hcukyx3x c1et5uql o9v6fnle ii04i59q\">\n<div dir=\"auto\">La profusa formaci\u00f3n y la permanente actualizaci\u00f3n de saberes, experiencias y pr\u00e1ctica -sumada a las caracter\u00edsticas de interdisciplinariedad y de participaci\u00f3n ad honorem de m\u00e1s de un centenar de personas en la n\u00f3mina del Registro-, colocan al trabajo en mediaci\u00f3n de la instituci\u00f3n en un lugar destacado en el \u00e1mbito regional y nacional.<\/div>\n<\/div>\n<div class=\"cxmmr5t8 oygrvhab hcukyx3x c1et5uql o9v6fnle ii04i59q\">\n<div dir=\"auto\">Cabe recordar que el Registro se renueva cada a\u00f1o, cuando se realiza una convocatoria p\u00fablica a mediadores comunitarios de la ciudad. Las inscripciones se abren en el mes de noviembre, tal como la primera vez, en 2003, cuando se inici\u00f3 el trabajo del Centro de Mediaci\u00f3n, y se requiere cumplir con una serie de requisitos relacionados con capacitaci\u00f3n.<\/div>\n<\/div>\n<div class=\"cxmmr5t8 oygrvhab hcukyx3x c1et5uql o9v6fnle ii04i59q\"><\/div>\n<div dir=\"auto\"><\/div>\n<\/div>\n<\/div>\n<\/div>\n<\/div>\n<div id=\"jsc_c_4a6\" class=\"l9j0dhe7\">\n<div class=\"l9j0dhe7\">\n<div>\n<div>\n<div class=\"l9j0dhe7\">\n<div class=\"l9j0dhe7\">\n<div class=\"ni8dbmo4 stjgntxs pmk7jnqg\">\n<div class=\"stjgntxs ni8dbmo4\">\n<div class=\"do00u71z ni8dbmo4 stjgntxs l9j0dhe7\">\n<div class=\"pmk7jnqg kr520xx4\"><img class=\"i09qtzwb n7fi1qx3 datstx6m pmk7jnqg j9ispegn kr520xx4 k4urcfbm\" src=\"https:\/\/scontent.fros2-1.fna.fbcdn.net\/v\/t39.30808-6\/283755167_2205600106260902_8108790831789205543_n.jpg?stp=dst-jpg_s600x600&amp;_nc_cat=107&amp;ccb=1-7&amp;_nc_sid=730e14&amp;_nc_ohc=ikqCJTpPBt0AX9qaTQn&amp;_nc_ht=scontent.fros2-1.fna&amp;oh=00_AT8mLy2O986E749I1mWdQL3_uI3CRzWm5gRqvyE026-DxA&amp;oe=62EC1F5D\" alt=\"\" \/><\/div>\n<\/div>\n<div class=\"kr520xx4 j9ispegn pmk7jnqg hzruof5a n7fi1qx3 rq0escxv i09qtzwb opwvks06 linmgsc8\"><\/div>\n<\/div>\n<div class=\"n00je7tq arfg74bv qs9ysxi8 k77z8yql i09qtzwb n7fi1qx3 b5wmifdl hzruof5a pmk7jnqg j9ispegn kr520xx4 c5ndavph art1omkt ot9fgl3s\" data-visualcompletion=\"ignore\"><\/div>\n<\/div>\n<div class=\"ni8dbmo4 stjgntxs pmk7jnqg\">\n<div class=\"stjgntxs ni8dbmo4\">\n<div class=\"do00u71z ni8dbmo4 stjgntxs l9j0dhe7\">\n<div class=\"pmk7jnqg kr520xx4\"><img class=\"i09qtzwb n7fi1qx3 datstx6m pmk7jnqg j9ispegn kr520xx4 k4urcfbm\" src=\"https:\/\/scontent.fros2-1.fna.fbcdn.net\/v\/t39.30808-6\/282196474_2205611789593067_5667875211356416283_n.jpg?stp=dst-jpg_s600x600&amp;_nc_cat=108&amp;ccb=1-7&amp;_nc_sid=730e14&amp;_nc_ohc=Hu3Z3dAo1ckAX-TYFfy&amp;_nc_ht=scontent.fros2-1.fna&amp;oh=00_AT_V0L3Z3i0biGZKuT1B-HcKKHjOQMGmKst93Ysct6TLCQ&amp;oe=62EC3CA6\" alt=\"\" \/><\/div>\n<\/div>\n<div class=\"kr520xx4 j9ispegn pmk7jnqg hzruof5a n7fi1qx3 rq0escxv i09qtzwb opwvks06 linmgsc8\"><\/div>\n<\/div>\n<div class=\"n00je7tq arfg74bv qs9ysxi8 k77z8yql i09qtzwb n7fi1qx3 b5wmifdl hzruof5a pmk7jnqg j9ispegn kr520xx4 c5ndavph art1omkt ot9fgl3s\" data-visualcompletion=\"ignore\"><\/div>\n<\/div>\n<\/div>\n<\/div>\n<\/div>\n<\/div>\n<\/div>\n<div class=\"stjgntxs ni8dbmo4\"><\/div>\n<\/div>\n<\/div>\n<div class=\"bq4bzpyk s1tcr66n l6v480f0 j83agx80 btwxx1t3 i1fnvgqd pybr56ya d1544ag0 f10w8fjw c4f5jtg6\">\n<div class=\"bp9cbjyn j83agx80 jifvfom9\"><\/div>\n<\/div>\n<div>\n<div class=\"stjgntxs ni8dbmo4 l82x9zwi uo3d90p7 h905i5nu monazrh9\" data-visualcompletion=\"ignore-dynamic\">\n<div>\n<div>\n<div>\n<div class=\"tvfksri0 ozuftl9m\">\n<div class=\"rq0escxv l9j0dhe7 du4w35lb j83agx80 pfnyh3mw i1fnvgqd gs1a9yip owycx6da btwxx1t3 ph5uu5jm b3onmgus e5nlhep0 ecm0bbzt nkwizq5d roh60bw9 mysgfdmx hddg9phg\">\n<div class=\"rq0escxv l9j0dhe7 du4w35lb j83agx80 cbu4d94t d2edcug0 hpfvmrgz rj1gh0hx buofh1pr g5gj957u n8tt0mok hyh9befq iuny7tx3 ipjc6fyt\">\n<div class=\"oajrlxb2 gs1a9yip g5ia77u1 mtkw9kbi tlpljxtp qensuy8j ppp5ayq2 goun2846 ccm00jje s44p3ltw mk2mc5f4 rt8b4zig n8ej3o3l agehan2d sk4xxmp2 rq0escxv nhd2j8a9 mg4g778l pfnyh3mw p7hjln8o kvgmc6g5 cxmmr5t8 oygrvhab hcukyx3x tgvbjcpo hpfvmrgz jb3vyjys rz4wbd8a qt6c0cv9 a8nywdso l9j0dhe7 i1ao9s8h esuyzwwr du4w35lb n00je7tq arfg74bv qs9ysxi8 k77z8yql pq6dq46d btwxx1t3 abiwlrkh p8dawk7l lzcic4wl gokke00a\" tabindex=\"0\" role=\"button\" aria-label=\"Me gusta\">\n<div class=\"n00je7tq arfg74bv qs9ysxi8 k77z8yql i09qtzwb n7fi1qx3 b5wmifdl hzruof5a pmk7jnqg j9ispegn kr520xx4 c5ndavph art1omkt ot9fgl3s\" data-visualcompletion=\"ignore\"><\/div>\n<\/div>\n<div class=\"oajrlxb2 gs1a9yip g5ia77u1 mtkw9kbi tlpljxtp qensuy8j ppp5ayq2 goun2846 ccm00jje s44p3ltw mk2mc5f4 rt8b4zig n8ej3o3l agehan2d sk4xxmp2 rq0escxv nhd2j8a9 mg4g778l pfnyh3mw p7hjln8o kvgmc6g5 cxmmr5t8 oygrvhab hcukyx3x tgvbjcpo hpfvmrgz i1ao9s8h esuyzwwr du4w35lb n00je7tq arfg74bv qs9ysxi8 k77z8yql pq6dq46d btwxx1t3 abiwlrkh p8dawk7l lzcic4wl pphx12oy b4ylihy8 rz4wbd8a b40mr0ww a8nywdso hmalg0qr q45zohi1 g0aa4cga pmk7jnqg gokke00a\" tabindex=\"0\" role=\"button\" aria-label=\"Reaccionar\"><i class=\"hu5pjgll m6k467ps\" data-visualcompletion=\"css-img\"><\/i><\/p>\n<div class=\"n00je7tq arfg74bv qs9ysxi8 k77z8yql i09qtzwb n7fi1qx3 b5wmifdl hzruof5a pmk7jnqg j9ispegn kr520xx4 c5ndavph art1omkt ot9fgl3s\" data-visualcompletion=\"ignore\"><\/div>\n<\/div>\n<\/div>\n<\/div>\n<\/div>\n<\/div>\n<\/div>\n<div class=\"cwj9ozl2 tvmbv18p\"><\/div>\n<\/div>\n<\/div>\n<\/div>\n","protected":false},"excerpt":{"rendered":"<p>Desde este jueves hasta el pr\u00f3ximo s\u00e1bado 28 se desarrollar\u00e1 una capacitaci\u00f3n anual que brinda la Defensor\u00eda del Pueblo de la Ciudad de Paran\u00e1 a los m\u00e1s de 100 mediadores comunitarios que forman parte del Registro voluntario y ad honorem de la instituci\u00f3n. La Defensor\u00eda del Pueblo atiende m\u00e1s de 500 consultas y solicitudes de [&hellip;]<\/p>\n","protected":false},"author":2,"featured_media":2738,"comment_status":"open","ping_status":"open","sticky":false,"template":"","format":"standard","meta":{"om_disable_all_campaigns":false,"_monsterinsights_skip_tracking":false,"_monsterinsights_sitenote_active":false,"_monsterinsights_sitenote_note":"","_monsterinsights_sitenote_category":0},"categories":[1],"tags":[],"_links":{"self":[{"href":"https:\/\/defensoriaparana.com.ar\/index.php\/wp-json\/wp\/v2\/posts\/2737"}],"collection":[{"href":"https:\/\/defensoriaparana.com.ar\/index.php\/wp-json\/wp\/v2\/posts"}],"about":[{"href":"https:\/\/defensoriaparana.com.ar\/index.php\/wp-json\/wp\/v2\/types\/post"}],"author":[{"embeddable":true,"href":"https:\/\/defensoriaparana.com.ar\/index.php\/wp-json\/wp\/v2\/users\/2"}],"replies":[{"embeddable":true,"href":"https:\/\/defensoriaparana.com.ar\/index.php\/wp-json\/wp\/v2\/comments?post=2737"}],"version-history":[{"count":1,"href":"https:\/\/defensoriaparana.com.ar\/index.php\/wp-json\/wp\/v2\/posts\/2737\/revisions"}],"predecessor-version":[{"id":2739,"href":"https:\/\/defensoriaparana.com.ar\/index.php\/wp-json\/wp\/v2\/posts\/2737\/revisions\/2739"}],"wp:featuredmedia":[{"embeddable":true,"href":"https:\/\/defensoriaparana.com.ar\/index.php\/wp-json\/wp\/v2\/media\/2738"}],"wp:attachment":[{"href":"https:\/\/defensoriaparana.com.ar\/index.php\/wp-json\/wp\/v2\/media?parent=2737"}],"wp:term":[{"taxonomy":"category","embeddable":true,"href":"https:\/\/defensoriaparana.com.ar\/index.php\/wp-json\/wp\/v2\/categories?post=2737"},{"taxonomy":"post_tag","embeddable":true,"href":"https:\/\/defensoriaparana.com.ar\/index.php\/wp-json\/wp\/v2\/tags?post=2737"}],"curies":[{"name":"wp","href":"https:\/\/api.w.org\/{rel}","templated":true}]}}